{"id":41917,"date":"2014-01-14T09:41:35","date_gmt":"2014-01-14T12:41:35","guid":{"rendered":"http:\/\/www.eltrabajo.cl\/portal\/?p=41917"},"modified":"2014-01-14T09:41:35","modified_gmt":"2014-01-14T12:41:35","slug":"piscina-temperada-ya-esta-abierta-y-es-utilizada-por-ninos-y-organziaciones","status":"publish","type":"post","link":"https:\/\/eltrabajo.cl\/portal\/piscina-temperada-ya-esta-abierta-y-es-utilizada-por-ninos-y-organziaciones\/","title":{"rendered":"Piscina temperada ya est\u00e1 abierta y es utilizada por ni\u00f1os y organziaciones"},"content":{"rendered":"<figure id=\"attachment_41918\" aria-describedby=\"caption-attachment-41918\" style=\"width: 528px\" class=\"wp-caption alignnone\"><a href=\"https:\/\/i0.wp.com\/www.eltrabajo.cl\/portal\/wp-content\/uploads\/2014\/01\/archivo-piscina.jpg\"><img data-recalc-dims=\"1\" loading=\"lazy\" decoding=\"async\" class=\"size-full wp-image-41918\" title=\"La piscina temperada ya est\u00e1 operativa y muy pronto lo estar\u00e1 la antigua \u2018piscina grande\u2019 del Estadio Fiscal, en tanto la peque\u00f1a a\u00fan debe ser sometida a reparaciones.\" alt=\"La piscina temperada ya est\u00e1 operativa y muy pronto lo estar\u00e1 la antigua \u2018piscina grande\u2019 del Estadio Fiscal, en tanto la peque\u00f1a a\u00fan debe ser sometida a reparaciones.\" src=\"https:\/\/i0.wp.com\/www.eltrabajo.cl\/portal\/wp-content\/uploads\/2014\/01\/archivo-piscina.jpg?resize=528%2C354\" width=\"528\" height=\"354\" srcset=\"https:\/\/i0.wp.com\/eltrabajo.cl\/portal\/wp-content\/uploads\/2014\/01\/archivo-piscina.jpg?w=528&amp;ssl=1 528w, https:\/\/i0.wp.com\/eltrabajo.cl\/portal\/wp-content\/uploads\/2014\/01\/archivo-piscina.jpg?resize=200%2C134&amp;ssl=1 200w, https:\/\/i0.wp.com\/eltrabajo.cl\/portal\/wp-content\/uploads\/2014\/01\/archivo-piscina.jpg?resize=300%2C201&amp;ssl=1 300w, https:\/\/i0.wp.com\/eltrabajo.cl\/portal\/wp-content\/uploads\/2014\/01\/archivo-piscina.jpg?resize=150%2C100&amp;ssl=1 150w, https:\/\/i0.wp.com\/eltrabajo.cl\/portal\/wp-content\/uploads\/2014\/01\/archivo-piscina.jpg?resize=400%2C268&amp;ssl=1 400w\" sizes=\"auto, (max-width: 528px) 100vw, 528px\" \/><\/a><figcaption id=\"caption-attachment-41918\" class=\"wp-caption-text\">La piscina temperada ya est\u00e1 operativa y muy pronto lo estar\u00e1 la antigua \u2018piscina grande\u2019 del Estadio Fiscal, en tanto la peque\u00f1a a\u00fan debe ser sometida a reparaciones.<\/figcaption><\/figure>\n<p>Abierta al p\u00fablico y con actividades para instituciones y grupos organizados se encuentra la piscina temperada desde este lunes 13 de enero.<\/p>\n<p>As\u00ed lo dio a conocer el coordinador de Deportes, Danilo Pe\u00f1a, quien se\u00f1al\u00f3 que tambi\u00e9n comenzaron a realizarse los cursos de nataci\u00f3n, los que se est\u00e1n efectuando desde las 9 de la ma\u00f1ana y hasta las 13 horas, clases que est\u00e1n a cargo de tres profesores.<\/p>\n<p>Asimismo se est\u00e1n realizando las actividades de verano entretenido en el Estadio Fiscal, que entre las 12 y las 13 horas contemplan la utilizaci\u00f3n de la piscina de parte de los ni\u00f1os que participan de esta iniciativa.<\/p>\n<p>\u201cHacemos el llamado a toda la gente que quiera hacer uso de la piscina del estadio fiscal, la denominada temperada, que est\u00e1 abierta al p\u00fablico, pero a trav\u00e9s de las solicitudes de organizaciones en la oficina de Deportes. Ya hay solicitudes de algunas organizaciones comunitarias, por lo que ya comenzaron a hacer uso de las dependencias, hay dos clubes de nataci\u00f3n que est\u00e1n con sus entrenamientos en la misma pileta, por lo que es posible decir que la piscina est\u00e1 en uso actualmente\u201d, sostuvo Pe\u00f1a.<\/p>\n<p>En el caso de las piscinas m\u00e1s antiguas que se ubican en el estadio fiscal, la grande ya est\u00e1 pintada y deber\u00eda ser llenada en los pr\u00f3ximos d\u00edas, mientras que en la piscina m\u00e1s peque\u00f1a todav\u00eda contempla trabajos de reparaci\u00f3n por presentar algunas grietas.<\/p>\n<p>Es necesario recordar que ninguna de las piletas se encontraba en condiciones de ser utilizada, por distintos problemas en su estructura, ya que presentaban filtraciones, por lo que fue urgente realizar trabajos de reparaci\u00f3n, lo que sumado a la falta de agua debido a que los pozos del estadio fiscal se encontraban secos, produjeron la demora en la puesta en marcha de las instalaciones, ya que adem\u00e1s de arrastrarse esta situaci\u00f3n por a\u00f1os, no se contaba con ning\u00fan proyecto para su mejoramiento.<\/p>\n<p>&nbsp;<\/p>\n","protected":false},"excerpt":{"rendered":"<p>Abierta al p\u00fablico y con actividades para instituciones y grupos organizados se encuentra la piscina temperada desde este lunes 13 de enero. As\u00ed lo dio a conocer el coordinador de Deportes, Danilo&#8230;<\/p>\n","protected":false},"author":482,"featured_media":41918,"comment_status":"open","ping_status":"closed","sticky":false,"template":"","format":"standard","meta":{"advanced_seo_description":"","jetpack_seo_html_title":"","jetpack_seo_noindex":false,"_jetpack_memberships_contains_paid_content":false,"footnotes":""},"categories":[1],"tags":[],"class_list":["post-41917","post","type-post","status-publish","format-standard","has-post-thumbnail","hentry","category-cronica"],"jetpack_featured_media_url":"https:\/\/i0.wp.com\/eltrabajo.cl\/portal\/wp-content\/uploads\/2014\/01\/archivo-piscina.jpg?fit=528%2C354&ssl=1","jetpack_sharing_enabled":true,"jetpack_likes_enabled":true,"jetpack-related-posts":[],"_links":{"self":[{"href":"https:\/\/eltrabajo.cl\/portal\/wp-json\/wp\/v2\/posts\/41917","targetHints":{"allow":["GET"]}}],"collection":[{"href":"https:\/\/eltrabajo.cl\/portal\/wp-json\/wp\/v2\/posts"}],"about":[{"href":"https:\/\/eltrabajo.cl\/portal\/wp-json\/wp\/v2\/types\/post"}],"author":[{"embeddable":true,"href":"https:\/\/eltrabajo.cl\/portal\/wp-json\/wp\/v2\/users\/482"}],"replies":[{"embeddable":true,"href":"https:\/\/eltrabajo.cl\/portal\/wp-json\/wp\/v2\/comments?post=41917"}],"version-history":[{"count":0,"href":"https:\/\/eltrabajo.cl\/portal\/wp-json\/wp\/v2\/posts\/41917\/revisions"}],"wp:featuredmedia":[{"embeddable":true,"href":"https:\/\/eltrabajo.cl\/portal\/wp-json\/wp\/v2\/media\/41918"}],"wp:attachment":[{"href":"https:\/\/eltrabajo.cl\/portal\/wp-json\/wp\/v2\/media?parent=41917"}],"wp:term":[{"taxonomy":"category","embeddable":true,"href":"https:\/\/eltrabajo.cl\/portal\/wp-json\/wp\/v2\/categories?post=41917"},{"taxonomy":"post_tag","embeddable":true,"href":"https:\/\/eltrabajo.cl\/portal\/wp-json\/wp\/v2\/tags?post=41917"}],"curies":[{"name":"wp","href":"https:\/\/api.w.org\/{rel}","templated":true}]}}