{"id":41923,"date":"2014-01-14T09:45:05","date_gmt":"2014-01-14T12:45:05","guid":{"rendered":"http:\/\/www.eltrabajo.cl\/portal\/?p=41923"},"modified":"2014-01-14T09:45:05","modified_gmt":"2014-01-14T12:45:05","slug":"municipalidad-de-san-felipe-efectuo-positivo-balance-de-la-fiesta-de-la-chaya","status":"publish","type":"post","link":"https:\/\/eltrabajo.cl\/portal\/municipalidad-de-san-felipe-efectuo-positivo-balance-de-la-fiesta-de-la-chaya\/","title":{"rendered":"Municipalidad de San Felipe efectu\u00f3 positivo balance de la Fiesta de la Chaya"},"content":{"rendered":"<figure id=\"attachment_41924\" aria-describedby=\"caption-attachment-41924\" style=\"width: 529px\" class=\"wp-caption alignnone\"><a href=\"https:\/\/i0.wp.com\/www.eltrabajo.cl\/portal\/wp-content\/uploads\/2014\/01\/Sol-y-Lluvia.jpg\"><img data-recalc-dims=\"1\" loading=\"lazy\" decoding=\"async\" class=\"size-full wp-image-41924\" title=\"Sol y Lluvia fue uno de los grandes de la m\u00fasica que pas\u00f3 por el escenario de la Chaya sanfelipe\u00f1a. \" alt=\"Sol y Lluvia fue uno de los grandes de la m\u00fasica que pas\u00f3 por el escenario de la Chaya sanfelipe\u00f1a. \" src=\"https:\/\/i0.wp.com\/www.eltrabajo.cl\/portal\/wp-content\/uploads\/2014\/01\/Sol-y-Lluvia.jpg?resize=529%2C355\" width=\"529\" height=\"355\" srcset=\"https:\/\/i0.wp.com\/eltrabajo.cl\/portal\/wp-content\/uploads\/2014\/01\/Sol-y-Lluvia.jpg?w=529&amp;ssl=1 529w, https:\/\/i0.wp.com\/eltrabajo.cl\/portal\/wp-content\/uploads\/2014\/01\/Sol-y-Lluvia.jpg?resize=200%2C134&amp;ssl=1 200w, https:\/\/i0.wp.com\/eltrabajo.cl\/portal\/wp-content\/uploads\/2014\/01\/Sol-y-Lluvia.jpg?resize=300%2C201&amp;ssl=1 300w, https:\/\/i0.wp.com\/eltrabajo.cl\/portal\/wp-content\/uploads\/2014\/01\/Sol-y-Lluvia.jpg?resize=150%2C100&amp;ssl=1 150w, https:\/\/i0.wp.com\/eltrabajo.cl\/portal\/wp-content\/uploads\/2014\/01\/Sol-y-Lluvia.jpg?resize=400%2C268&amp;ssl=1 400w\" sizes=\"auto, (max-width: 529px) 100vw, 529px\" \/><\/a><figcaption id=\"caption-attachment-41924\" class=\"wp-caption-text\">Sol y Lluvia fue uno de los grandes de la m\u00fasica que pas\u00f3 por el escenario de la Chaya sanfelipe\u00f1a.<\/figcaption><\/figure>\n<p>Un positivo balance del Carnaval de la Chaya que se realiz\u00f3 entre el pasado 7 y el 11 de enero, efectu\u00f3 el encargado de Cultura de la municipalidad de San Felipe, Ricardo Ruiz Herrera, quien destac\u00f3 que la respuesta del p\u00fablico fue muy buena, al mismo tiempo que no se registraron mayores inconvenientes.<\/p>\n<figure id=\"attachment_41925\" aria-describedby=\"caption-attachment-41925\" style=\"width: 317px\" class=\"wp-caption alignright\"><a href=\"https:\/\/i0.wp.com\/www.eltrabajo.cl\/portal\/wp-content\/uploads\/2014\/01\/Ricardo-Ruiz.jpg\"><img data-recalc-dims=\"1\" loading=\"lazy\" decoding=\"async\" class=\" wp-image-41925 \" title=\"Ricardo Ruiz Herrera, destac\u00f3 el comportamiento del p\u00fablico en el marco de este carnaval que se realiz\u00f3 en la Plaza de Armas de San Felipe.\" alt=\"Ricardo Ruiz Herrera, destac\u00f3 el comportamiento del p\u00fablico en el marco de este carnaval que se realiz\u00f3 en la Plaza de Armas de San Felipe.\" src=\"https:\/\/i0.wp.com\/www.eltrabajo.cl\/portal\/wp-content\/uploads\/2014\/01\/Ricardo-Ruiz.jpg?resize=317%2C212\" width=\"317\" height=\"212\" srcset=\"https:\/\/i0.wp.com\/eltrabajo.cl\/portal\/wp-content\/uploads\/2014\/01\/Ricardo-Ruiz.jpg?w=529&amp;ssl=1 529w, https:\/\/i0.wp.com\/eltrabajo.cl\/portal\/wp-content\/uploads\/2014\/01\/Ricardo-Ruiz.jpg?resize=200%2C133&amp;ssl=1 200w, https:\/\/i0.wp.com\/eltrabajo.cl\/portal\/wp-content\/uploads\/2014\/01\/Ricardo-Ruiz.jpg?resize=300%2C200&amp;ssl=1 300w, https:\/\/i0.wp.com\/eltrabajo.cl\/portal\/wp-content\/uploads\/2014\/01\/Ricardo-Ruiz.jpg?resize=150%2C100&amp;ssl=1 150w, https:\/\/i0.wp.com\/eltrabajo.cl\/portal\/wp-content\/uploads\/2014\/01\/Ricardo-Ruiz.jpg?resize=400%2C266&amp;ssl=1 400w\" sizes=\"auto, (max-width: 317px) 100vw, 317px\" \/><\/a><figcaption id=\"caption-attachment-41925\" class=\"wp-caption-text\">Ricardo Ruiz Herrera, destac\u00f3 el comportamiento del p\u00fablico en el marco de este carnaval que se realiz\u00f3 en la Plaza de Armas de San Felipe.<\/figcaption><\/figure>\n<p>Seg\u00fan dijo Ruiz, este a\u00f1o por primera vez se dispuso la incorporaci\u00f3n de un patio de comidas y venta de cerveza, situaciones que no generaron problemas, ya que se tomaron los resguardos del caso, como es exigir a los vendedores de alimentos, el cumplimiento de la normativa sanitaria, as\u00ed como a los vendedores de cerveza, que se ajustaran a lo establecido en el permiso y no expendieran ese tipo de bebidas a menores de edad.<\/p>\n<p>\u201cEl balance es muy positivo, calculamos que en los cinco d\u00edas de carnaval circularon m\u00e1s de 20 mil personas, lo que nos hace estar muy contentos, porque se prepar\u00f3 esta fiesta con mucho cari\u00f1o, con harto esfuerzo, lo que fue recompensado por los sanfelipe\u00f1os y sanfelipe\u00f1as que nos acompa\u00f1aron y participaron\u201d, se\u00f1al\u00f3 Ricardo Ruiz Herrera.<\/p>\n<p>Destac\u00f3 adem\u00e1s que \u201ca la gente le gust\u00f3 el espect\u00e1culo que trajimos, con artistas de la talla de Sol y Lluvia, Difuntos Correa, Luis Dimas, Los Hermanos Zabaleta, adem\u00e1s de Alex\u00edtico y la Noche; en tanto que funcion\u00f3 un patio de comida, e incluso se vendi\u00f3 cerveza, lo que no gener\u00f3 ning\u00fan problema, lo que preocup\u00f3 en alg\u00fan momento a parte de la comunidad\u201d.<\/p>\n<p>Asimismo, el encargado de cultura se\u00f1al\u00f3 que por encargo del Alcalde Patricio Freire, se relev\u00f3 a los artistas locales, as\u00ed como a los talleres art\u00edsticos que desarrolla el municipio a lo largo del a\u00f1o, quienes pudieron mostrar su trabajo al p\u00fablico.<\/p>\n<p>Si bien uno de los temores que se plante\u00f3 en alg\u00fan minuto, dijo relaci\u00f3n con la seguridad de los asistentes, a prop\u00f3sito de la convocatoria multitudinaria en el sector de la Plaza de Armas, Ruiz se\u00f1al\u00f3 que se tomaron las medidas de resguardo y \u201cafortunadamente no se present\u00f3 ning\u00fan inconveniente ni episodio delincuencial que empa\u00f1ara esta fiesta de los sanfelipe\u00f1os\u201d.<\/p>\n","protected":false},"excerpt":{"rendered":"<p>Un positivo balance del Carnaval de la Chaya que se realiz\u00f3 entre el pasado 7 y el 11 de enero, efectu\u00f3 el encargado de Cultura de la municipalidad de San Felipe, Ricardo&#8230;<\/p>\n","protected":false},"author":482,"featured_media":41924,"comment_status":"open","ping_status":"closed","sticky":false,"template":"","format":"standard","meta":{"advanced_seo_description":"","jetpack_seo_html_title":"","jetpack_seo_noindex":false,"_jetpack_memberships_contains_paid_content":false,"footnotes":""},"categories":[1],"tags":[],"class_list":["post-41923","post","type-post","status-publish","format-standard","has-post-thumbnail","hentry","category-cronica"],"jetpack_featured_media_url":"https:\/\/i0.wp.com\/eltrabajo.cl\/portal\/wp-content\/uploads\/2014\/01\/Sol-y-Lluvia.jpg?fit=529%2C355&ssl=1","jetpack_sharing_enabled":true,"jetpack_likes_enabled":true,"jetpack-related-posts":[],"_links":{"self":[{"href":"https:\/\/eltrabajo.cl\/portal\/wp-json\/wp\/v2\/posts\/41923","targetHints":{"allow":["GET"]}}],"collection":[{"href":"https:\/\/eltrabajo.cl\/portal\/wp-json\/wp\/v2\/posts"}],"about":[{"href":"https:\/\/eltrabajo.cl\/portal\/wp-json\/wp\/v2\/types\/post"}],"author":[{"embeddable":true,"href":"https:\/\/eltrabajo.cl\/portal\/wp-json\/wp\/v2\/users\/482"}],"replies":[{"embeddable":true,"href":"https:\/\/eltrabajo.cl\/portal\/wp-json\/wp\/v2\/comments?post=41923"}],"version-history":[{"count":0,"href":"https:\/\/eltrabajo.cl\/portal\/wp-json\/wp\/v2\/posts\/41923\/revisions"}],"wp:featuredmedia":[{"embeddable":true,"href":"https:\/\/eltrabajo.cl\/portal\/wp-json\/wp\/v2\/media\/41924"}],"wp:attachment":[{"href":"https:\/\/eltrabajo.cl\/portal\/wp-json\/wp\/v2\/media?parent=41923"}],"wp:term":[{"taxonomy":"category","embeddable":true,"href":"https:\/\/eltrabajo.cl\/portal\/wp-json\/wp\/v2\/categories?post=41923"},{"taxonomy":"post_tag","embeddable":true,"href":"https:\/\/eltrabajo.cl\/portal\/wp-json\/wp\/v2\/tags?post=41923"}],"curies":[{"name":"wp","href":"https:\/\/api.w.org\/{rel}","templated":true}]}}