{"id":41929,"date":"2014-01-14T09:47:36","date_gmt":"2014-01-14T12:47:36","guid":{"rendered":"http:\/\/www.eltrabajo.cl\/portal\/?p=41929"},"modified":"2014-01-14T09:47:36","modified_gmt":"2014-01-14T12:47:36","slug":"corte-de-apelaciones-rechaza-recurso-presentado-por-3a-seccion-rio-aconcagua","status":"publish","type":"post","link":"https:\/\/eltrabajo.cl\/portal\/corte-de-apelaciones-rechaza-recurso-presentado-por-3a-seccion-rio-aconcagua\/","title":{"rendered":"Corte de Apelaciones rechaza recurso presentado por 3\u00aa secci\u00f3n R\u00edo Aconcagua"},"content":{"rendered":"<figure id=\"attachment_41930\" aria-describedby=\"caption-attachment-41930\" style=\"width: 529px\" class=\"wp-caption alignnone\"><a href=\"https:\/\/i0.wp.com\/www.eltrabajo.cl\/portal\/wp-content\/uploads\/2014\/01\/rio-aconcagua1.jpg\"><img data-recalc-dims=\"1\" loading=\"lazy\" decoding=\"async\" class=\"size-full wp-image-41930\" title=\"La Corte resolvi\u00f3 que el r\u00edo no es uno y est\u00e1 dividido en secciones a cargfo de juntas de vigilancia que son las responsables de administrar el agua que se les asign\u00f3 legalmente.\" alt=\"La Corte resolvi\u00f3 que el r\u00edo no es uno y est\u00e1 dividido en secciones a cargfo de juntas de vigilancia que son las responsables de administrar el agua que se les asign\u00f3 legalmente.\" src=\"https:\/\/i0.wp.com\/www.eltrabajo.cl\/portal\/wp-content\/uploads\/2014\/01\/rio-aconcagua1.jpg?resize=529%2C349\" width=\"529\" height=\"349\" srcset=\"https:\/\/i0.wp.com\/eltrabajo.cl\/portal\/wp-content\/uploads\/2014\/01\/rio-aconcagua1.jpg?w=529&amp;ssl=1 529w, https:\/\/i0.wp.com\/eltrabajo.cl\/portal\/wp-content\/uploads\/2014\/01\/rio-aconcagua1.jpg?resize=200%2C131&amp;ssl=1 200w, https:\/\/i0.wp.com\/eltrabajo.cl\/portal\/wp-content\/uploads\/2014\/01\/rio-aconcagua1.jpg?resize=300%2C197&amp;ssl=1 300w, https:\/\/i0.wp.com\/eltrabajo.cl\/portal\/wp-content\/uploads\/2014\/01\/rio-aconcagua1.jpg?resize=150%2C98&amp;ssl=1 150w, https:\/\/i0.wp.com\/eltrabajo.cl\/portal\/wp-content\/uploads\/2014\/01\/rio-aconcagua1.jpg?resize=400%2C263&amp;ssl=1 400w\" sizes=\"auto, (max-width: 529px) 100vw, 529px\" \/><\/a><figcaption id=\"caption-attachment-41930\" class=\"wp-caption-text\">La Corte resolvi\u00f3 que el r\u00edo no es uno y est\u00e1 dividido en secciones a cargfo de juntas de vigilancia que son las responsables de administrar el agua que se les asign\u00f3 legalmente.<\/figcaption><\/figure>\n<ul>\n<li><strong>Si bien hay una escasez de agua para los regantes de la zona, por a\u00f1os se ha evidenciado un aumento de hect\u00e1reas de riego por parte de la tercera secci\u00f3n.<\/strong><\/li>\n<\/ul>\n<p>La Corte de Apelaciones de Valpara\u00edso rechaz\u00f3 el recurso de protecci\u00f3n presentado por la tercera secci\u00f3n, el cual buscaba acusar a la primera secci\u00f3n de graves faltas, y a la Direcci\u00f3n General de Aguas (DGA) de no declarar la redistribuci\u00f3n de las aguas. Lo que no tuvo asidero legal.<\/p>\n<p>La corte concluy\u00f3 que el ejercicio de los derechos de aprovechamientos por parte de los titulares contin\u00faa sujet\u00e1ndose a las reglas generales preexistentes a la declaraci\u00f3n de zona de escasez, por lo que no es posible limitar el ejercicio de los derechos de aprovechamiento constituidos en la primera secci\u00f3n del r\u00edo Aconcagua, pues ello implicar\u00eda una afecci\u00f3n anticipada e inoportuna de su derecho de propiedad, consagrado constitucionalmente en el inciso final del articulo 19 N\u00ba24 de la Carta Fundamental.<\/p>\n<p>Dado la situaci\u00f3n de escasez que est\u00e1 viviendo dicha cuenca, la tercera secci\u00f3n ha se\u00f1alado en varias ocasiones que la primera estar\u00eda reteniendo agua, lo cual adem\u00e1s de ser falso, no tiene ning\u00fan asevero legal, ya que la ley establece que cada secci\u00f3n es responsable de la correcta administraci\u00f3n de sus aguas, ajust\u00e1ndose a sus capacidades, derechos y obligaciones.<\/p>\n<p>Dicha norma est\u00e1 establecida seg\u00fan lo dispuesto en el art\u00edculo 264 del C\u00f3digo de Agua, donde se reconoce el seccionamiento de los r\u00edos y la administraci\u00f3n de sus Juntas de Vigilancias, las cuales tienen la responsabilidad de distribuir el agua en forma independiente.<\/p>\n<p>En a\u00f1os anteriores, la DGA ha propiciado la suscripci\u00f3n de \u2018acuerdos\u2019 que han implicado que la primera secci\u00f3n entregue entre 24 a 36 horas de agua semanales a la tercera. Este a\u00f1o, la primera secci\u00f3n est\u00e1 abierta a asumir este tipo de acuerdo, pese a que se encuentra con declaraci\u00f3n de agotamiento, es decir, ya comprometida con los derechos de aprovechamiento reconocidos, constituidos y otorgados.<\/p>\n<p>En los a\u00f1os 2011 y 2012, la primera secci\u00f3n ha cumplido lo establecido, asumiendo un costo econ\u00f3mico equivalente a un 21,42% de su patrimonio, adem\u00e1s de tener que contratar cuadrillas para la apertura y cierre de compuertas durante los seis meses.<\/p>\n<p>Pese a esto, la tercera secci\u00f3n ha pedido, en reiteradas ocasiones, la intervenci\u00f3n del r\u00edo Aconcagua, situaci\u00f3n que la propia DGA ha se\u00f1alado que no amerita dado que existe caudal suficiente para cubrir la demanda de dicha secci\u00f3n.<\/p>\n<p>Intervenir el r\u00edo implica suspender las atribuciones de las Juntas de Vigilancia, como tambi\u00e9n los seccionamientos de las corrientes naturales que est\u00e9n comprendidas dentro de la zona de escasez. Al respecto, la DGA tiene la facultad -no el deber- de intervenir el r\u00edo como un sistema unitario, redistribuyendo las aguas a prorratas entre los titulares de derechos de aprovechamiento de aguas.<\/p>\n<p>Esto se podr\u00eda establecer s\u00f3lo despu\u00e9s de decretar escasez y si, adem\u00e1s no se llega a acuerdo entre las secciones, por un periodo de seis meses (desde que se declara el periodo de escasez), no prorrogable y con derecho a indemnizaci\u00f3n de parte del Estado.<\/p>\n<p>Hist\u00f3ricamente, este tipo de medidas se ha implementado pocas veces y est\u00e1 asociada a una cat\u00e1strofe humanitaria, muy diferente al escenario de hoy, donde hay una tercera secci\u00f3n que ha aumentado las plantaciones de paltos, necesitando m\u00e1s agua de la que realmente le corresponde y buscando abastecerse de otros.<\/p>\n<p>&nbsp;<\/p>\n","protected":false},"excerpt":{"rendered":"<p>Si bien hay una escasez de agua para los regantes de la zona, por a\u00f1os se ha evidenciado un aumento de hect\u00e1reas de riego por parte de la tercera secci\u00f3n. La Corte&#8230;<\/p>\n","protected":false},"author":482,"featured_media":41930,"comment_status":"open","ping_status":"closed","sticky":false,"template":"","format":"standard","meta":{"advanced_seo_description":"","jetpack_seo_html_title":"","jetpack_seo_noindex":false,"_jetpack_memberships_contains_paid_content":false,"footnotes":""},"categories":[1],"tags":[],"class_list":["post-41929","post","type-post","status-publish","format-standard","has-post-thumbnail","hentry","category-cronica"],"jetpack_featured_media_url":"https:\/\/i0.wp.com\/eltrabajo.cl\/portal\/wp-content\/uploads\/2014\/01\/rio-aconcagua1.jpg?fit=529%2C349&ssl=1","jetpack_sharing_enabled":true,"jetpack_likes_enabled":true,"jetpack-related-posts":[],"_links":{"self":[{"href":"https:\/\/eltrabajo.cl\/portal\/wp-json\/wp\/v2\/posts\/41929","targetHints":{"allow":["GET"]}}],"collection":[{"href":"https:\/\/eltrabajo.cl\/portal\/wp-json\/wp\/v2\/posts"}],"about":[{"href":"https:\/\/eltrabajo.cl\/portal\/wp-json\/wp\/v2\/types\/post"}],"author":[{"embeddable":true,"href":"https:\/\/eltrabajo.cl\/portal\/wp-json\/wp\/v2\/users\/482"}],"replies":[{"embeddable":true,"href":"https:\/\/eltrabajo.cl\/portal\/wp-json\/wp\/v2\/comments?post=41929"}],"version-history":[{"count":0,"href":"https:\/\/eltrabajo.cl\/portal\/wp-json\/wp\/v2\/posts\/41929\/revisions"}],"wp:featuredmedia":[{"embeddable":true,"href":"https:\/\/eltrabajo.cl\/portal\/wp-json\/wp\/v2\/media\/41930"}],"wp:attachment":[{"href":"https:\/\/eltrabajo.cl\/portal\/wp-json\/wp\/v2\/media?parent=41929"}],"wp:term":[{"taxonomy":"category","embeddable":true,"href":"https:\/\/eltrabajo.cl\/portal\/wp-json\/wp\/v2\/categories?post=41929"},{"taxonomy":"post_tag","embeddable":true,"href":"https:\/\/eltrabajo.cl\/portal\/wp-json\/wp\/v2\/tags?post=41929"}],"curies":[{"name":"wp","href":"https:\/\/api.w.org\/{rel}","templated":true}]}}