{"id":41932,"date":"2014-01-14T09:52:14","date_gmt":"2014-01-14T12:52:14","guid":{"rendered":"http:\/\/www.eltrabajo.cl\/portal\/?p=41932"},"modified":"2014-01-14T09:52:14","modified_gmt":"2014-01-14T12:52:14","slug":"catemu-ya-no-soporta-mal-olor-causado-aparentemente-por-guano-de-pavo","status":"publish","type":"post","link":"https:\/\/eltrabajo.cl\/portal\/catemu-ya-no-soporta-mal-olor-causado-aparentemente-por-guano-de-pavo\/","title":{"rendered":"Catemu ya no soporta mal olor causado aparentemente por guano de pavo"},"content":{"rendered":"<figure id=\"attachment_41933\" aria-describedby=\"caption-attachment-41933\" style=\"width: 528px\" class=\"wp-caption alignnone\"><a href=\"https:\/\/i0.wp.com\/www.eltrabajo.cl\/portal\/wp-content\/uploads\/2014\/01\/guano-de-pavo.jpg\"><img data-recalc-dims=\"1\" loading=\"lazy\" decoding=\"async\" class=\"size-full wp-image-41933\" title=\"El manejo inadecuado del guano de pavo produce fermentaci\u00f3n y dispersi\u00f3n de los gases emanados.\" alt=\"El manejo inadecuado del guano de pavo produce fermentaci\u00f3n y dispersi\u00f3n de los gases emanados.\" src=\"https:\/\/i0.wp.com\/www.eltrabajo.cl\/portal\/wp-content\/uploads\/2014\/01\/guano-de-pavo.jpg?resize=528%2C397\" width=\"528\" height=\"397\" srcset=\"https:\/\/i0.wp.com\/eltrabajo.cl\/portal\/wp-content\/uploads\/2014\/01\/guano-de-pavo.jpg?w=528&amp;ssl=1 528w, https:\/\/i0.wp.com\/eltrabajo.cl\/portal\/wp-content\/uploads\/2014\/01\/guano-de-pavo.jpg?resize=200%2C150&amp;ssl=1 200w, https:\/\/i0.wp.com\/eltrabajo.cl\/portal\/wp-content\/uploads\/2014\/01\/guano-de-pavo.jpg?resize=300%2C225&amp;ssl=1 300w, https:\/\/i0.wp.com\/eltrabajo.cl\/portal\/wp-content\/uploads\/2014\/01\/guano-de-pavo.jpg?resize=150%2C112&amp;ssl=1 150w, https:\/\/i0.wp.com\/eltrabajo.cl\/portal\/wp-content\/uploads\/2014\/01\/guano-de-pavo.jpg?resize=400%2C300&amp;ssl=1 400w\" sizes=\"auto, (max-width: 528px) 100vw, 528px\" \/><\/a><figcaption id=\"caption-attachment-41933\" class=\"wp-caption-text\">El manejo inadecuado del guano de pavo produce fermentaci\u00f3n y dispersi\u00f3n de los gases emanados.<\/figcaption><\/figure>\n<p>Insoportable se ha tornado el aire que respiran los vecinos de la comuna de Catemu, donde se atribuye esta situaci\u00f3n a la aplicaci\u00f3n de guano de pavo en un predio agr\u00edcola, afectando principalmente a los vecinos del sector central, Villa Cardenal Silva Henr\u00edquez, San Carlos y El Array\u00e1n.<\/p>\n<figure id=\"attachment_41934\" aria-describedby=\"caption-attachment-41934\" style=\"width: 317px\" class=\"wp-caption alignright\"><a href=\"https:\/\/i0.wp.com\/www.eltrabajo.cl\/portal\/wp-content\/uploads\/2014\/01\/Claudio-Nunez.jpg\"><img data-recalc-dims=\"1\" loading=\"lazy\" decoding=\"async\" class=\" wp-image-41934 \" title=\"El concejal Claudio N\u00fa\u00f1ez hizo la denuncia a la Autoridad Sanitaria por los malos olores en Catemu.\" alt=\"El concejal Claudio N\u00fa\u00f1ez hizo la denuncia a la Autoridad Sanitaria por los malos olores en Catemu.\" src=\"https:\/\/i0.wp.com\/www.eltrabajo.cl\/portal\/wp-content\/uploads\/2014\/01\/Claudio-Nunez.jpg?resize=317%2C277\" width=\"317\" height=\"277\" srcset=\"https:\/\/i0.wp.com\/eltrabajo.cl\/portal\/wp-content\/uploads\/2014\/01\/Claudio-Nunez.jpg?w=529&amp;ssl=1 529w, https:\/\/i0.wp.com\/eltrabajo.cl\/portal\/wp-content\/uploads\/2014\/01\/Claudio-Nunez.jpg?resize=171%2C150&amp;ssl=1 171w, https:\/\/i0.wp.com\/eltrabajo.cl\/portal\/wp-content\/uploads\/2014\/01\/Claudio-Nunez.jpg?resize=300%2C262&amp;ssl=1 300w, https:\/\/i0.wp.com\/eltrabajo.cl\/portal\/wp-content\/uploads\/2014\/01\/Claudio-Nunez.jpg?resize=150%2C131&amp;ssl=1 150w, https:\/\/i0.wp.com\/eltrabajo.cl\/portal\/wp-content\/uploads\/2014\/01\/Claudio-Nunez.jpg?resize=400%2C349&amp;ssl=1 400w\" sizes=\"auto, (max-width: 317px) 100vw, 317px\" \/><\/a><figcaption id=\"caption-attachment-41934\" class=\"wp-caption-text\">El concejal Claudio N\u00fa\u00f1ez hizo la denuncia a la Autoridad Sanitaria por los malos olores en Catemu.<\/figcaption><\/figure>\n<p>Seg\u00fan se ha conocido a trav\u00e9s de las redes sociales, entre el mi\u00e9rcoles y el jueves fueron depositadas en un predio agr\u00edcola del sector San Carlos, varias camionadas de guano de pavo, el que es utilizado como abono org\u00e1nico para este recinto.<\/p>\n<p>Esta situaci\u00f3n, que al parecer no fue controlada ni desarrollada bajo los est\u00e1ndares medioambientales correspondientes, deriv\u00f3 en que comenzara a emanar un fuerte y desagradable olor, que ha invadido a gran parte de la comuna, generando una comprensible molestia entre los vecinos de las localidades antes mencionadas.<\/p>\n<p>El sitio web Catemu Noticias, asever\u00f3 que fueron los propios vecinos de Villa Cardenal Silva Henr\u00edquez quienes denunciaron esta situaci\u00f3n a la municipalidad de Catemu.<\/p>\n<p>El concejal PPD Claudio N\u00fa\u00f1ez, visit\u00f3 la Villa Cardenal Silva Henr\u00edquez, donde luego de corroborar la informaci\u00f3n que entregaron los vecinos tom\u00f3 contacto con la jefa de la Seremi de Salud Oficina Provincial Aconcagua, ingresando formalmente una solicitud de fiscalizaci\u00f3n a la aplicaci\u00f3n del guano, la que fue acogida inmediatamente con el rol de tr\u00e1mite 1485306 de la Seremi de Salud.<\/p>\n<p>\u201cEsta es la cuarta solicitud que realizo en la Autoridad Sanitaria para fiscalizar la aplicaci\u00f3n de guano de pavo en predios agr\u00edcolas de nuestra comuna. Existe un protocolo o norma que indica como debe ser aplicado el guano de pavo, para evitar el impacto de los malos olores en la comunidad m\u00e1s cercana a los predios agr\u00edcolas donde se aplica este abono org\u00e1nico. Lamentablemente en esta ocasi\u00f3n los olores han sido muy penetrantes, incluso me atrevo a decir que ha existido una irresponsabilidad del empresario agr\u00edcola, considerando que inmediatamente a un costado del predio viven centenares de vecinos, en las villas existentes en el lugar y en los sectores de San Carlos y El Array\u00e1n\u201d, se\u00f1al\u00f3 el concejal.<\/p>\n<p>Agreg\u00f3 que \u201csi existe una mala aplicaci\u00f3n del guano de pavo y se comprueba un incumplimiento de la normativa vigente, es la fiscalizaci\u00f3n de la Seremi de Salud o Autoridad Sanitaria en el marco de sus atribuciones legales la que debe sancionar al responsable, es por eso que la denuncia la hicimos en la Seremi el mismo d\u00eda en que se estaba aplicando el guano en el predio agr\u00edcola\u201d.<\/p>\n<p>Es preciso consignar que el guano de pavo es un subproducto animal legal y autorizado para ser utilizado como fertilizante org\u00e1nico en la agricultura. Sin embargo, deben cuidarse las condiciones de acopio, temperatura, humedad y exposici\u00f3n al viento, puesto que el manejo inadecuado produce fermentaci\u00f3n y dispersi\u00f3n de los gases emanados.<\/p>\n<p>&nbsp;<\/p>\n","protected":false},"excerpt":{"rendered":"<p>Insoportable se ha tornado el aire que respiran los vecinos de la comuna de Catemu, donde se atribuye esta situaci\u00f3n a la aplicaci\u00f3n de guano de pavo en un predio agr\u00edcola, afectando&#8230;<\/p>\n","protected":false},"author":482,"featured_media":41933,"comment_status":"open","ping_status":"closed","sticky":false,"template":"","format":"standard","meta":{"advanced_seo_description":"","jetpack_seo_html_title":"","jetpack_seo_noindex":false,"_jetpack_memberships_contains_paid_content":false,"footnotes":""},"categories":[1],"tags":[],"class_list":["post-41932","post","type-post","status-publish","format-standard","has-post-thumbnail","hentry","category-cronica"],"jetpack_featured_media_url":"https:\/\/i0.wp.com\/eltrabajo.cl\/portal\/wp-content\/uploads\/2014\/01\/guano-de-pavo.jpg?fit=528%2C397&ssl=1","jetpack_sharing_enabled":true,"jetpack_likes_enabled":true,"jetpack-related-posts":[],"_links":{"self":[{"href":"https:\/\/eltrabajo.cl\/portal\/wp-json\/wp\/v2\/posts\/41932","targetHints":{"allow":["GET"]}}],"collection":[{"href":"https:\/\/eltrabajo.cl\/portal\/wp-json\/wp\/v2\/posts"}],"about":[{"href":"https:\/\/eltrabajo.cl\/portal\/wp-json\/wp\/v2\/types\/post"}],"author":[{"embeddable":true,"href":"https:\/\/eltrabajo.cl\/portal\/wp-json\/wp\/v2\/users\/482"}],"replies":[{"embeddable":true,"href":"https:\/\/eltrabajo.cl\/portal\/wp-json\/wp\/v2\/comments?post=41932"}],"version-history":[{"count":0,"href":"https:\/\/eltrabajo.cl\/portal\/wp-json\/wp\/v2\/posts\/41932\/revisions"}],"wp:featuredmedia":[{"embeddable":true,"href":"https:\/\/eltrabajo.cl\/portal\/wp-json\/wp\/v2\/media\/41933"}],"wp:attachment":[{"href":"https:\/\/eltrabajo.cl\/portal\/wp-json\/wp\/v2\/media?parent=41932"}],"wp:term":[{"taxonomy":"category","embeddable":true,"href":"https:\/\/eltrabajo.cl\/portal\/wp-json\/wp\/v2\/categories?post=41932"},{"taxonomy":"post_tag","embeddable":true,"href":"https:\/\/eltrabajo.cl\/portal\/wp-json\/wp\/v2\/tags?post=41932"}],"curies":[{"name":"wp","href":"https:\/\/api.w.org\/{rel}","templated":true}]}}