{"id":41937,"date":"2014-01-14T09:53:18","date_gmt":"2014-01-14T12:53:18","guid":{"rendered":"http:\/\/www.eltrabajo.cl\/portal\/?p=41937"},"modified":"2014-01-14T09:53:18","modified_gmt":"2014-01-14T12:53:18","slug":"proyectos-por-mas-de-1-100-millones-de-pesos-licitara-municipio-de-san-felipe","status":"publish","type":"post","link":"https:\/\/eltrabajo.cl\/portal\/proyectos-por-mas-de-1-100-millones-de-pesos-licitara-municipio-de-san-felipe\/","title":{"rendered":"Proyectos por m\u00e1s de 1.100 millones de pesos licitar\u00e1 municipio de San Felipe"},"content":{"rendered":"<figure id=\"attachment_41938\" aria-describedby=\"caption-attachment-41938\" style=\"width: 317px\" class=\"wp-caption alignleft\"><a href=\"https:\/\/i0.wp.com\/www.eltrabajo.cl\/portal\/wp-content\/uploads\/2014\/01\/Alcalde-Patricio-Freire.jpg\"><img data-recalc-dims=\"1\" loading=\"lazy\" decoding=\"async\" class=\" wp-image-41938 \" title=\"El alcalde Patricio Freire destac\u00f3 que se espera en breve plazo, iniciar la ejecuci\u00f3n de estos proyectos de inversi\u00f3n.\" alt=\"El alcalde Patricio Freire destac\u00f3 que se espera en breve plazo, iniciar la ejecuci\u00f3n de estos proyectos de inversi\u00f3n.\" src=\"https:\/\/i0.wp.com\/www.eltrabajo.cl\/portal\/wp-content\/uploads\/2014\/01\/Alcalde-Patricio-Freire.jpg?resize=317%2C212\" width=\"317\" height=\"212\" srcset=\"https:\/\/i0.wp.com\/eltrabajo.cl\/portal\/wp-content\/uploads\/2014\/01\/Alcalde-Patricio-Freire.jpg?w=529&amp;ssl=1 529w, https:\/\/i0.wp.com\/eltrabajo.cl\/portal\/wp-content\/uploads\/2014\/01\/Alcalde-Patricio-Freire.jpg?resize=200%2C133&amp;ssl=1 200w, https:\/\/i0.wp.com\/eltrabajo.cl\/portal\/wp-content\/uploads\/2014\/01\/Alcalde-Patricio-Freire.jpg?resize=300%2C200&amp;ssl=1 300w, https:\/\/i0.wp.com\/eltrabajo.cl\/portal\/wp-content\/uploads\/2014\/01\/Alcalde-Patricio-Freire.jpg?resize=150%2C100&amp;ssl=1 150w, https:\/\/i0.wp.com\/eltrabajo.cl\/portal\/wp-content\/uploads\/2014\/01\/Alcalde-Patricio-Freire.jpg?resize=400%2C266&amp;ssl=1 400w\" sizes=\"auto, (max-width: 317px) 100vw, 317px\" \/><\/a><figcaption id=\"caption-attachment-41938\" class=\"wp-caption-text\">El alcalde Patricio Freire destac\u00f3 que se espera en breve plazo, iniciar la ejecuci\u00f3n de estos proyectos de inversi\u00f3n.<\/figcaption><\/figure>\n<p>Esta semana la municipalidad de San Felipe realizar\u00e1 el proceso de licitaci\u00f3n de tres importantes proyectos de desarrollo de la ciudad, entre los cuales destaca el mejoramiento del sistema de alumbrado p\u00fablico por la suma de 750 millones de pesos.<\/p>\n<p>La informaci\u00f3n la entreg\u00f3 el Alcalde Patricio Freire, quien manifest\u00f3 que estas tres iniciativas forman parte de la cartera de proyectos aprobada en octubre pasado por el Consejo Regional y tienen financiamiento del Fondo Nacional de Desarrollo Regional.<\/p>\n<p>De esta manera, destaca el proyecto de mejoramiento y ampliaci\u00f3n del sistema de alumbrado p\u00fablico, con una inversi\u00f3n de 750 millones de pesos, que permitir\u00e1 el recambio e incorporaci\u00f3n de un total de mil 800 nuevas luminarias.<\/p>\n<p>Asimismo, figura el proyecto de mejoramiento del gimnasio del Liceo de Ni\u00f1as Corina Urbina, una iniciativa muy anhelada por la comunidad educativa de ese establecimiento, la que por a\u00f1os ha esperado una inyecci\u00f3n de recursos que permita contar con una mejor infraestructura deportiva.<\/p>\n<p>De igual manera se encuentra un proyecto que si bien es de menor valor (8 millones de pesos) reviste suma importancia, ya que se trata del dise\u00f1o de la calle Benigno Caldera.<\/p>\n<p>En este \u00faltimo caso, el alcalde Freire se\u00f1al\u00f3 que \u201cse har\u00e1 el dise\u00f1o nuevo de esta calle, que es muy importante para la conectividad de la ciudad de San Felipe\u201d.<\/p>\n<p>El alcalde se\u00f1al\u00f3 que a esto se suma la licitaci\u00f3n de 14 puntos con m\u00e1quinas de ejercicios en la comuna.<\/p>\n<p>Destac\u00f3 que entre los proyectos que fueron aprobados de 2013 y aquellos que vienen para 2014, totalizan una inversi\u00f3n de 3 mil 800 millones de pesos, un monto de dinero que marca un hito en la gesti\u00f3n municipal que \u00e9l encabeza.<\/p>\n<p>&nbsp;<\/p>\n<p><strong>POZOS PARA ESTADIOS<\/strong><\/p>\n<p>Para este martes, en tanto, el Alcalde Freire confirm\u00f3 que est\u00e1 programada la visita de personeros de la Direcci\u00f3n Regional de Obras Hidr\u00e1ulicas, con quienes el municipio firmar\u00e1 el convenio para la profundizaci\u00f3n de los pozos (actuales norias) de los Estadios Municipal y Fiscal, as\u00ed como de la Plaza de Armas.<\/p>\n<p>\u201cVan a dejar de ser norias y pasar\u00e1n a ser pozos. Nos vamos a poner pantalones largos, ya que adem\u00e1s estos pozos servir\u00e1n de referencia en relaci\u00f3n a los pozos de Curim\u00f3n. Esto ser\u00e1 un gran alivio para los dos estadios y la Plaza de Armas, que tendr\u00e1n agua de nuestra cuenca\u201d, puntualiz\u00f3 el alcalde Patricio Freire.<\/p>\n<p>&nbsp;<\/p>\n","protected":false},"excerpt":{"rendered":"<p>Esta semana la municipalidad de San Felipe realizar\u00e1 el proceso de licitaci\u00f3n de tres importantes proyectos de desarrollo de la ciudad, entre los cuales destaca el mejoramiento del sistema de alumbrado p\u00fablico&#8230;<\/p>\n","protected":false},"author":482,"featured_media":41938,"comment_status":"open","ping_status":"closed","sticky":false,"template":"","format":"standard","meta":{"advanced_seo_description":"","jetpack_seo_html_title":"","jetpack_seo_noindex":false,"_jetpack_memberships_contains_paid_content":false,"footnotes":""},"categories":[1],"tags":[],"class_list":["post-41937","post","type-post","status-publish","format-standard","has-post-thumbnail","hentry","category-cronica"],"jetpack_featured_media_url":"https:\/\/i0.wp.com\/eltrabajo.cl\/portal\/wp-content\/uploads\/2014\/01\/Alcalde-Patricio-Freire.jpg?fit=529%2C353&ssl=1","jetpack_sharing_enabled":true,"jetpack_likes_enabled":true,"jetpack-related-posts":[],"_links":{"self":[{"href":"https:\/\/eltrabajo.cl\/portal\/wp-json\/wp\/v2\/posts\/41937","targetHints":{"allow":["GET"]}}],"collection":[{"href":"https:\/\/eltrabajo.cl\/portal\/wp-json\/wp\/v2\/posts"}],"about":[{"href":"https:\/\/eltrabajo.cl\/portal\/wp-json\/wp\/v2\/types\/post"}],"author":[{"embeddable":true,"href":"https:\/\/eltrabajo.cl\/portal\/wp-json\/wp\/v2\/users\/482"}],"replies":[{"embeddable":true,"href":"https:\/\/eltrabajo.cl\/portal\/wp-json\/wp\/v2\/comments?post=41937"}],"version-history":[{"count":0,"href":"https:\/\/eltrabajo.cl\/portal\/wp-json\/wp\/v2\/posts\/41937\/revisions"}],"wp:featuredmedia":[{"embeddable":true,"href":"https:\/\/eltrabajo.cl\/portal\/wp-json\/wp\/v2\/media\/41938"}],"wp:attachment":[{"href":"https:\/\/eltrabajo.cl\/portal\/wp-json\/wp\/v2\/media?parent=41937"}],"wp:term":[{"taxonomy":"category","embeddable":true,"href":"https:\/\/eltrabajo.cl\/portal\/wp-json\/wp\/v2\/categories?post=41937"},{"taxonomy":"post_tag","embeddable":true,"href":"https:\/\/eltrabajo.cl\/portal\/wp-json\/wp\/v2\/tags?post=41937"}],"curies":[{"name":"wp","href":"https:\/\/api.w.org\/{rel}","templated":true}]}}