{"id":41944,"date":"2014-01-14T09:58:17","date_gmt":"2014-01-14T12:58:17","guid":{"rendered":"http:\/\/www.eltrabajo.cl\/portal\/?p=41944"},"modified":"2014-01-14T09:58:17","modified_gmt":"2014-01-14T12:58:17","slug":"gobernadora-coordina-con-municipio-entrega-de-agua-a-vecinos-de-casablanca","status":"publish","type":"post","link":"https:\/\/eltrabajo.cl\/portal\/gobernadora-coordina-con-municipio-entrega-de-agua-a-vecinos-de-casablanca\/","title":{"rendered":"Gobernadora coordina con municipio entrega de agua a vecinos de Casablanca"},"content":{"rendered":"<figure id=\"attachment_41945\" aria-describedby=\"caption-attachment-41945\" style=\"width: 317px\" class=\"wp-caption alignleft\"><a href=\"https:\/\/i0.wp.com\/www.eltrabajo.cl\/portal\/wp-content\/uploads\/2014\/01\/Gobernadora.jpg\"><img data-recalc-dims=\"1\" loading=\"lazy\" decoding=\"async\" class=\" wp-image-41945 \" title=\"La gobernadora Patricia Boffa record\u00f3 que el problema de agua potable en Los Patos y Casablanca se arrastra de la \u00e9poca en que Guillermo Reyes era gobernador.\" alt=\"La gobernadora Patricia Boffa record\u00f3 que el problema de agua potable en Los Patos y Casablanca se arrastra de la \u00e9poca en que Guillermo Reyes era gobernador.\" src=\"https:\/\/i0.wp.com\/www.eltrabajo.cl\/portal\/wp-content\/uploads\/2014\/01\/Gobernadora.jpg?resize=317%2C238\" width=\"317\" height=\"238\" srcset=\"https:\/\/i0.wp.com\/eltrabajo.cl\/portal\/wp-content\/uploads\/2014\/01\/Gobernadora.jpg?w=528&amp;ssl=1 528w, https:\/\/i0.wp.com\/eltrabajo.cl\/portal\/wp-content\/uploads\/2014\/01\/Gobernadora.jpg?resize=200%2C150&amp;ssl=1 200w, https:\/\/i0.wp.com\/eltrabajo.cl\/portal\/wp-content\/uploads\/2014\/01\/Gobernadora.jpg?resize=300%2C225&amp;ssl=1 300w, https:\/\/i0.wp.com\/eltrabajo.cl\/portal\/wp-content\/uploads\/2014\/01\/Gobernadora.jpg?resize=150%2C112&amp;ssl=1 150w, https:\/\/i0.wp.com\/eltrabajo.cl\/portal\/wp-content\/uploads\/2014\/01\/Gobernadora.jpg?resize=400%2C300&amp;ssl=1 400w\" sizes=\"auto, (max-width: 317px) 100vw, 317px\" \/><\/a><figcaption id=\"caption-attachment-41945\" class=\"wp-caption-text\">La gobernadora Patricia Boffa record\u00f3 que el problema de agua potable en Los Patos y Casablanca se arrastra de la \u00e9poca en que Guillermo Reyes era gobernador.<\/figcaption><\/figure>\n<ul>\n<li><strong>Autoridad provincial critic\u00f3 duramente al alcalde de la comuna de Putaendo por cuestionar su repartici\u00f3n y la DOH, a prop\u00f3sito de un problema social que seg\u00fan asever\u00f3, se arrastra de 1997, cuando Reyes era gobernador de San Felipe.<\/strong><\/li>\n<\/ul>\n<p>La gobernadora provincial de San Felipe, Patricia Boffa Casas, asever\u00f3 que desde el viernes pasado se ha estado haciendo entrega de agua, comprada por la entidad que ella encabeza, para los vecinos del sector de Casablanca, quienes est\u00e1n enfrentando un duro momento de escasez h\u00eddrica, lo que les ha llevado incluso a acudir a un torrentoso canal para proveerse.<\/p>\n<figure id=\"attachment_41946\" aria-describedby=\"caption-attachment-41946\" style=\"width: 423px\" class=\"wp-caption alignright\"><a href=\"https:\/\/i0.wp.com\/www.eltrabajo.cl\/portal\/wp-content\/uploads\/2014\/01\/Casablanca11.jpg\"><img data-recalc-dims=\"1\" loading=\"lazy\" decoding=\"async\" class=\" wp-image-41946 \" title=\"Pese a la entrega de agua, tal parece que esta no es suficiente, ya que los vecinos se arriesgan e ingresan a un torrentoso canal para proveerse del vital elemento.\" alt=\"Pese a la entrega de agua, tal parece que esta no es suficiente, ya que los vecinos se arriesgan e ingresan a un torrentoso canal para proveerse del vital elemento.\" src=\"https:\/\/i0.wp.com\/www.eltrabajo.cl\/portal\/wp-content\/uploads\/2014\/01\/Casablanca11.jpg?resize=423%2C282\" width=\"423\" height=\"282\" srcset=\"https:\/\/i0.wp.com\/eltrabajo.cl\/portal\/wp-content\/uploads\/2014\/01\/Casablanca11.jpg?w=529&amp;ssl=1 529w, https:\/\/i0.wp.com\/eltrabajo.cl\/portal\/wp-content\/uploads\/2014\/01\/Casablanca11.jpg?resize=200%2C133&amp;ssl=1 200w, https:\/\/i0.wp.com\/eltrabajo.cl\/portal\/wp-content\/uploads\/2014\/01\/Casablanca11.jpg?resize=300%2C200&amp;ssl=1 300w, https:\/\/i0.wp.com\/eltrabajo.cl\/portal\/wp-content\/uploads\/2014\/01\/Casablanca11.jpg?resize=150%2C100&amp;ssl=1 150w, https:\/\/i0.wp.com\/eltrabajo.cl\/portal\/wp-content\/uploads\/2014\/01\/Casablanca11.jpg?resize=400%2C266&amp;ssl=1 400w\" sizes=\"auto, (max-width: 423px) 100vw, 423px\" \/><\/a><figcaption id=\"caption-attachment-41946\" class=\"wp-caption-text\">Pese a la entrega de agua, tal parece que esta no es suficiente, ya que los vecinos se arriesgan e ingresan a un torrentoso canal para proveerse del vital elemento.<\/figcaption><\/figure>\n<p>Seg\u00fan dijo la autoridad provincial, el sistema rural de agua potable de Casablanca y Los Patos, posee una captaci\u00f3n com\u00fan, la que corresponde al canal El Chalaco que se abastece del estero del mismo nombre. Precis\u00f3 que el estero ha bajado su caudal, lo que ha significado un problema de abastecimiento para ambas localidades, por lo que los vecinos de Los Patos cortaron el sistema a favor de Casablanca, ya que los primeros no tienen c\u00f3mo abastecerse.<\/p>\n<p>\u201cPor este motivo, hemos estado en coordinaci\u00f3n con la municipalidad de Putaendo, que es el organismo que va en primera ayuda en emergencia, donde nosotros los hemos estado abasteciendo del agua y ellos poniendo los camiones aljibes para llenar la copa de agua del sector Casablanca, a objeto que los vecinos puedan abastecerse\u201d, se\u00f1al\u00f3 la gobernadora Boffa.<\/p>\n<p>Asimismo, dijo que se ha estado coordinando con Bomberos de la comuna, a fin de que sus voluntarios realicen la distribuci\u00f3n de agua a los vecinos que no han logrado abastecerse del vital elemento.<\/p>\n<p>Precis\u00f3 la gobernadora que durante estos d\u00edas ha estado personal de la Gobernaci\u00f3n y de la Direcci\u00f3n de Obras Hidr\u00e1ulicas en los sectores de Los Patos y Casablanca, tratando de solucionar este tema. A\u00f1adi\u00f3 que \u201chemos hecho llamados a la DOH y al Seremi de Obras P\u00fablicas, as\u00ed como al director nacional de Obras Hidr\u00e1ulicas, porque creemos que hay que hacer una obra importante y definitiva, considerando que el APR de Los Patos nunca qued\u00f3 al cien por ciento funcionando\u201d.<\/p>\n<p>En este sentido, la autoridad dijo que \u201cme sumo a la molestia de los vecinos de este sector, pero hemos estado ah\u00ed, hemos estado en coordinaciones, hemos estado mandando el agua y la Gobernaci\u00f3n ha puesto a disposici\u00f3n del municipio el agua que sea necesaria para los vecinos\u201d.<\/p>\n<p>A\u00f1adi\u00f3 que la gobernaci\u00f3n ha solicitado a la Onemi la entrega de recursos por 6 millones de pesos para la compra de agua que permita abastecer a los sectores que lo necesiten.<\/p>\n<p>&nbsp;<\/p>\n<p><strong>RESPONDE A CR\u00cdTICAS<\/strong><\/p>\n<p>Consultada la autoridad provincial por las cr\u00edticas formuladas por el alcalde de la comuna, en cuanto al cero compromiso de la gobernaci\u00f3n provincial y la DOH con los m\u00e1s pobres, la gobernadora Boffa manifest\u00f3 que le llama la atenci\u00f3n que una vez m\u00e1s el jefe comunal realice cuestionamientos, m\u00e1s a\u00fan considerando que este problema no es nuevo.<\/p>\n<p>\u201cEl APR de Los Patos tuvo una inversi\u00f3n importante, de 50 millones de pesos, entre los a\u00f1os 1996 y 1997, cuando \u00e9l (el alcalde Reyes) era gobernador, y el sistema tampoco qued\u00f3 funcionando al cien por ciento. Hoy d\u00eda la Direcci\u00f3n de Obras Hidr\u00e1ulicas est\u00e1 haciendo todo lo humanamente posible, se ha hecho una inversi\u00f3n cercana a los 500 millones de pesos, pero hoy d\u00eda lo que se est\u00e1 viendo es que falta una bomba impulsora y eso lo estamos viendo con el nivel central\u201d, manifest\u00f3 la autoridad.<\/p>\n<p>Finalmente la gobernadora de San Felipe fue enf\u00e1tica en se\u00f1alar que \u201cno vamos a dejar de golpear ninguna puerta, ni vamos a cesar de llamar a las autoridades del gobierno para que se solucione de manera definitiva el problema que tienen los sectores de Los Patos y Casablanca\u201d.<\/p>\n<p>&nbsp;<\/p>\n","protected":false},"excerpt":{"rendered":"<p>Autoridad provincial critic\u00f3 duramente al alcalde de la comuna de Putaendo por cuestionar su repartici\u00f3n y la DOH, a prop\u00f3sito de un problema social que seg\u00fan asever\u00f3, se arrastra de 1997, cuando&#8230;<\/p>\n","protected":false},"author":482,"featured_media":41945,"comment_status":"open","ping_status":"closed","sticky":false,"template":"","format":"standard","meta":{"advanced_seo_description":"","jetpack_seo_html_title":"","jetpack_seo_noindex":false,"_jetpack_memberships_contains_paid_content":false,"footnotes":""},"categories":[1],"tags":[],"class_list":["post-41944","post","type-post","status-publish","format-standard","has-post-thumbnail","hentry","category-cronica"],"jetpack_featured_media_url":"https:\/\/i0.wp.com\/eltrabajo.cl\/portal\/wp-content\/uploads\/2014\/01\/Gobernadora.jpg?fit=528%2C396&ssl=1","jetpack_sharing_enabled":true,"jetpack_likes_enabled":true,"jetpack-related-posts":[],"_links":{"self":[{"href":"https:\/\/eltrabajo.cl\/portal\/wp-json\/wp\/v2\/posts\/41944","targetHints":{"allow":["GET"]}}],"collection":[{"href":"https:\/\/eltrabajo.cl\/portal\/wp-json\/wp\/v2\/posts"}],"about":[{"href":"https:\/\/eltrabajo.cl\/portal\/wp-json\/wp\/v2\/types\/post"}],"author":[{"embeddable":true,"href":"https:\/\/eltrabajo.cl\/portal\/wp-json\/wp\/v2\/users\/482"}],"replies":[{"embeddable":true,"href":"https:\/\/eltrabajo.cl\/portal\/wp-json\/wp\/v2\/comments?post=41944"}],"version-history":[{"count":0,"href":"https:\/\/eltrabajo.cl\/portal\/wp-json\/wp\/v2\/posts\/41944\/revisions"}],"wp:featuredmedia":[{"embeddable":true,"href":"https:\/\/eltrabajo.cl\/portal\/wp-json\/wp\/v2\/media\/41945"}],"wp:attachment":[{"href":"https:\/\/eltrabajo.cl\/portal\/wp-json\/wp\/v2\/media?parent=41944"}],"wp:term":[{"taxonomy":"category","embeddable":true,"href":"https:\/\/eltrabajo.cl\/portal\/wp-json\/wp\/v2\/categories?post=41944"},{"taxonomy":"post_tag","embeddable":true,"href":"https:\/\/eltrabajo.cl\/portal\/wp-json\/wp\/v2\/tags?post=41944"}],"curies":[{"name":"wp","href":"https:\/\/api.w.org\/{rel}","templated":true}]}}