{"id":41955,"date":"2014-01-15T09:35:21","date_gmt":"2014-01-15T12:35:21","guid":{"rendered":"http:\/\/www.eltrabajo.cl\/portal\/?p=41955"},"modified":"2014-01-15T09:35:21","modified_gmt":"2014-01-15T12:35:21","slug":"vecinos-de-rinconada-acusan-violencia-innecesaria-de-carabineros-de-putaendo","status":"publish","type":"post","link":"https:\/\/eltrabajo.cl\/portal\/vecinos-de-rinconada-acusan-violencia-innecesaria-de-carabineros-de-putaendo\/","title":{"rendered":"Vecinos de Rinconada acusan violencia innecesaria de Carabineros de Putaendo"},"content":{"rendered":"<figure id=\"attachment_41956\" aria-describedby=\"caption-attachment-41956\" style=\"width: 317px\" class=\"wp-caption alignleft\"><a href=\"https:\/\/i0.wp.com\/www.eltrabajo.cl\/portal\/wp-content\/uploads\/2014\/01\/manuel-millon-agredido-por-carabineros.jpg\"><img data-recalc-dims=\"1\" loading=\"lazy\" decoding=\"async\" class=\" wp-image-41956 \" title=\"Manuel Mill\u00f3n junto a su esposa no solo sufrieron el embargo de sus bienes, \u00e9l y su hijo habr\u00edan sido agredidos por Carabineros que pese a su superioridad num\u00e9rica (7 funcionarios), habr\u00edan recurrido a los golpes para concretar el embargo.\" alt=\"Manuel Mill\u00f3n junto a su esposa no solo sufrieron el embargo de sus bienes, \u00e9l y su hijo habr\u00edan sido agredidos por Carabineros que pese a su superioridad num\u00e9rica (7 funcionarios), habr\u00edan recurrido a los golpes para concretar el embargo.\" src=\"https:\/\/i0.wp.com\/www.eltrabajo.cl\/portal\/wp-content\/uploads\/2014\/01\/manuel-millon-agredido-por-carabineros.jpg?resize=317%2C213\" width=\"317\" height=\"213\" srcset=\"https:\/\/i0.wp.com\/eltrabajo.cl\/portal\/wp-content\/uploads\/2014\/01\/manuel-millon-agredido-por-carabineros.jpg?w=528&amp;ssl=1 528w, https:\/\/i0.wp.com\/eltrabajo.cl\/portal\/wp-content\/uploads\/2014\/01\/manuel-millon-agredido-por-carabineros.jpg?resize=200%2C134&amp;ssl=1 200w, https:\/\/i0.wp.com\/eltrabajo.cl\/portal\/wp-content\/uploads\/2014\/01\/manuel-millon-agredido-por-carabineros.jpg?resize=300%2C201&amp;ssl=1 300w, https:\/\/i0.wp.com\/eltrabajo.cl\/portal\/wp-content\/uploads\/2014\/01\/manuel-millon-agredido-por-carabineros.jpg?resize=150%2C100&amp;ssl=1 150w, https:\/\/i0.wp.com\/eltrabajo.cl\/portal\/wp-content\/uploads\/2014\/01\/manuel-millon-agredido-por-carabineros.jpg?resize=400%2C268&amp;ssl=1 400w\" sizes=\"auto, (max-width: 317px) 100vw, 317px\" \/><\/a><figcaption id=\"caption-attachment-41956\" class=\"wp-caption-text\">Manuel Mill\u00f3n junto a su esposa no solo sufrieron el embargo de sus bienes, \u00e9l y su hijo habr\u00edan sido agredidos por Carabineros que pese a su superioridad num\u00e9rica (7 funcionarios), habr\u00edan recurrido a los golpes para concretar el embargo.<\/figcaption><\/figure>\n<p><strong>PUTAENDO.<\/strong>&#8211; Carabineros de Putaendo es nuevamente acusado por uso de violencia innecesaria, esta vez un vecino de Rinconada de Silva acus\u00f3 haber sido v\u00edctima de lo que catalog\u00f3 como el actuar violento de personal policial en un procedimiento de embargo.<\/p>\n<p>Manuel Mill\u00f3n Gonz\u00e1lez se\u00f1al\u00f3 a nuestro medio que a mediados del mes pasado, una receptora judicial acompa\u00f1ada de siete carabineros de Putaendo llegaron hasta su domicilio ubicado a orilla de carretera en Rinconada de Silva para embargar todos sus bienes por una deuda que su hija manten\u00eda.<\/p>\n<p>El denunciante asegura que al principio y ante la desesperaci\u00f3n del embargo de sus bienes, se opusieron a esta acci\u00f3n, pero luego entendieron que nada pod\u00edan hacer puesto que era una orden del tribunal, por lo que indic\u00f3 que dieron todas las facilidades para que sacaran todos sus enseres desde su casa.<\/p>\n<p>Manuel Mill\u00f3n se\u00f1ala que cuando ya estaban terminando de retirar muebles y la mayor\u00eda de los enseres de su domicilio, de la pieza de su hijo quer\u00edan sacar un televisor de 32 pulgadas que \u00e9ste hac\u00eda solo dos meses hab\u00eda adquirido y que a\u00fan est\u00e1 pagando, por lo que pidieron a la receptora que no se llevara ese televisor y que se pod\u00eda llevar uno m\u00e1s grande que era de la familia, ante lo cual la receptora no accedi\u00f3 a esa petici\u00f3n y se origin\u00f3 una discusi\u00f3n donde intervino Carabineros y donde Manuel Mill\u00f3n asegura que por evitar que sacaran ese televisor, \u00e9l y su hijo de 21 a\u00f1os fueron golpeados con un bast\u00f3n y con golpes de pu\u00f1o por los polic\u00edas, los cuales lo redujeron, lo tiraron al piso, lo siguieron golpeando y le tiraron fuertemente su o\u00eddo, mientras que a su hijo otros carabineros tambi\u00e9n lo golpeaban. Adem\u00e1s fueron detenidos y pasados a disposici\u00f3n del tribunal.<\/p>\n<p>Este hombre compareci\u00f3 junto a su hijo este martes en el Tribunal de Putaendo y asegura que en la audiencia el tribunal les dio la posibilidad de ofrecer una disculpa p\u00fablica a Carabineros para que el procedimiento terminara ah\u00ed, lo que fue rechazado por personal policial, por lo que el proceso en su contra continuar\u00e1.<\/p>\n<p>\u201cA pesar que nosotros fuimos los golpeados, me llevaron al hospital y no me constataron lesiones y para no tener problemas est\u00e1bamos dispuestos a ofrecer una disculpa, pero los Carabineros se negaron y por eso hoy he decidido hacer esto p\u00fablico, pues no es posible que sean intocables y que se den el lujo de golpear de una manera salvaje detr\u00e1s de un uniforme. Forcejeamos porque nadie entiende la impotencia que te est\u00e9n embargando tus cosas y que por un televisor que era de mi hijo reaccionaran como lo hicieron. Se cansaron de pegarme, a mi hijo le dejaron un ojo morado y ocurre que nosotros no tenemos lesiones y ni siquiera a mi me vio un m\u00e9dico y en el tribunal informan que cinco carabineros resultaron lesionados porque supuestamente nosotros les pegamos, lo que es una mentira y demuestra como hoy Carabineros de Putaendo golpea sin criterio a los vecinos, tal como lo hicieron en Piguch\u00e9n\u201d.<\/p>\n<p>Quisimos saber la versi\u00f3n de Carabineros de Putaendo y el Suboficial Mayor Rub\u00e9n Sandoval Mendoza se\u00f1al\u00f3 que los antecedentes est\u00e1n en conocimiento de la fiscal\u00eda y que las personas fueron detenidas por desacato al tribunal, es decir, oponerse al embargo, y por maltrato de obra a Carabineros. Adem\u00e1s indic\u00f3 que el personal policial actu\u00f3 dentro del marco de la ley y que padre e hijo fueron quienes imped\u00edan que se llevara adelante el embargo, pero que de todas maneras es el tribunal la entidad que debe investigar la denuncia realizada por un eventual hecho de violencia por parte de Carabineros.<\/p>\n<p>Finalmente Manuel Mill\u00f3n dijo que efectu\u00f3 la denuncia ante la Prefectura de Carabineros de San Felipe por exceso de violencia por parte de Carabineros y que solo fue llamado una vez a declarar y no ha tenido novedades sobre la denuncia.<\/p>\n<p>Patricio Gallardo M.<\/p>\n","protected":false},"excerpt":{"rendered":"<p>PUTAENDO.&#8211; Carabineros de Putaendo es nuevamente acusado por uso de violencia innecesaria, esta vez un vecino de Rinconada de Silva acus\u00f3 haber sido v\u00edctima de lo que catalog\u00f3 como el actuar violento&#8230;<\/p>\n","protected":false},"author":482,"featured_media":41956,"comment_status":"open","ping_status":"closed","sticky":false,"template":"","format":"standard","meta":{"advanced_seo_description":"","jetpack_seo_html_title":"","jetpack_seo_noindex":false,"_jetpack_memberships_contains_paid_content":false,"footnotes":""},"categories":[15],"tags":[],"class_list":["post-41955","post","type-post","status-publish","format-standard","has-post-thumbnail","hentry","category-comunidad"],"jetpack_featured_media_url":"https:\/\/i0.wp.com\/eltrabajo.cl\/portal\/wp-content\/uploads\/2014\/01\/manuel-millon-agredido-por-carabineros.jpg?fit=528%2C355&ssl=1","jetpack_sharing_enabled":true,"jetpack_likes_enabled":true,"jetpack-related-posts":[],"_links":{"self":[{"href":"https:\/\/eltrabajo.cl\/portal\/wp-json\/wp\/v2\/posts\/41955","targetHints":{"allow":["GET"]}}],"collection":[{"href":"https:\/\/eltrabajo.cl\/portal\/wp-json\/wp\/v2\/posts"}],"about":[{"href":"https:\/\/eltrabajo.cl\/portal\/wp-json\/wp\/v2\/types\/post"}],"author":[{"embeddable":true,"href":"https:\/\/eltrabajo.cl\/portal\/wp-json\/wp\/v2\/users\/482"}],"replies":[{"embeddable":true,"href":"https:\/\/eltrabajo.cl\/portal\/wp-json\/wp\/v2\/comments?post=41955"}],"version-history":[{"count":0,"href":"https:\/\/eltrabajo.cl\/portal\/wp-json\/wp\/v2\/posts\/41955\/revisions"}],"wp:featuredmedia":[{"embeddable":true,"href":"https:\/\/eltrabajo.cl\/portal\/wp-json\/wp\/v2\/media\/41956"}],"wp:attachment":[{"href":"https:\/\/eltrabajo.cl\/portal\/wp-json\/wp\/v2\/media?parent=41955"}],"wp:term":[{"taxonomy":"category","embeddable":true,"href":"https:\/\/eltrabajo.cl\/portal\/wp-json\/wp\/v2\/categories?post=41955"},{"taxonomy":"post_tag","embeddable":true,"href":"https:\/\/eltrabajo.cl\/portal\/wp-json\/wp\/v2\/tags?post=41955"}],"curies":[{"name":"wp","href":"https:\/\/api.w.org\/{rel}","templated":true}]}}