{"id":41958,"date":"2014-01-15T09:37:18","date_gmt":"2014-01-15T12:37:18","guid":{"rendered":"http:\/\/www.eltrabajo.cl\/portal\/?p=41958"},"modified":"2014-01-15T09:37:18","modified_gmt":"2014-01-15T12:37:18","slug":"vecina-que-perdio-su-casa-en-incendio-recibio-subsidio-habitacional","status":"publish","type":"post","link":"https:\/\/eltrabajo.cl\/portal\/vecina-que-perdio-su-casa-en-incendio-recibio-subsidio-habitacional\/","title":{"rendered":"Vecina que perdi\u00f3 su casa en incendio recibi\u00f3 subsidio habitacional"},"content":{"rendered":"<figure id=\"attachment_41959\" aria-describedby=\"caption-attachment-41959\" style=\"width: 529px\" class=\"wp-caption alignnone\"><a href=\"https:\/\/i0.wp.com\/www.eltrabajo.cl\/portal\/wp-content\/uploads\/2014\/01\/Entrega-Subsidio.jpg\"><img data-recalc-dims=\"1\" loading=\"lazy\" decoding=\"async\" class=\"size-full wp-image-41959\" title=\"La gobernadora Patricia Boffa junto a la delegada provincial de Serviu, Mar\u00eda Alicia Galdames, hacen entrega del certificado de subsidio de 500 unidades de fomento para la construcci\u00f3n de una vivienda.\" alt=\"La gobernadora Patricia Boffa junto a la delegada provincial de Serviu, Mar\u00eda Alicia Galdames, hacen entrega del certificado de subsidio de 500 unidades de fomento para la construcci\u00f3n de una vivienda.\" src=\"https:\/\/i0.wp.com\/www.eltrabajo.cl\/portal\/wp-content\/uploads\/2014\/01\/Entrega-Subsidio.jpg?resize=529%2C419\" width=\"529\" height=\"419\" srcset=\"https:\/\/i0.wp.com\/eltrabajo.cl\/portal\/wp-content\/uploads\/2014\/01\/Entrega-Subsidio.jpg?w=529&amp;ssl=1 529w, https:\/\/i0.wp.com\/eltrabajo.cl\/portal\/wp-content\/uploads\/2014\/01\/Entrega-Subsidio.jpg?resize=189%2C150&amp;ssl=1 189w, https:\/\/i0.wp.com\/eltrabajo.cl\/portal\/wp-content\/uploads\/2014\/01\/Entrega-Subsidio.jpg?resize=300%2C237&amp;ssl=1 300w, https:\/\/i0.wp.com\/eltrabajo.cl\/portal\/wp-content\/uploads\/2014\/01\/Entrega-Subsidio.jpg?resize=150%2C118&amp;ssl=1 150w, https:\/\/i0.wp.com\/eltrabajo.cl\/portal\/wp-content\/uploads\/2014\/01\/Entrega-Subsidio.jpg?resize=400%2C316&amp;ssl=1 400w\" sizes=\"auto, (max-width: 529px) 100vw, 529px\" \/><\/a><figcaption id=\"caption-attachment-41959\" class=\"wp-caption-text\">La gobernadora Patricia Boffa junto a la delegada provincial de Serviu, Mar\u00eda Alicia Galdames, hacen entrega del certificado de subsidio de 500 unidades de fomento para la construcci\u00f3n de una vivienda.<\/figcaption><\/figure>\n<ul>\n<li><strong>Pobladora de Llay Llay actualmente habita en la sede social de la Poblaci\u00f3n Los Copihues, mientras el presunto autor del siniestro, asegura ella, se pasea por sus narices y se jacta de haberle destruido su vivienda.<\/strong><\/li>\n<\/ul>\n<p>Un subsidio de asignaci\u00f3n directa, autorizado por el propio Ministro de Vivienda Rodrigo P\u00e9rez, fue el que recibi\u00f3 la se\u00f1ora Mar\u00eda Colarte, luego que su vivienda de Llay Llay resultara destruida en septiembre pasado, a prop\u00f3sito de un incendio aparentemente intencional.<\/p>\n<figure id=\"attachment_41960\" aria-describedby=\"caption-attachment-41960\" style=\"width: 190px\" class=\"wp-caption alignright\"><a href=\"https:\/\/i0.wp.com\/www.eltrabajo.cl\/portal\/wp-content\/uploads\/2014\/01\/Maria-Colarte.jpg\"><img data-recalc-dims=\"1\" loading=\"lazy\" decoding=\"async\" class=\" wp-image-41960  \" title=\"Mar\u00eda Colarte dijo estar muy agradecida de este beneficio que le otorga el gobierno y que le permitir\u00e1 volver a tener una casa donde vivir.\" alt=\"Mar\u00eda Colarte dijo estar muy agradecida de este beneficio que le otorga el gobierno y que le permitir\u00e1 volver a tener una casa donde vivir.\" src=\"https:\/\/i0.wp.com\/www.eltrabajo.cl\/portal\/wp-content\/uploads\/2014\/01\/Maria-Colarte.jpg?resize=190%2C286\" width=\"190\" height=\"286\" srcset=\"https:\/\/i0.wp.com\/eltrabajo.cl\/portal\/wp-content\/uploads\/2014\/01\/Maria-Colarte.jpg?w=529&amp;ssl=1 529w, https:\/\/i0.wp.com\/eltrabajo.cl\/portal\/wp-content\/uploads\/2014\/01\/Maria-Colarte.jpg?resize=100%2C150&amp;ssl=1 100w, https:\/\/i0.wp.com\/eltrabajo.cl\/portal\/wp-content\/uploads\/2014\/01\/Maria-Colarte.jpg?resize=200%2C300&amp;ssl=1 200w, https:\/\/i0.wp.com\/eltrabajo.cl\/portal\/wp-content\/uploads\/2014\/01\/Maria-Colarte.jpg?resize=400%2C599&amp;ssl=1 400w\" sizes=\"auto, (max-width: 190px) 100vw, 190px\" \/><\/a><figcaption id=\"caption-attachment-41960\" class=\"wp-caption-text\">Mar\u00eda Colarte dijo estar muy agradecida de este beneficio que le otorga el gobierno y que le permitir\u00e1 volver a tener una casa donde vivir.<\/figcaption><\/figure>\n<p>La se\u00f1ora Mar\u00eda qued\u00f3 con lo puesto. Cuenta que el incendio lo provoc\u00f3 un sujeto con problemas de drogadicci\u00f3n que hasta el d\u00eda de hoy se pasea delante de ella y se jacta de haberle destruido su vivienda, adquirida en 1985, tambi\u00e9n gracias a un subsidio habitacional.<\/p>\n<p>\u201cEn la noche como a las 5 de la ma\u00f1ana, en septiembre, un \u2018vola\u00edto\u2019 me quem\u00f3 la casa. Perd\u00ed todo, no qued\u00f3 nada y tratamos de salir nosotros con lo que ten\u00edamos puesto. \u00c9l se arranc\u00f3 y ahora se pasea por la calle, haci\u00e9ndome burla\u201d, cuenta Mar\u00eda Colarte.<\/p>\n<p>Tras exponer su caso a las autoridades de Gobierno, finalmente el propio Ministro del Trabajo Rodrigo P\u00e9rez Mackenna, dispuso la entrega de un subsidio de asignaci\u00f3n directa, sin necesidad de ahorro previo ni postulaci\u00f3n, que consiste en alrededor de 500 unidades de fomento, lo que le permite construir una vivienda.<\/p>\n<p>Seg\u00fan explic\u00f3 la delegada provincial de Serviu, Mar\u00eda Alicia Galdames, con este subsidio la se\u00f1ora Mar\u00eda puede construir una casa de hasta mil 200 UF, pero como se entiende que no puede acceder a un cr\u00e9dito o contar con un ahorro personal, podr\u00e1 construir la casa con los recursos recibidos.<\/p>\n<p>\u201cLe recomendamos que utilice al m\u00e1ximo su subsidio, que son 500 unidades de fomento y pueda construir su vivienda por una empresa que debe estar reconocida por el Serviu, quien le va a presentar el expediente y construir\u00e1 en sitio propio, que es lo que ella posee\u201d, se\u00f1al\u00f3 Mar\u00eda Alicia Galdames.<\/p>\n<p>Mar\u00eda Colarte tiene el subsidio vigente desde el 8 de enero y por lo tanto, una vez que tenga el expediente y el permiso de construcci\u00f3n, puede disponer el inicio de las obras. La vivienda debe cumplir con las condiciones b\u00e1sicas, es decir, poseer dos dormitorios, living-comedor, cocina y ba\u00f1o.<\/p>\n<p>La beneficiaria dijo estar feliz y muy agradecida de \u201clas se\u00f1oritas\u201d, haciendo referencia a la gobernadora Boffa y a la delegada provincial de Serviu.<\/p>\n<p>\u201cMe siento feliz y estoy muy agradecida de las se\u00f1oritas y de todos los que me ayudaron. Ahora me voy a ir para arriba, porque me tiene enferma donde estoy viviendo tambi\u00e9n, en la sede de Los Copihues en Llay Llay. Estoy muy agradecida con todos\u201d, precis\u00f3 la vecina favorecida por este subsidio habitacional.<\/p>\n<p>La gobernadora provincial, Patricia Boffa, manifest\u00f3 que el gobierno del Presidente Sebasti\u00e1n Pi\u00f1era ha tenido como caracter\u00edstica apoyar a las familias vulnerables, y en este caso, comprendiendo la situaci\u00f3n de desmedro de la se\u00f1ora Mar\u00eda, le otorg\u00f3 este subsidio.<\/p>\n<p>La autoridad precis\u00f3 que este es un beneficio que se entrega en casos especiales y de car\u00e1cter social, al mismo tiempo que se mostr\u00f3 esperanzada de que esta vecina adulto mayor, pueda mejorar su calidad de vida con esta vivienda que se espera, pueda estar ya construida y entregada en un plazo de tres meses.<\/p>\n<p>&nbsp;<\/p>\n","protected":false},"excerpt":{"rendered":"<p>Pobladora de Llay Llay actualmente habita en la sede social de la Poblaci\u00f3n Los Copihues, mientras el presunto autor del siniestro, asegura ella, se pasea por sus narices y se jacta de&#8230;<\/p>\n","protected":false},"author":482,"featured_media":41959,"comment_status":"open","ping_status":"closed","sticky":false,"template":"","format":"standard","meta":{"advanced_seo_description":"","jetpack_seo_html_title":"","jetpack_seo_noindex":false,"_jetpack_memberships_contains_paid_content":false,"footnotes":""},"categories":[15],"tags":[],"class_list":["post-41958","post","type-post","status-publish","format-standard","has-post-thumbnail","hentry","category-comunidad"],"jetpack_featured_media_url":"https:\/\/i0.wp.com\/eltrabajo.cl\/portal\/wp-content\/uploads\/2014\/01\/Entrega-Subsidio.jpg?fit=529%2C419&ssl=1","jetpack_sharing_enabled":true,"jetpack_likes_enabled":true,"jetpack-related-posts":[],"_links":{"self":[{"href":"https:\/\/eltrabajo.cl\/portal\/wp-json\/wp\/v2\/posts\/41958","targetHints":{"allow":["GET"]}}],"collection":[{"href":"https:\/\/eltrabajo.cl\/portal\/wp-json\/wp\/v2\/posts"}],"about":[{"href":"https:\/\/eltrabajo.cl\/portal\/wp-json\/wp\/v2\/types\/post"}],"author":[{"embeddable":true,"href":"https:\/\/eltrabajo.cl\/portal\/wp-json\/wp\/v2\/users\/482"}],"replies":[{"embeddable":true,"href":"https:\/\/eltrabajo.cl\/portal\/wp-json\/wp\/v2\/comments?post=41958"}],"version-history":[{"count":0,"href":"https:\/\/eltrabajo.cl\/portal\/wp-json\/wp\/v2\/posts\/41958\/revisions"}],"wp:featuredmedia":[{"embeddable":true,"href":"https:\/\/eltrabajo.cl\/portal\/wp-json\/wp\/v2\/media\/41959"}],"wp:attachment":[{"href":"https:\/\/eltrabajo.cl\/portal\/wp-json\/wp\/v2\/media?parent=41958"}],"wp:term":[{"taxonomy":"category","embeddable":true,"href":"https:\/\/eltrabajo.cl\/portal\/wp-json\/wp\/v2\/categories?post=41958"},{"taxonomy":"post_tag","embeddable":true,"href":"https:\/\/eltrabajo.cl\/portal\/wp-json\/wp\/v2\/tags?post=41958"}],"curies":[{"name":"wp","href":"https:\/\/api.w.org\/{rel}","templated":true}]}}