{"id":41964,"date":"2014-01-15T09:38:34","date_gmt":"2014-01-15T12:38:34","guid":{"rendered":"http:\/\/www.eltrabajo.cl\/portal\/?p=41964"},"modified":"2014-01-15T09:38:34","modified_gmt":"2014-01-15T12:38:34","slug":"camiones-ingresan-al-centro-de-rinconada-de-silva-y-no-ocupan-camino-recien-asfaltado","status":"publish","type":"post","link":"https:\/\/eltrabajo.cl\/portal\/camiones-ingresan-al-centro-de-rinconada-de-silva-y-no-ocupan-camino-recien-asfaltado\/","title":{"rendered":"Camiones ingresan al centro de Rinconada de Silva y no ocupan camino reci\u00e9n asfaltado"},"content":{"rendered":"<figure id=\"attachment_41965\" aria-describedby=\"caption-attachment-41965\" style=\"width: 529px\" class=\"wp-caption alignnone\"><a href=\"https:\/\/i0.wp.com\/www.eltrabajo.cl\/portal\/wp-content\/uploads\/2014\/01\/camiones-por-rinconada-1.jpg\"><img data-recalc-dims=\"1\" loading=\"lazy\" decoding=\"async\" class=\"size-full wp-image-41965\" title=\"Pese a que el camino ubicado en el sector Las Cabritas fue asfaltado para evitar el ingreso de camiones por el centro de Rinconada de Silva, los pesados veh\u00edculos cargados con uva para pasa no lo est\u00e1n utilizando.\" alt=\"Pese a que el camino ubicado en el sector Las Cabritas fue asfaltado para evitar el ingreso de camiones por el centro de Rinconada de Silva, los pesados veh\u00edculos cargados con uva para pasa no lo est\u00e1n utilizando.\" src=\"https:\/\/i0.wp.com\/www.eltrabajo.cl\/portal\/wp-content\/uploads\/2014\/01\/camiones-por-rinconada-1.jpg?resize=529%2C353\" width=\"529\" height=\"353\" srcset=\"https:\/\/i0.wp.com\/eltrabajo.cl\/portal\/wp-content\/uploads\/2014\/01\/camiones-por-rinconada-1.jpg?w=529&amp;ssl=1 529w, https:\/\/i0.wp.com\/eltrabajo.cl\/portal\/wp-content\/uploads\/2014\/01\/camiones-por-rinconada-1.jpg?resize=200%2C133&amp;ssl=1 200w, https:\/\/i0.wp.com\/eltrabajo.cl\/portal\/wp-content\/uploads\/2014\/01\/camiones-por-rinconada-1.jpg?resize=300%2C200&amp;ssl=1 300w, https:\/\/i0.wp.com\/eltrabajo.cl\/portal\/wp-content\/uploads\/2014\/01\/camiones-por-rinconada-1.jpg?resize=150%2C100&amp;ssl=1 150w, https:\/\/i0.wp.com\/eltrabajo.cl\/portal\/wp-content\/uploads\/2014\/01\/camiones-por-rinconada-1.jpg?resize=400%2C266&amp;ssl=1 400w\" sizes=\"auto, (max-width: 529px) 100vw, 529px\" \/><\/a><figcaption id=\"caption-attachment-41965\" class=\"wp-caption-text\">Pese a que el camino ubicado en el sector Las Cabritas fue asfaltado para evitar el ingreso de camiones por el centro de Rinconada de Silva, los pesados veh\u00edculos cargados con uva para pasa no lo est\u00e1n utilizando.<\/figcaption><\/figure>\n<p><strong>PUTAENDO.<\/strong>&#8211; Los camiones cargados con uva para el proceso de secado que se dirigen hacia los sectores de La Orilla y Tabolango, contin\u00faan ingresando al centro de Rinconada de Silva a pesar que el camino ubicado en el sector Las Cabritas fue asfaltado para evitar esta situaci\u00f3n.<\/p>\n<p>Varios vecinos de Rinconada de Silva han manifestado su preocupaci\u00f3n luego que en los \u00faltimos d\u00edas camiones cargados con bines, rollos de pl\u00e1stico y desde este martes, camiones cargados con uva que se dirigen a los secados existentes al interior del sector, est\u00e1n pasando a altas velocidades por el centro de Rinconada de Silva, mientras que el camino conocido como Punta Blanca ubicado en el sector Las Cabritas y que fue asfaltado y reparado por Vialidad precisamente para que los camiones que trabajan en la temporada de pasas no ingresen al centro de Rinconada de Silva y generara los mencionados inconvenientes, no est\u00e1 siendo ocupado.<\/p>\n<p>Recordemos que el alcalde Guillermo Reyes acogi\u00f3 la sugerencia efectuada por el Concejal Carlos Gallardo y solicit\u00f3 a Vialidad que agrandara el radio de giro al ingreso a ese camino para que los camiones que vienen desde San Felipe ingresaran por esa ruta hacia La Orilla y Tabolango, donde se ubican los secados de uva para pasas m\u00e1s extensos al interior de la Serran\u00eda de Rinconada de Silva.<\/p>\n<p>La autoridad comunal dijo que Vialidad se hab\u00eda comprometido en el mes de diciembre a instalar se\u00f1al\u00e9tica vial que sugiriera a los conductores de camiones ingresar por Punta Blanca hacia Tabolango y no entrar al centro de Rinconada de Silva, lo que hasta la fecha no se ha concretado, en gran medida por la falta de se\u00f1al\u00e9tica y porque tambi\u00e9n la Serran\u00eda de Rinconada de Silva, que es la que arrienda los terrenos a distintas empresas, no ha exigido en su contrato que los camiones tomen esa v\u00eda y no ingresen a Rinconada de Silva.<\/p>\n<p>Ya el a\u00f1o anterior el paso de los camiones gener\u00f3 varios cortes de cables del tendido el\u00e9ctrico y gener\u00f3 tambi\u00e9n la molestia de los vecinos por las altas velocidades de los camiones en zonas altamente pobladas.<\/p>\n<p>Patricio Gallardo M.<\/p>\n<p>&nbsp;<\/p>\n","protected":false},"excerpt":{"rendered":"<p>PUTAENDO.&#8211; Los camiones cargados con uva para el proceso de secado que se dirigen hacia los sectores de La Orilla y Tabolango, contin\u00faan ingresando al centro de Rinconada de Silva a pesar&#8230;<\/p>\n","protected":false},"author":482,"featured_media":41965,"comment_status":"open","ping_status":"closed","sticky":false,"template":"","format":"standard","meta":{"advanced_seo_description":"","jetpack_seo_html_title":"","jetpack_seo_noindex":false,"_jetpack_memberships_contains_paid_content":false,"footnotes":""},"categories":[1],"tags":[],"class_list":["post-41964","post","type-post","status-publish","format-standard","has-post-thumbnail","hentry","category-cronica"],"jetpack_featured_media_url":"https:\/\/i0.wp.com\/eltrabajo.cl\/portal\/wp-content\/uploads\/2014\/01\/camiones-por-rinconada-1.jpg?fit=529%2C353&ssl=1","jetpack_sharing_enabled":true,"jetpack_likes_enabled":true,"jetpack-related-posts":[],"_links":{"self":[{"href":"https:\/\/eltrabajo.cl\/portal\/wp-json\/wp\/v2\/posts\/41964","targetHints":{"allow":["GET"]}}],"collection":[{"href":"https:\/\/eltrabajo.cl\/portal\/wp-json\/wp\/v2\/posts"}],"about":[{"href":"https:\/\/eltrabajo.cl\/portal\/wp-json\/wp\/v2\/types\/post"}],"author":[{"embeddable":true,"href":"https:\/\/eltrabajo.cl\/portal\/wp-json\/wp\/v2\/users\/482"}],"replies":[{"embeddable":true,"href":"https:\/\/eltrabajo.cl\/portal\/wp-json\/wp\/v2\/comments?post=41964"}],"version-history":[{"count":0,"href":"https:\/\/eltrabajo.cl\/portal\/wp-json\/wp\/v2\/posts\/41964\/revisions"}],"wp:featuredmedia":[{"embeddable":true,"href":"https:\/\/eltrabajo.cl\/portal\/wp-json\/wp\/v2\/media\/41965"}],"wp:attachment":[{"href":"https:\/\/eltrabajo.cl\/portal\/wp-json\/wp\/v2\/media?parent=41964"}],"wp:term":[{"taxonomy":"category","embeddable":true,"href":"https:\/\/eltrabajo.cl\/portal\/wp-json\/wp\/v2\/categories?post=41964"},{"taxonomy":"post_tag","embeddable":true,"href":"https:\/\/eltrabajo.cl\/portal\/wp-json\/wp\/v2\/tags?post=41964"}],"curies":[{"name":"wp","href":"https:\/\/api.w.org\/{rel}","templated":true}]}}