{"id":41967,"date":"2014-01-15T09:40:40","date_gmt":"2014-01-15T12:40:40","guid":{"rendered":"http:\/\/www.eltrabajo.cl\/portal\/?p=41967"},"modified":"2014-01-15T09:40:40","modified_gmt":"2014-01-15T12:40:40","slug":"illapu-y-grupo-alegria-el-fin-de-semana-en-trilla-a-yegua-suelta-de-calle-larga","status":"publish","type":"post","link":"https:\/\/eltrabajo.cl\/portal\/illapu-y-grupo-alegria-el-fin-de-semana-en-trilla-a-yegua-suelta-de-calle-larga\/","title":{"rendered":"\u2018Illapu\u2019 y \u2018Grupo Alegr\u00eda\u2019 el fin de semana en Trilla a Yegua Suelta de Calle Larga"},"content":{"rendered":"<figure id=\"attachment_41968\" aria-describedby=\"caption-attachment-41968\" style=\"width: 529px\" class=\"wp-caption alignnone\"><a href=\"https:\/\/i0.wp.com\/www.eltrabajo.cl\/portal\/wp-content\/uploads\/2014\/01\/trilla-calle-larga-1.jpg\"><img data-recalc-dims=\"1\" loading=\"lazy\" decoding=\"async\" class=\"size-full wp-image-41968\" title=\"Introducida por los espa\u00f1oles durante la colonia, la trilla es el proceso a trav\u00e9s del cual yeguas y caballos pisotean el trigo para separar la paja del grano. Hoy en desuso, contin\u00faa siendo una fiesta tradicional t\u00edpica del campo chileno.\" alt=\"Introducida por los espa\u00f1oles durante la colonia, la trilla es el proceso a trav\u00e9s del cual yeguas y caballos pisotean el trigo para separar la paja del grano. Hoy en desuso, contin\u00faa siendo una fiesta tradicional t\u00edpica del campo chileno.\" src=\"https:\/\/i0.wp.com\/www.eltrabajo.cl\/portal\/wp-content\/uploads\/2014\/01\/trilla-calle-larga-1.jpg?resize=529%2C269\" width=\"529\" height=\"269\" srcset=\"https:\/\/i0.wp.com\/eltrabajo.cl\/portal\/wp-content\/uploads\/2014\/01\/trilla-calle-larga-1.jpg?w=529&amp;ssl=1 529w, https:\/\/i0.wp.com\/eltrabajo.cl\/portal\/wp-content\/uploads\/2014\/01\/trilla-calle-larga-1.jpg?resize=200%2C101&amp;ssl=1 200w, https:\/\/i0.wp.com\/eltrabajo.cl\/portal\/wp-content\/uploads\/2014\/01\/trilla-calle-larga-1.jpg?resize=300%2C152&amp;ssl=1 300w, https:\/\/i0.wp.com\/eltrabajo.cl\/portal\/wp-content\/uploads\/2014\/01\/trilla-calle-larga-1.jpg?resize=150%2C76&amp;ssl=1 150w, https:\/\/i0.wp.com\/eltrabajo.cl\/portal\/wp-content\/uploads\/2014\/01\/trilla-calle-larga-1.jpg?resize=400%2C203&amp;ssl=1 400w\" sizes=\"auto, (max-width: 529px) 100vw, 529px\" \/><\/a><figcaption id=\"caption-attachment-41968\" class=\"wp-caption-text\">Introducida por los espa\u00f1oles durante la colonia, la trilla es el proceso a trav\u00e9s del cual yeguas y caballos pisotean el trigo para separar la paja del grano. Hoy en desuso, contin\u00faa siendo una fiesta tradicional t\u00edpica del campo chileno.<\/figcaption><\/figure>\n<ul>\n<li><strong>Trig\u00e9sima octava versi\u00f3n de fiesta costumbrista se realizar\u00e1 el 18 y 19 de enero en los terrenos de la casona en la que naci\u00f3 el ex presidente Pedro Aguirre Cerda, ubicada en la localidad de Pocuro, comuna de Calle Larga<\/strong><\/li>\n<\/ul>\n<p>Este s\u00e1bado 18 y domingo 19 de enero se realizar\u00e1 la 38\u00aa versi\u00f3n de la Trilla a Yegua Suelta en Calle Larga, actividad organizada por la Municipalidad en conjunto con el Club de Rodeo Chileno de la comuna y cuenta con el financiamiento de Sernatur, a trav\u00e9s del Gobierno Regional.<\/p>\n<p>Tal como se ha realizado durante m\u00e1s de treinta a\u00f1os, en esta ocasi\u00f3n las tradiciones y costumbres de la comuna se har\u00e1n presentes en las dependencias de la antigua casona en la que naci\u00f3 el ex Presidente de la Rep\u00fablica, Pedro Aguirre Cerda, ubicada en la localidad de Pocuro.<\/p>\n<p>Adem\u00e1s de realizarse el proceso de la trilla, los asistentes a la actividad podr\u00e1n disfrutar con la presentaci\u00f3n de diversos artistas y grupos musicales. El s\u00e1bado 18 se presentar\u00e1n el \u2018Grupo Alegr\u00eda\u2019, \u2018Los Reales del Valle\u2019, \u2018La Gran Sonora\u2019 y \u2018Banda Punto Cinco\u2019. El domingo los asistentes podr\u00e1n disfrutar las canciones de \u2018Illapu\u2019 y de \u20183&#215;7=21\u2019. Adem\u00e1s se presentar\u00e1n diversos grupos folcl\u00f3ricos.<\/p>\n<p>Paralelamente a estas presentaciones, se realizar\u00e1n exhibiciones de artesan\u00edas y platos t\u00edpicos creados por vecinos de la comuna.<\/p>\n<p>\u201cEsta es la gran actividad que desarrollamos como comuna, ya que resalta nuestra identidad y nuestra esencia, en ese sentido lo que siempre hemos so\u00f1ado es transformar a esta trilla en una de las m\u00e1s importantes de nuestro valle y la verdad es que creemos que poco a poco lo hemos logrado, ya que cada vez ha aumentado la cantidad de personas que asisten a la trilla y la verdad es que eso nos tiene muy contentos. Por esta raz\u00f3n invitamos a los vecinos de todo el Valle de Aconcagua a que participen en esta actividad que resalta nuestras tradiciones\u201d, sostuvo el alcalde Nelson Venegas.<\/p>\n<p>El valor de las entradas es de mil pesos para los adultos y 500 pesos los ni\u00f1os.<\/p>\n<p>&nbsp;<\/p>\n","protected":false},"excerpt":{"rendered":"<p>Trig\u00e9sima octava versi\u00f3n de fiesta costumbrista se realizar\u00e1 el 18 y 19 de enero en los terrenos de la casona en la que naci\u00f3 el ex presidente Pedro Aguirre Cerda, ubicada en&#8230;<\/p>\n","protected":false},"author":482,"featured_media":41968,"comment_status":"open","ping_status":"closed","sticky":false,"template":"","format":"standard","meta":{"advanced_seo_description":"","jetpack_seo_html_title":"","jetpack_seo_noindex":false,"_jetpack_memberships_contains_paid_content":false,"footnotes":""},"categories":[1],"tags":[],"class_list":["post-41967","post","type-post","status-publish","format-standard","has-post-thumbnail","hentry","category-cronica"],"jetpack_featured_media_url":"https:\/\/i0.wp.com\/eltrabajo.cl\/portal\/wp-content\/uploads\/2014\/01\/trilla-calle-larga-1.jpg?fit=529%2C269&ssl=1","jetpack_sharing_enabled":true,"jetpack_likes_enabled":true,"jetpack-related-posts":[],"_links":{"self":[{"href":"https:\/\/eltrabajo.cl\/portal\/wp-json\/wp\/v2\/posts\/41967","targetHints":{"allow":["GET"]}}],"collection":[{"href":"https:\/\/eltrabajo.cl\/portal\/wp-json\/wp\/v2\/posts"}],"about":[{"href":"https:\/\/eltrabajo.cl\/portal\/wp-json\/wp\/v2\/types\/post"}],"author":[{"embeddable":true,"href":"https:\/\/eltrabajo.cl\/portal\/wp-json\/wp\/v2\/users\/482"}],"replies":[{"embeddable":true,"href":"https:\/\/eltrabajo.cl\/portal\/wp-json\/wp\/v2\/comments?post=41967"}],"version-history":[{"count":0,"href":"https:\/\/eltrabajo.cl\/portal\/wp-json\/wp\/v2\/posts\/41967\/revisions"}],"wp:featuredmedia":[{"embeddable":true,"href":"https:\/\/eltrabajo.cl\/portal\/wp-json\/wp\/v2\/media\/41968"}],"wp:attachment":[{"href":"https:\/\/eltrabajo.cl\/portal\/wp-json\/wp\/v2\/media?parent=41967"}],"wp:term":[{"taxonomy":"category","embeddable":true,"href":"https:\/\/eltrabajo.cl\/portal\/wp-json\/wp\/v2\/categories?post=41967"},{"taxonomy":"post_tag","embeddable":true,"href":"https:\/\/eltrabajo.cl\/portal\/wp-json\/wp\/v2\/tags?post=41967"}],"curies":[{"name":"wp","href":"https:\/\/api.w.org\/{rel}","templated":true}]}}