{"id":41970,"date":"2014-01-15T09:43:57","date_gmt":"2014-01-15T12:43:57","guid":{"rendered":"http:\/\/www.eltrabajo.cl\/portal\/?p=41970"},"modified":"2014-01-15T09:43:57","modified_gmt":"2014-01-15T12:43:57","slug":"seleccionan-a-17-jovenes-para-curso-de-formacion-de-carabineros","status":"publish","type":"post","link":"https:\/\/eltrabajo.cl\/portal\/seleccionan-a-17-jovenes-para-curso-de-formacion-de-carabineros\/","title":{"rendered":"Seleccionan a 17 j\u00f3venes para curso de formaci\u00f3n de Carabineros"},"content":{"rendered":"<figure id=\"attachment_41971\" aria-describedby=\"caption-attachment-41971\" style=\"width: 528px\" class=\"wp-caption alignnone\"><a href=\"https:\/\/i0.wp.com\/www.eltrabajo.cl\/portal\/wp-content\/uploads\/2014\/01\/llamados-a-curso-enero-2014-2.jpg\"><img data-recalc-dims=\"1\" loading=\"lazy\" decoding=\"async\" class=\"size-full wp-image-41971\" title=\"Finalmente los postulantes seleccionados en este llamado fueron Mat\u00edas Basualdo, Italo Cabrera, Mat\u00edas Da Silva, Franco Figueroa, Marcelo Fres, Nicol\u00e1s Infante, Ariel Jamett, Patricio Leiva, Franco Loyola, Johny Mancilla, Brian Olivares, Francisco Pizarro, Isa\u00edas Quinteros, Sebasti\u00e1n Saavedra, Oscar Salinas, Carolina Valencia y Sandra Mu\u00f1oz.\" alt=\"Finalmente los postulantes seleccionados en este llamado fueron Mat\u00edas Basualdo, Italo Cabrera, Mat\u00edas Da Silva, Franco Figueroa, Marcelo Fres, Nicol\u00e1s Infante, Ariel Jamett, Patricio Leiva, Franco Loyola, Johny Mancilla, Brian Olivares, Francisco Pizarro, Isa\u00edas Quinteros, Sebasti\u00e1n Saavedra, Oscar Salinas, Carolina Valencia y Sandra Mu\u00f1oz.\" src=\"https:\/\/i0.wp.com\/www.eltrabajo.cl\/portal\/wp-content\/uploads\/2014\/01\/llamados-a-curso-enero-2014-2.jpg?resize=528%2C281\" width=\"528\" height=\"281\" srcset=\"https:\/\/i0.wp.com\/eltrabajo.cl\/portal\/wp-content\/uploads\/2014\/01\/llamados-a-curso-enero-2014-2.jpg?w=528&amp;ssl=1 528w, https:\/\/i0.wp.com\/eltrabajo.cl\/portal\/wp-content\/uploads\/2014\/01\/llamados-a-curso-enero-2014-2.jpg?resize=200%2C106&amp;ssl=1 200w, https:\/\/i0.wp.com\/eltrabajo.cl\/portal\/wp-content\/uploads\/2014\/01\/llamados-a-curso-enero-2014-2.jpg?resize=300%2C159&amp;ssl=1 300w, https:\/\/i0.wp.com\/eltrabajo.cl\/portal\/wp-content\/uploads\/2014\/01\/llamados-a-curso-enero-2014-2.jpg?resize=150%2C79&amp;ssl=1 150w, https:\/\/i0.wp.com\/eltrabajo.cl\/portal\/wp-content\/uploads\/2014\/01\/llamados-a-curso-enero-2014-2.jpg?resize=400%2C212&amp;ssl=1 400w\" sizes=\"auto, (max-width: 528px) 100vw, 528px\" \/><\/a><figcaption id=\"caption-attachment-41971\" class=\"wp-caption-text\">Finalmente los postulantes seleccionados en este llamado fueron Mat\u00edas Basualdo, Italo Cabrera, Mat\u00edas Da Silva, Franco Figueroa, Marcelo Fres, Nicol\u00e1s Infante, Ariel Jamett, Patricio Leiva, Franco Loyola, Johny Mancilla, Brian Olivares, Francisco Pizarro, Isa\u00edas Quinteros, Sebasti\u00e1n Saavedra, Oscar Salinas, Carolina Valencia y Sandra Mu\u00f1oz.<\/figcaption><\/figure>\n<p>Tras un proceso de selecci\u00f3n compuesto por ex\u00e1menes psicol\u00f3gicos, entrevistas personales, pruebas de conocimiento y capacidades f\u00edsicas, 17 j\u00f3venes aconcag\u00fcinos fueron seleccionados para ingresar al curso de formaci\u00f3n de Carabineros de Orden y Seguridad.<\/p>\n<p>Este curso, que se iniciar\u00e1 el 20 de enero con m\u00e1s de 1.500 postulantes provenientes de todas las regiones del pa\u00eds, corresponde al primero de los dos anuales que realiza la Escuela de Formaci\u00f3n de Carabineros (ESFOCAR).<\/p>\n<p>Seg\u00fan inform\u00f3 la Oficina de Postulaciones de la Prefectura Aconcagua, entre los j\u00f3venes llamados a curso hay dos mujeres, las que fueron escogidas junto a otras 198 pertenecientes a las otras sedes de postulaci\u00f3n ubicadas a lo largo del pa\u00eds.<\/p>\n<p>&nbsp;<\/p>\n","protected":false},"excerpt":{"rendered":"<p>Tras un proceso de selecci\u00f3n compuesto por ex\u00e1menes psicol\u00f3gicos, entrevistas personales, pruebas de conocimiento y capacidades f\u00edsicas, 17 j\u00f3venes aconcag\u00fcinos fueron seleccionados para ingresar al curso de formaci\u00f3n de Carabineros de Orden&#8230;<\/p>\n","protected":false},"author":482,"featured_media":41971,"comment_status":"open","ping_status":"closed","sticky":false,"template":"","format":"standard","meta":{"advanced_seo_description":"","jetpack_seo_html_title":"","jetpack_seo_noindex":false,"_jetpack_memberships_contains_paid_content":false,"footnotes":""},"categories":[1],"tags":[],"class_list":["post-41970","post","type-post","status-publish","format-standard","has-post-thumbnail","hentry","category-cronica"],"jetpack_featured_media_url":"https:\/\/i0.wp.com\/eltrabajo.cl\/portal\/wp-content\/uploads\/2014\/01\/llamados-a-curso-enero-2014-2.jpg?fit=528%2C281&ssl=1","jetpack_sharing_enabled":true,"jetpack_likes_enabled":true,"jetpack-related-posts":[],"_links":{"self":[{"href":"https:\/\/eltrabajo.cl\/portal\/wp-json\/wp\/v2\/posts\/41970","targetHints":{"allow":["GET"]}}],"collection":[{"href":"https:\/\/eltrabajo.cl\/portal\/wp-json\/wp\/v2\/posts"}],"about":[{"href":"https:\/\/eltrabajo.cl\/portal\/wp-json\/wp\/v2\/types\/post"}],"author":[{"embeddable":true,"href":"https:\/\/eltrabajo.cl\/portal\/wp-json\/wp\/v2\/users\/482"}],"replies":[{"embeddable":true,"href":"https:\/\/eltrabajo.cl\/portal\/wp-json\/wp\/v2\/comments?post=41970"}],"version-history":[{"count":0,"href":"https:\/\/eltrabajo.cl\/portal\/wp-json\/wp\/v2\/posts\/41970\/revisions"}],"wp:featuredmedia":[{"embeddable":true,"href":"https:\/\/eltrabajo.cl\/portal\/wp-json\/wp\/v2\/media\/41971"}],"wp:attachment":[{"href":"https:\/\/eltrabajo.cl\/portal\/wp-json\/wp\/v2\/media?parent=41970"}],"wp:term":[{"taxonomy":"category","embeddable":true,"href":"https:\/\/eltrabajo.cl\/portal\/wp-json\/wp\/v2\/categories?post=41970"},{"taxonomy":"post_tag","embeddable":true,"href":"https:\/\/eltrabajo.cl\/portal\/wp-json\/wp\/v2\/tags?post=41970"}],"curies":[{"name":"wp","href":"https:\/\/api.w.org\/{rel}","templated":true}]}}