{"id":41973,"date":"2014-01-15T09:49:03","date_gmt":"2014-01-15T12:49:03","guid":{"rendered":"http:\/\/www.eltrabajo.cl\/portal\/?p=41973"},"modified":"2014-01-15T09:49:03","modified_gmt":"2014-01-15T12:49:03","slug":"con-clases-de-natacion-y-actividades-para-ninos-y-adultos-partio-piscina-temperada","status":"publish","type":"post","link":"https:\/\/eltrabajo.cl\/portal\/con-clases-de-natacion-y-actividades-para-ninos-y-adultos-partio-piscina-temperada\/","title":{"rendered":"Con clases de nataci\u00f3n y actividades para ni\u00f1os y adultos parti\u00f3 piscina temperada"},"content":{"rendered":"<figure id=\"attachment_41975\" aria-describedby=\"caption-attachment-41975\" style=\"width: 528px\" class=\"wp-caption alignnone\"><a href=\"https:\/\/i0.wp.com\/www.eltrabajo.cl\/portal\/wp-content\/uploads\/2014\/01\/visita-piscina-21.jpg\"><img data-recalc-dims=\"1\" loading=\"lazy\" decoding=\"async\" class=\"size-full wp-image-41975\" title=\"El Alcalde Patricio Freire visit\u00f3 la nueva piscina temperada  que es utilizada por agrupaciones organizadas y por las clases de nataci\u00f3n para ni\u00f1os de todas las edades durante la ma\u00f1ana y para adultos por la tarde.\" alt=\"El Alcalde Patricio Freire visit\u00f3 la nueva piscina temperada  que es utilizada por agrupaciones organizadas y por las clases de nataci\u00f3n para ni\u00f1os de todas las edades durante la ma\u00f1ana y para adultos por la tarde.\" src=\"https:\/\/i0.wp.com\/www.eltrabajo.cl\/portal\/wp-content\/uploads\/2014\/01\/visita-piscina-21.jpg?resize=528%2C354\" width=\"528\" height=\"354\" srcset=\"https:\/\/i0.wp.com\/eltrabajo.cl\/portal\/wp-content\/uploads\/2014\/01\/visita-piscina-21.jpg?w=528&amp;ssl=1 528w, https:\/\/i0.wp.com\/eltrabajo.cl\/portal\/wp-content\/uploads\/2014\/01\/visita-piscina-21.jpg?resize=200%2C134&amp;ssl=1 200w, https:\/\/i0.wp.com\/eltrabajo.cl\/portal\/wp-content\/uploads\/2014\/01\/visita-piscina-21.jpg?resize=300%2C201&amp;ssl=1 300w, https:\/\/i0.wp.com\/eltrabajo.cl\/portal\/wp-content\/uploads\/2014\/01\/visita-piscina-21.jpg?resize=150%2C100&amp;ssl=1 150w, https:\/\/i0.wp.com\/eltrabajo.cl\/portal\/wp-content\/uploads\/2014\/01\/visita-piscina-21.jpg?resize=400%2C268&amp;ssl=1 400w\" sizes=\"auto, (max-width: 528px) 100vw, 528px\" \/><\/a><figcaption id=\"caption-attachment-41975\" class=\"wp-caption-text\">El Alcalde Patricio Freire visit\u00f3 la nueva piscina temperada que es utilizada por agrupaciones organizadas y por las clases de nataci\u00f3n para ni\u00f1os de todas las edades durante la ma\u00f1ana y para adultos por la tarde.<\/figcaption><\/figure>\n<p><a href=\"https:\/\/i0.wp.com\/www.eltrabajo.cl\/portal\/wp-content\/uploads\/2014\/01\/visita-piscina-2.jpg\"><img data-recalc-dims=\"1\" loading=\"lazy\" decoding=\"async\" class=\"alignnone size-full wp-image-41974\" alt=\"visita piscina (2)\" src=\"https:\/\/i0.wp.com\/www.eltrabajo.cl\/portal\/wp-content\/uploads\/2014\/01\/visita-piscina-2.jpg?resize=528%2C354\" width=\"528\" height=\"354\" srcset=\"https:\/\/i0.wp.com\/eltrabajo.cl\/portal\/wp-content\/uploads\/2014\/01\/visita-piscina-2.jpg?w=528&amp;ssl=1 528w, https:\/\/i0.wp.com\/eltrabajo.cl\/portal\/wp-content\/uploads\/2014\/01\/visita-piscina-2.jpg?resize=200%2C134&amp;ssl=1 200w, https:\/\/i0.wp.com\/eltrabajo.cl\/portal\/wp-content\/uploads\/2014\/01\/visita-piscina-2.jpg?resize=300%2C201&amp;ssl=1 300w, https:\/\/i0.wp.com\/eltrabajo.cl\/portal\/wp-content\/uploads\/2014\/01\/visita-piscina-2.jpg?resize=150%2C100&amp;ssl=1 150w, https:\/\/i0.wp.com\/eltrabajo.cl\/portal\/wp-content\/uploads\/2014\/01\/visita-piscina-2.jpg?resize=400%2C268&amp;ssl=1 400w\" sizes=\"auto, (max-width: 528px) 100vw, 528px\" \/><\/a><\/p>\n<p>Con el objetivo de ver en terreno como se est\u00e1n desarrollando las actividades en la piscina nueva o temperada, este martes visit\u00f3 las instalaciones el Alcalde Patricio Freire acompa\u00f1ado del coordinador municipal de Deportes, Danilo Pe\u00f1a.<\/p>\n<p>Ya desde temprano comenz\u00f3 la actividad en la piscina, la que est\u00e1 siendo utilizada por agrupaciones organizadas que se han contactado con el departamento de Deportes y que ya cuentan con un horario definido, a lo que se suman las clases de nataci\u00f3n para ni\u00f1os de todas las edades durante la ma\u00f1ana y para adultos por la tarde.<\/p>\n<p>\u201cEsta piscina podr\u00e1 ser utilizada por grupos organizados de la comunidad, juntas de vecinos, centros de madres, que quieran usar el recinto y sin costo para los vecinos, y el departamento de Deportes deber\u00e1 entregar los horarios para utilizarla, y las clases de nataci\u00f3n tambi\u00e9n se realizar\u00e1n en este recinto, estas clases ya comenzaron y la idea es que los ni\u00f1os y j\u00f3venes est\u00e9n entretenidos este verano con distintas actividades deportivas\u201d, dijo el Alcalde Freire.<\/p>\n<p>El jefe comunal lament\u00f3 la tardanza en la puesta en marcha de las piscinas, explicando que los m\u00faltiples problemas estructurales impidieron su apertura y se\u00f1alando que las dificultades tuvieron que ser subsanadas por la empresa a cargo de su construcci\u00f3n, realizando distintas reparaciones y pruebas para descartar la filtraci\u00f3n de agua.<\/p>\n<p>La misma situaci\u00f3n se produjo en las piscinas antiguas, que tambi\u00e9n necesitaron reparaciones en su infraestructura, las que hace a\u00f1os presentan graves da\u00f1os, por lo que la pr\u00f3xima semana se podr\u00eda contar con las instalaciones en buenas condiciones para el uso de la comunidad, tal como ocurr\u00eda todos los a\u00f1os.<\/p>\n<p>A estas actividades se suman las que se realizan en el Estadio Fiscal, con el llamado verano entretenido, que contempla clases de f\u00fatbol, b\u00e1squetbol y voleibol, donde est\u00e1n participando m\u00e1s de 100 ni\u00f1os que una vez que terminan de practicar deporte realizan actividades en la piscina.<\/p>\n<p>&nbsp;<\/p>\n","protected":false},"excerpt":{"rendered":"<p>Con el objetivo de ver en terreno como se est\u00e1n desarrollando las actividades en la piscina nueva o temperada, este martes visit\u00f3 las instalaciones el Alcalde Patricio Freire acompa\u00f1ado del coordinador municipal&#8230;<\/p>\n","protected":false},"author":482,"featured_media":41975,"comment_status":"open","ping_status":"closed","sticky":false,"template":"","format":"standard","meta":{"advanced_seo_description":"","jetpack_seo_html_title":"","jetpack_seo_noindex":false,"_jetpack_memberships_contains_paid_content":false,"footnotes":""},"categories":[1],"tags":[],"class_list":["post-41973","post","type-post","status-publish","format-standard","has-post-thumbnail","hentry","category-cronica"],"jetpack_featured_media_url":"https:\/\/i0.wp.com\/eltrabajo.cl\/portal\/wp-content\/uploads\/2014\/01\/visita-piscina-21.jpg?fit=528%2C354&ssl=1","jetpack_sharing_enabled":true,"jetpack_likes_enabled":true,"jetpack-related-posts":[],"_links":{"self":[{"href":"https:\/\/eltrabajo.cl\/portal\/wp-json\/wp\/v2\/posts\/41973","targetHints":{"allow":["GET"]}}],"collection":[{"href":"https:\/\/eltrabajo.cl\/portal\/wp-json\/wp\/v2\/posts"}],"about":[{"href":"https:\/\/eltrabajo.cl\/portal\/wp-json\/wp\/v2\/types\/post"}],"author":[{"embeddable":true,"href":"https:\/\/eltrabajo.cl\/portal\/wp-json\/wp\/v2\/users\/482"}],"replies":[{"embeddable":true,"href":"https:\/\/eltrabajo.cl\/portal\/wp-json\/wp\/v2\/comments?post=41973"}],"version-history":[{"count":0,"href":"https:\/\/eltrabajo.cl\/portal\/wp-json\/wp\/v2\/posts\/41973\/revisions"}],"wp:featuredmedia":[{"embeddable":true,"href":"https:\/\/eltrabajo.cl\/portal\/wp-json\/wp\/v2\/media\/41975"}],"wp:attachment":[{"href":"https:\/\/eltrabajo.cl\/portal\/wp-json\/wp\/v2\/media?parent=41973"}],"wp:term":[{"taxonomy":"category","embeddable":true,"href":"https:\/\/eltrabajo.cl\/portal\/wp-json\/wp\/v2\/categories?post=41973"},{"taxonomy":"post_tag","embeddable":true,"href":"https:\/\/eltrabajo.cl\/portal\/wp-json\/wp\/v2\/tags?post=41973"}],"curies":[{"name":"wp","href":"https:\/\/api.w.org\/{rel}","templated":true}]}}