{"id":41977,"date":"2014-01-15T09:51:09","date_gmt":"2014-01-15T12:51:09","guid":{"rendered":"http:\/\/www.eltrabajo.cl\/portal\/?p=41977"},"modified":"2014-01-15T09:51:09","modified_gmt":"2014-01-15T12:51:09","slug":"docentes-realizan-cuarta-capacitacion-sobre-programa-integracion-escolar","status":"publish","type":"post","link":"https:\/\/eltrabajo.cl\/portal\/docentes-realizan-cuarta-capacitacion-sobre-programa-integracion-escolar\/","title":{"rendered":"Docentes realizan cuarta capacitaci\u00f3n sobre Programa Integraci\u00f3n Escolar"},"content":{"rendered":"<figure id=\"attachment_41978\" aria-describedby=\"caption-attachment-41978\" style=\"width: 529px\" class=\"wp-caption alignnone\"><a href=\"https:\/\/i0.wp.com\/www.eltrabajo.cl\/portal\/wp-content\/uploads\/2014\/01\/jornada-pie-1.jpg\"><img data-recalc-dims=\"1\" loading=\"lazy\" decoding=\"async\" class=\"size-full wp-image-41978\" title=\"Durante la jornada se trabaj\u00f3 con grupos donde se abordaron las experiencias de los distintos establecimientos para as\u00ed enriquecer la interacci\u00f3n.\" alt=\"Durante la jornada se trabaj\u00f3 con grupos donde se abordaron las experiencias de los distintos establecimientos para as\u00ed enriquecer la interacci\u00f3n.\" src=\"https:\/\/i0.wp.com\/www.eltrabajo.cl\/portal\/wp-content\/uploads\/2014\/01\/jornada-pie-1.jpg?resize=529%2C300\" width=\"529\" height=\"300\" srcset=\"https:\/\/i0.wp.com\/eltrabajo.cl\/portal\/wp-content\/uploads\/2014\/01\/jornada-pie-1.jpg?w=529&amp;ssl=1 529w, https:\/\/i0.wp.com\/eltrabajo.cl\/portal\/wp-content\/uploads\/2014\/01\/jornada-pie-1.jpg?resize=200%2C113&amp;ssl=1 200w, https:\/\/i0.wp.com\/eltrabajo.cl\/portal\/wp-content\/uploads\/2014\/01\/jornada-pie-1.jpg?resize=300%2C170&amp;ssl=1 300w, https:\/\/i0.wp.com\/eltrabajo.cl\/portal\/wp-content\/uploads\/2014\/01\/jornada-pie-1.jpg?resize=150%2C85&amp;ssl=1 150w, https:\/\/i0.wp.com\/eltrabajo.cl\/portal\/wp-content\/uploads\/2014\/01\/jornada-pie-1.jpg?resize=400%2C226&amp;ssl=1 400w\" sizes=\"auto, (max-width: 529px) 100vw, 529px\" \/><\/a><figcaption id=\"caption-attachment-41978\" class=\"wp-caption-text\">Durante la jornada se trabaj\u00f3 con grupos donde se abordaron las experiencias de los distintos establecimientos para as\u00ed enriquecer la interacci\u00f3n.<\/figcaption><\/figure>\n<p>En horas de este martes, en dependencias del Liceo Corina Urbina de San Felipe, y en jornadas que se extendieron desde las 09:00 a las 13:00 Hrs. por la ma\u00f1ana, y de 15:00 a 17:00 Hrs. por la tarde, se desarroll\u00f3 la cuarta jornada de capacitaci\u00f3n para docentes de establecimientos educacionales municipalizados, la que despert\u00f3 un gran inter\u00e9s por parte de los profesores, quienes atentamente siguieron los detalles de estas importantes jornadas.<\/p>\n<figure id=\"attachment_41980\" aria-describedby=\"caption-attachment-41980\" style=\"width: 317px\" class=\"wp-caption alignright\"><a href=\"https:\/\/i0.wp.com\/www.eltrabajo.cl\/portal\/wp-content\/uploads\/2014\/01\/Carolina-Gonzalez.jpg\"><img data-recalc-dims=\"1\" loading=\"lazy\" decoding=\"async\" class=\" wp-image-41980 \" title=\"Carolina Gonz\u00e1lez, Psic\u00f3loga y coordinadora del Programa de Integraci\u00f3n Escolar (PIE).\" alt=\"Carolina Gonz\u00e1lez, Psic\u00f3loga y coordinadora del Programa de Integraci\u00f3n Escolar (PIE).\" src=\"https:\/\/i0.wp.com\/www.eltrabajo.cl\/portal\/wp-content\/uploads\/2014\/01\/Carolina-Gonzalez.jpg?resize=317%2C278\" width=\"317\" height=\"278\" srcset=\"https:\/\/i0.wp.com\/eltrabajo.cl\/portal\/wp-content\/uploads\/2014\/01\/Carolina-Gonzalez.jpg?w=529&amp;ssl=1 529w, https:\/\/i0.wp.com\/eltrabajo.cl\/portal\/wp-content\/uploads\/2014\/01\/Carolina-Gonzalez.jpg?resize=171%2C150&amp;ssl=1 171w, https:\/\/i0.wp.com\/eltrabajo.cl\/portal\/wp-content\/uploads\/2014\/01\/Carolina-Gonzalez.jpg?resize=300%2C263&amp;ssl=1 300w, https:\/\/i0.wp.com\/eltrabajo.cl\/portal\/wp-content\/uploads\/2014\/01\/Carolina-Gonzalez.jpg?resize=150%2C131&amp;ssl=1 150w, https:\/\/i0.wp.com\/eltrabajo.cl\/portal\/wp-content\/uploads\/2014\/01\/Carolina-Gonzalez.jpg?resize=400%2C350&amp;ssl=1 400w\" sizes=\"auto, (max-width: 317px) 100vw, 317px\" \/><\/a><figcaption id=\"caption-attachment-41980\" class=\"wp-caption-text\">Carolina Gonz\u00e1lez, Psic\u00f3loga y coordinadora del Programa de Integraci\u00f3n Escolar (PIE).<\/figcaption><\/figure>\n<p>Lo anterior est\u00e1 enmarcado dentro de las actividades de elaboraci\u00f3n de la planificaci\u00f3n estrat\u00e9gica programada por los profesionales del PIE, y los resultados apuntan directamente al trabajo te\u00f3rico-pr\u00e1ctico, adem\u00e1s de lo que puede hacer el equipo de profesionales en los establecimientos, siento en esta ocasi\u00f3n impartido solo a un grupo importante de docentes, ya que la idea es ir abarcando de manera m\u00e1s personalizada las \u00e1reas de inter\u00e9s de los docentes, por lo que una jornada similar se realizar\u00e1 nuevamente con docentes nuevos y el resto del personal que comienzan a trabajar el mes de marzo.<\/p>\n<p>En las capacitaciones, se abordaron dos temas fundamentales que son desarrollo a nivel sala de aprendizaje, y la segunda que es adecuaci\u00f3n curricular, lo que aborda tambi\u00e9n evaluaci\u00f3n diferenciada, para lo cual se realiz\u00f3 un trabajo te\u00f3rico-pr\u00e1ctico por la importancia del \u2018aprender haciendo\u2019.<\/p>\n<p>En la oportunidad, Carolina Gonz\u00e1lez, Psic\u00f3loga y coordinadora del Programa de Integraci\u00f3n Escolar (PIE), se\u00f1al\u00f3 que \u201cla idea es que el equipo trabaje en conjunto con grupos, en donde se aborden las experiencias de los distintos establecimientos, para as\u00ed enriquecer la interacci\u00f3n, permitiendo obtener un levantamiento de informaci\u00f3n considerable, con la cual se podr\u00e1n establecer nuevos lineamientos, y adem\u00e1s, mejorar todo el proceso\u201d.<\/p>\n<p>Adem\u00e1s la profesional destac\u00f3 la importancia de los seguimientos y monitoreos a trav\u00e9s del a\u00f1o, se\u00f1alando que \u201ces importante ver c\u00f3mo se desarrollan los avances y los procesos, debido a que este ser\u00e1 un trabajo largo, que no abarcar\u00e1 solo un par de meses, sino que es un tema de cambios, de aportar nuevos conocimientos, para as\u00ed ir trabajando como un gran equipo, que involucre a todos quienes trabajamos en la educaci\u00f3n municipalizada\u201d.<\/p>\n<p>En la actualidad el equipo de profesionales que trabaja en el Programa de Integraci\u00f3n Escolar alcanza a los 70 profesionales de todas las \u00e1reas relacionadas a la educaci\u00f3n, m\u00e1s 143 profesores de asignatura que colaboran en cada uno de los establecimientos, esperando la realizaci\u00f3n de nuevas jornadas a partir del mes de mayo de este a\u00f1o.<\/p>\n","protected":false},"excerpt":{"rendered":"<p>En horas de este martes, en dependencias del Liceo Corina Urbina de San Felipe, y en jornadas que se extendieron desde las 09:00 a las 13:00 Hrs. por la ma\u00f1ana, y de&#8230;<\/p>\n","protected":false},"author":482,"featured_media":41979,"comment_status":"open","ping_status":"closed","sticky":false,"template":"","format":"standard","meta":{"advanced_seo_description":"","jetpack_seo_html_title":"","jetpack_seo_noindex":false,"_jetpack_memberships_contains_paid_content":false,"footnotes":""},"categories":[1],"tags":[],"class_list":["post-41977","post","type-post","status-publish","format-standard","has-post-thumbnail","hentry","category-cronica"],"jetpack_featured_media_url":"https:\/\/i0.wp.com\/eltrabajo.cl\/portal\/wp-content\/uploads\/2014\/01\/jornada-pie-11.jpg?fit=529%2C300&ssl=1","jetpack_sharing_enabled":true,"jetpack_likes_enabled":true,"jetpack-related-posts":[],"_links":{"self":[{"href":"https:\/\/eltrabajo.cl\/portal\/wp-json\/wp\/v2\/posts\/41977","targetHints":{"allow":["GET"]}}],"collection":[{"href":"https:\/\/eltrabajo.cl\/portal\/wp-json\/wp\/v2\/posts"}],"about":[{"href":"https:\/\/eltrabajo.cl\/portal\/wp-json\/wp\/v2\/types\/post"}],"author":[{"embeddable":true,"href":"https:\/\/eltrabajo.cl\/portal\/wp-json\/wp\/v2\/users\/482"}],"replies":[{"embeddable":true,"href":"https:\/\/eltrabajo.cl\/portal\/wp-json\/wp\/v2\/comments?post=41977"}],"version-history":[{"count":0,"href":"https:\/\/eltrabajo.cl\/portal\/wp-json\/wp\/v2\/posts\/41977\/revisions"}],"wp:featuredmedia":[{"embeddable":true,"href":"https:\/\/eltrabajo.cl\/portal\/wp-json\/wp\/v2\/media\/41979"}],"wp:attachment":[{"href":"https:\/\/eltrabajo.cl\/portal\/wp-json\/wp\/v2\/media?parent=41977"}],"wp:term":[{"taxonomy":"category","embeddable":true,"href":"https:\/\/eltrabajo.cl\/portal\/wp-json\/wp\/v2\/categories?post=41977"},{"taxonomy":"post_tag","embeddable":true,"href":"https:\/\/eltrabajo.cl\/portal\/wp-json\/wp\/v2\/tags?post=41977"}],"curies":[{"name":"wp","href":"https:\/\/api.w.org\/{rel}","templated":true}]}}