{"id":41983,"date":"2014-01-15T09:53:13","date_gmt":"2014-01-15T12:53:13","guid":{"rendered":"http:\/\/www.eltrabajo.cl\/portal\/?p=41983"},"modified":"2014-01-15T09:53:13","modified_gmt":"2014-01-15T12:53:13","slug":"por-fin-este-viernes-entregaran-al-uso-los-ascensores-de-la-gobernacion","status":"publish","type":"post","link":"https:\/\/eltrabajo.cl\/portal\/por-fin-este-viernes-entregaran-al-uso-los-ascensores-de-la-gobernacion\/","title":{"rendered":"\u00a1Por fin! Este viernes entregar\u00e1n al uso los ascensores de la Gobernaci\u00f3n"},"content":{"rendered":"<figure id=\"attachment_41984\" aria-describedby=\"caption-attachment-41984\" style=\"width: 317px\" class=\"wp-caption alignleft\"><a href=\"https:\/\/i0.wp.com\/www.eltrabajo.cl\/portal\/wp-content\/uploads\/2014\/01\/Gobernadora-Boffa.jpg\"><img data-recalc-dims=\"1\" loading=\"lazy\" decoding=\"async\" class=\" wp-image-41984 \" title=\"La autoridad provincial se reuni\u00f3 con ejecutivos de la empresa para quejarse por la tardanza en la terminaci\u00f3n del proyecto.\" alt=\"La autoridad provincial se reuni\u00f3 con ejecutivos de la empresa para quejarse por la tardanza en la terminaci\u00f3n del proyecto.\" src=\"https:\/\/i0.wp.com\/www.eltrabajo.cl\/portal\/wp-content\/uploads\/2014\/01\/Gobernadora-Boffa.jpg?resize=317%2C251\" width=\"317\" height=\"251\" srcset=\"https:\/\/i0.wp.com\/eltrabajo.cl\/portal\/wp-content\/uploads\/2014\/01\/Gobernadora-Boffa.jpg?w=529&amp;ssl=1 529w, https:\/\/i0.wp.com\/eltrabajo.cl\/portal\/wp-content\/uploads\/2014\/01\/Gobernadora-Boffa.jpg?resize=189%2C150&amp;ssl=1 189w, https:\/\/i0.wp.com\/eltrabajo.cl\/portal\/wp-content\/uploads\/2014\/01\/Gobernadora-Boffa.jpg?resize=300%2C237&amp;ssl=1 300w, https:\/\/i0.wp.com\/eltrabajo.cl\/portal\/wp-content\/uploads\/2014\/01\/Gobernadora-Boffa.jpg?resize=150%2C118&amp;ssl=1 150w, https:\/\/i0.wp.com\/eltrabajo.cl\/portal\/wp-content\/uploads\/2014\/01\/Gobernadora-Boffa.jpg?resize=400%2C316&amp;ssl=1 400w\" sizes=\"auto, (max-width: 317px) 100vw, 317px\" \/><\/a><figcaption id=\"caption-attachment-41984\" class=\"wp-caption-text\">La autoridad provincial se reuni\u00f3 con ejecutivos de la empresa para quejarse por la tardanza en la terminaci\u00f3n del proyecto.<\/figcaption><\/figure>\n<p>Tras meses de espera, finalmente este viernes la empresa Ascensores Chile comprometi\u00f3 formalmente con la gobernadora provincial Patricia Boffa, la entrega de los ascensores del edificio de la Gobernaci\u00f3n de San Felipe, los que originalmente deb\u00edan estar listos para su uso el 31 de octubre pasado.<\/p>\n<p>La noticia la entreg\u00f3 la autoridad provincial, quien manifest\u00f3 que tras una serie de gestiones y de hacer una queja formal al gerente de la empresa, se dispuso este lunes la reanudaci\u00f3n de los trabajos de detalle, que son los \u00fanicos que restan para finalizar este proyecto tan anhelado.<\/p>\n<p>Es sabido que los ascensores en el edificio de la gobernaci\u00f3n son muy necesarios y si bien la Inspecci\u00f3n del Trabajo se traslad\u00f3 a calle Riquelme precisamente atendiendo esta contingencia de renovaci\u00f3n de los ascensores, tambi\u00e9n hay quienes van a otros servicios, como Junaeb, que se ubica en el s\u00e9ptimo piso y cuyo acceso era sin\u00f3nimo de un enorme sacrificio, sobre todo para los discapacitados, embarazadas y adultos mayores.<\/p>\n<figure id=\"attachment_41985\" aria-describedby=\"caption-attachment-41985\" style=\"width: 296px\" class=\"wp-caption alignright\"><a href=\"https:\/\/i0.wp.com\/www.eltrabajo.cl\/portal\/wp-content\/uploads\/2014\/01\/Ascensores.jpg\"><img data-recalc-dims=\"1\" loading=\"lazy\" decoding=\"async\" class=\" wp-image-41985  \" title=\"Obras menores correspondientes a salidas del ascensor, colocaci\u00f3n de placas y pintura, son lo \u00fanico que restan para concluir este proyecto.\" alt=\"Obras menores correspondientes a salidas del ascensor, colocaci\u00f3n de placas y pintura, son lo \u00fanico que restan para concluir este proyecto.\" src=\"https:\/\/i0.wp.com\/www.eltrabajo.cl\/portal\/wp-content\/uploads\/2014\/01\/Ascensores.jpg?resize=296%2C444\" width=\"296\" height=\"444\" srcset=\"https:\/\/i0.wp.com\/eltrabajo.cl\/portal\/wp-content\/uploads\/2014\/01\/Ascensores.jpg?w=529&amp;ssl=1 529w, https:\/\/i0.wp.com\/eltrabajo.cl\/portal\/wp-content\/uploads\/2014\/01\/Ascensores.jpg?resize=100%2C150&amp;ssl=1 100w, https:\/\/i0.wp.com\/eltrabajo.cl\/portal\/wp-content\/uploads\/2014\/01\/Ascensores.jpg?resize=200%2C300&amp;ssl=1 200w, https:\/\/i0.wp.com\/eltrabajo.cl\/portal\/wp-content\/uploads\/2014\/01\/Ascensores.jpg?resize=400%2C599&amp;ssl=1 400w\" sizes=\"auto, (max-width: 296px) 100vw, 296px\" \/><\/a><figcaption id=\"caption-attachment-41985\" class=\"wp-caption-text\">Obras menores correspondientes a salidas del ascensor, colocaci\u00f3n de placas y pintura, son lo \u00fanico que restan para concluir este proyecto.<\/figcaption><\/figure>\n<p>La gobernadora Boffa expres\u00f3 su satisfacci\u00f3n por la culminaci\u00f3n de las obras de renovaci\u00f3n, que eran en definitiva m\u00ednimas, ya que el grueso del proyecto est\u00e1 ejecutado e incluso los ascensores ya fueron probados.<\/p>\n<p>\u201cLa empresa Ascensores Chile se ha comunicado con esta gobernadora para indicarnos que este viernes en la ma\u00f1ana, har\u00e1 entrega de los ascensores de la Gobernaci\u00f3n Provincial, con la certificaci\u00f3n que esto implica. Estamos muy contentos, porque luego de estar mucho tiempo con los ascensores sin funcionar, y que fuesen trabajos m\u00ednimos los que impidieran ponerlos en operaciones, no podemos sino alegrarnos de poder entregar a la comunidad este proyecto concluido\u201d, manifest\u00f3 la gobernadora Patricia Boffa.<\/p>\n<p>Los trabajos que se est\u00e1n realizando corresponden a las salidas del ascensor, colocaci\u00f3n de placas y pintura.<\/p>\n<p>En todo caso, la reanudaci\u00f3n de los trabajos obedecer\u00eda al hecho que la gobernadora \u2013cansada de tanta explicaci\u00f3n- lleg\u00f3 hasta las oficinas centrales de Ascensores Chile en Santiago, para hacer su queja formal por la tardanza en esta obra, la que se dilat\u00f3 por temas administrativos.<\/p>\n<p>&nbsp;<\/p>\n","protected":false},"excerpt":{"rendered":"<p>Tras meses de espera, finalmente este viernes la empresa Ascensores Chile comprometi\u00f3 formalmente con la gobernadora provincial Patricia Boffa, la entrega de los ascensores del edificio de la Gobernaci\u00f3n de San Felipe,&#8230;<\/p>\n","protected":false},"author":482,"featured_media":41984,"comment_status":"open","ping_status":"closed","sticky":false,"template":"","format":"standard","meta":{"advanced_seo_description":"","jetpack_seo_html_title":"","jetpack_seo_noindex":false,"_jetpack_memberships_contains_paid_content":false,"footnotes":""},"categories":[1],"tags":[],"class_list":["post-41983","post","type-post","status-publish","format-standard","has-post-thumbnail","hentry","category-cronica"],"jetpack_featured_media_url":"https:\/\/i0.wp.com\/eltrabajo.cl\/portal\/wp-content\/uploads\/2014\/01\/Gobernadora-Boffa.jpg?fit=529%2C418&ssl=1","jetpack_sharing_enabled":true,"jetpack_likes_enabled":true,"jetpack-related-posts":[],"_links":{"self":[{"href":"https:\/\/eltrabajo.cl\/portal\/wp-json\/wp\/v2\/posts\/41983","targetHints":{"allow":["GET"]}}],"collection":[{"href":"https:\/\/eltrabajo.cl\/portal\/wp-json\/wp\/v2\/posts"}],"about":[{"href":"https:\/\/eltrabajo.cl\/portal\/wp-json\/wp\/v2\/types\/post"}],"author":[{"embeddable":true,"href":"https:\/\/eltrabajo.cl\/portal\/wp-json\/wp\/v2\/users\/482"}],"replies":[{"embeddable":true,"href":"https:\/\/eltrabajo.cl\/portal\/wp-json\/wp\/v2\/comments?post=41983"}],"version-history":[{"count":0,"href":"https:\/\/eltrabajo.cl\/portal\/wp-json\/wp\/v2\/posts\/41983\/revisions"}],"wp:featuredmedia":[{"embeddable":true,"href":"https:\/\/eltrabajo.cl\/portal\/wp-json\/wp\/v2\/media\/41984"}],"wp:attachment":[{"href":"https:\/\/eltrabajo.cl\/portal\/wp-json\/wp\/v2\/media?parent=41983"}],"wp:term":[{"taxonomy":"category","embeddable":true,"href":"https:\/\/eltrabajo.cl\/portal\/wp-json\/wp\/v2\/categories?post=41983"},{"taxonomy":"post_tag","embeddable":true,"href":"https:\/\/eltrabajo.cl\/portal\/wp-json\/wp\/v2\/tags?post=41983"}],"curies":[{"name":"wp","href":"https:\/\/api.w.org\/{rel}","templated":true}]}}