{"id":41993,"date":"2014-01-15T09:58:52","date_gmt":"2014-01-15T12:58:52","guid":{"rendered":"http:\/\/www.eltrabajo.cl\/portal\/?p=41993"},"modified":"2014-01-15T09:59:29","modified_gmt":"2014-01-15T12:59:29","slug":"muere-de-cancer-pedro-comparichi-olguin-a-sus-53-anos-de-edad","status":"publish","type":"post","link":"https:\/\/eltrabajo.cl\/portal\/muere-de-cancer-pedro-comparichi-olguin-a-sus-53-anos-de-edad\/","title":{"rendered":"Muere de c\u00e1ncer Pedro \u2018Comparichi\u2019 Olgu\u00edn a sus 53 a\u00f1os de edad"},"content":{"rendered":"<figure id=\"attachment_41994\" aria-describedby=\"caption-attachment-41994\" style=\"width: 317px\" class=\"wp-caption alignleft\"><a href=\"https:\/\/i0.wp.com\/www.eltrabajo.cl\/portal\/wp-content\/uploads\/2014\/01\/Pedro-Olguin.jpg\"><img data-recalc-dims=\"1\" loading=\"lazy\" decoding=\"async\" class=\" wp-image-41994 \" title=\"FALLECIDO.- Pedro Olgu\u00edn Bahamondes, naci\u00f3 el s\u00e1bado 26 de marzo de 1960, muere el martes 14 de enero de 2013.\" alt=\"FALLECIDO.- Pedro Olgu\u00edn Bahamondes, naci\u00f3 el s\u00e1bado 26 de marzo de 1960, muere el martes 14 de enero de 2013.\" src=\"https:\/\/i0.wp.com\/www.eltrabajo.cl\/portal\/wp-content\/uploads\/2014\/01\/Pedro-Olguin.jpg?resize=317%2C316\" width=\"317\" height=\"316\" srcset=\"https:\/\/i0.wp.com\/eltrabajo.cl\/portal\/wp-content\/uploads\/2014\/01\/Pedro-Olguin.jpg?w=529&amp;ssl=1 529w, https:\/\/i0.wp.com\/eltrabajo.cl\/portal\/wp-content\/uploads\/2014\/01\/Pedro-Olguin.jpg?resize=150%2C150&amp;ssl=1 150w, https:\/\/i0.wp.com\/eltrabajo.cl\/portal\/wp-content\/uploads\/2014\/01\/Pedro-Olguin.jpg?resize=300%2C298&amp;ssl=1 300w, https:\/\/i0.wp.com\/eltrabajo.cl\/portal\/wp-content\/uploads\/2014\/01\/Pedro-Olguin.jpg?resize=400%2C398&amp;ssl=1 400w\" sizes=\"auto, (max-width: 317px) 100vw, 317px\" \/><\/a><figcaption id=\"caption-attachment-41994\" class=\"wp-caption-text\">FALLECIDO.- Pedro Olgu\u00edn Bahamondes, naci\u00f3 el s\u00e1bado 26 de marzo de 1960, muere el martes 14 de enero de 2013.<\/figcaption><\/figure>\n<p>Luego que diera una dura pelea contra un c\u00e1ncer de h\u00edgado y perdiera la batalla en ello, a las 07:45 horas de este martes falleci\u00f3 Pedro \u2018Comparichi\u2019 Olgu\u00edn Bahamondes, quien ser\u00e1 cremado hoy al mediod\u00eda en Santiago. El conocido empresario era el due\u00f1o de la c\u00e9ntrica Vidrier\u00eda Olgu\u00edn, fundada hace 30 a\u00f1os y con la que gener\u00f3 los recursos para levantar y sostener dignamente de pie a su familia.<\/p>\n<figure id=\"attachment_41995\" aria-describedby=\"caption-attachment-41995\" style=\"width: 422px\" class=\"wp-caption alignright\"><a href=\"https:\/\/i0.wp.com\/www.eltrabajo.cl\/portal\/wp-content\/uploads\/2014\/01\/Juventud1.jpg\"><img data-recalc-dims=\"1\" loading=\"lazy\" decoding=\"async\" class=\" wp-image-41995 \" title=\"SU JUVENTUD.- As\u00ed luc\u00eda Pedro \u2018Comparichi\u2019 Olgu\u00edn a sus frescos 20 a\u00f1os, siempre alegre y lleno de grandes planes para su vida.\" alt=\"SU JUVENTUD.- As\u00ed luc\u00eda Pedro \u2018Comparichi\u2019 Olgu\u00edn a sus frescos 20 a\u00f1os, siempre alegre y lleno de grandes planes para su vida.\" src=\"https:\/\/i0.wp.com\/www.eltrabajo.cl\/portal\/wp-content\/uploads\/2014\/01\/Juventud1.jpg?resize=422%2C282\" width=\"422\" height=\"282\" srcset=\"https:\/\/i0.wp.com\/eltrabajo.cl\/portal\/wp-content\/uploads\/2014\/01\/Juventud1.jpg?w=528&amp;ssl=1 528w, https:\/\/i0.wp.com\/eltrabajo.cl\/portal\/wp-content\/uploads\/2014\/01\/Juventud1.jpg?resize=200%2C133&amp;ssl=1 200w, https:\/\/i0.wp.com\/eltrabajo.cl\/portal\/wp-content\/uploads\/2014\/01\/Juventud1.jpg?resize=300%2C200&amp;ssl=1 300w, https:\/\/i0.wp.com\/eltrabajo.cl\/portal\/wp-content\/uploads\/2014\/01\/Juventud1.jpg?resize=150%2C100&amp;ssl=1 150w, https:\/\/i0.wp.com\/eltrabajo.cl\/portal\/wp-content\/uploads\/2014\/01\/Juventud1.jpg?resize=400%2C266&amp;ssl=1 400w\" sizes=\"auto, (max-width: 422px) 100vw, 422px\" \/><\/a><figcaption id=\"caption-attachment-41995\" class=\"wp-caption-text\">SU JUVENTUD.- As\u00ed luc\u00eda Pedro \u2018Comparichi\u2019 Olgu\u00edn a sus frescos 20 a\u00f1os, siempre alegre y lleno de grandes planes para su vida.<\/figcaption><\/figure>\n<p>\u00abPap\u00e1 fue un luchador, \u00e9l crey\u00f3 hace unos meses que ya hab\u00eda superado su enfermedad, pues en febrero del a\u00f1o pasado le operaron un c\u00e1ncer biliar, gener\u00e1ndose finalmente en el mismo mal pero alojado en el h\u00edgado\u00bb, coment\u00f3 a Diario El Trabajo Katherina Olgu\u00edn, hija mayor del ahora fallecido.<\/p>\n<figure id=\"attachment_41997\" aria-describedby=\"caption-attachment-41997\" style=\"width: 423px\" class=\"wp-caption alignleft\"><a href=\"https:\/\/i0.wp.com\/www.eltrabajo.cl\/portal\/wp-content\/uploads\/2014\/01\/Dolor1.jpg\"><img data-recalc-dims=\"1\" loading=\"lazy\" decoding=\"async\" class=\" wp-image-41997 \" title=\"DOLOR.- Familiares y amigos se fundieron en un sincero abrazo durante el velatorio, otros en cambio, prefirieron recordar los mejores momentos viendo las fotos del \u00e1lbum familiar.\" alt=\"DOLOR.- Familiares y amigos se fundieron en un sincero abrazo durante el velatorio, otros en cambio, prefirieron recordar los mejores momentos viendo las fotos del \u00e1lbum familiar.\" src=\"https:\/\/i0.wp.com\/www.eltrabajo.cl\/portal\/wp-content\/uploads\/2014\/01\/Dolor1.jpg?resize=423%2C307\" width=\"423\" height=\"307\" srcset=\"https:\/\/i0.wp.com\/eltrabajo.cl\/portal\/wp-content\/uploads\/2014\/01\/Dolor1.jpg?w=529&amp;ssl=1 529w, https:\/\/i0.wp.com\/eltrabajo.cl\/portal\/wp-content\/uploads\/2014\/01\/Dolor1.jpg?resize=200%2C145&amp;ssl=1 200w, https:\/\/i0.wp.com\/eltrabajo.cl\/portal\/wp-content\/uploads\/2014\/01\/Dolor1.jpg?resize=300%2C217&amp;ssl=1 300w, https:\/\/i0.wp.com\/eltrabajo.cl\/portal\/wp-content\/uploads\/2014\/01\/Dolor1.jpg?resize=150%2C108&amp;ssl=1 150w, https:\/\/i0.wp.com\/eltrabajo.cl\/portal\/wp-content\/uploads\/2014\/01\/Dolor1.jpg?resize=400%2C290&amp;ssl=1 400w\" sizes=\"auto, (max-width: 423px) 100vw, 423px\" \/><\/a><figcaption id=\"caption-attachment-41997\" class=\"wp-caption-text\">DOLOR.- Familiares y amigos se fundieron en un sincero abrazo durante el velatorio, otros en cambio, prefirieron recordar los mejores momentos viendo las fotos del \u00e1lbum familiar.<\/figcaption><\/figure>\n<p>Seg\u00fan Katherina, \u00abfue devastador para \u00e9l o\u00edr el dictamen m\u00e9dico que lo sentenci\u00f3 a morir, \u00e9l se aferr\u00f3 a la vida y nunca acept\u00f3 asumir que tendr\u00eda que marcharse, a todos nos ha dolido su partida, \u00e9l era el \u2018Alma de la fiesta\u2019, siempre alegre y siempre amigable\u00bb, agreg\u00f3 su hija.<\/p>\n<figure id=\"attachment_41998\" aria-describedby=\"caption-attachment-41998\" style=\"width: 222px\" class=\"wp-caption alignright\"><a href=\"https:\/\/i0.wp.com\/www.eltrabajo.cl\/portal\/wp-content\/uploads\/2014\/01\/Katherina-Olguin.jpg\"><img data-recalc-dims=\"1\" loading=\"lazy\" decoding=\"async\" class=\" wp-image-41998  \" title=\"Katherina Olgu\u00edn, hija mayor del fallecido.\" alt=\"Katherina Olgu\u00edn, hija mayor del fallecido.\" src=\"https:\/\/i0.wp.com\/www.eltrabajo.cl\/portal\/wp-content\/uploads\/2014\/01\/Katherina-Olguin.jpg?resize=222%2C221\" width=\"222\" height=\"221\" srcset=\"https:\/\/i0.wp.com\/eltrabajo.cl\/portal\/wp-content\/uploads\/2014\/01\/Katherina-Olguin.jpg?w=529&amp;ssl=1 529w, https:\/\/i0.wp.com\/eltrabajo.cl\/portal\/wp-content\/uploads\/2014\/01\/Katherina-Olguin.jpg?resize=150%2C150&amp;ssl=1 150w, https:\/\/i0.wp.com\/eltrabajo.cl\/portal\/wp-content\/uploads\/2014\/01\/Katherina-Olguin.jpg?resize=300%2C298&amp;ssl=1 300w, https:\/\/i0.wp.com\/eltrabajo.cl\/portal\/wp-content\/uploads\/2014\/01\/Katherina-Olguin.jpg?resize=400%2C397&amp;ssl=1 400w\" sizes=\"auto, (max-width: 222px) 100vw, 222px\" \/><\/a><figcaption id=\"caption-attachment-41998\" class=\"wp-caption-text\">Katherina Olgu\u00edn, hija mayor del fallecido.<\/figcaption><\/figure>\n<p>Pedro \u2018Comparichi\u2019 Olgu\u00edn era esposo de Jessica Araya y supo ganarse muchos amigos, para \u00e9l todos eran sus \u2018comparichis\u2019, por lo que recibi\u00f3 ese cari\u00f1oso apodo. Pedro se hab\u00eda sometido al proceso de quimioterapia, la cual fall\u00f3 evidentemente y lo hundi\u00f3 en una profunda depresi\u00f3n al final de sus d\u00edas, pues hasta dos viajes que \u00e9l planific\u00f3 con su familia en crucero, tuvo que suspender por causas del mal que lo llev\u00f3 a la tumba. \u2018Comparichi\u2019 Olgu\u00edn tuvo tres hijos, Katherina, Felipe y Gabriel, el velatorio se realiz\u00f3 anoche en el Colegio de Profesores.<\/p>\n<p>Roberto Gonz\u00e1lez Short<\/p>\n<p>rgonzalez@eltrabvajo.cl<\/p>\n<p>&nbsp;<\/p>\n","protected":false},"excerpt":{"rendered":"<p>Luego que diera una dura pelea contra un c\u00e1ncer de h\u00edgado y perdiera la batalla en ello, a las 07:45 horas de este martes falleci\u00f3 Pedro \u2018Comparichi\u2019 Olgu\u00edn Bahamondes, quien ser\u00e1 cremado&#8230;<\/p>\n","protected":false},"author":482,"featured_media":41994,"comment_status":"open","ping_status":"closed","sticky":false,"template":"","format":"standard","meta":{"advanced_seo_description":"","jetpack_seo_html_title":"","jetpack_seo_noindex":false,"_jetpack_memberships_contains_paid_content":false,"footnotes":""},"categories":[15],"tags":[],"class_list":["post-41993","post","type-post","status-publish","format-standard","has-post-thumbnail","hentry","category-comunidad"],"jetpack_featured_media_url":"https:\/\/i0.wp.com\/eltrabajo.cl\/portal\/wp-content\/uploads\/2014\/01\/Pedro-Olguin.jpg?fit=529%2C527&ssl=1","jetpack_sharing_enabled":true,"jetpack_likes_enabled":true,"jetpack-related-posts":[],"_links":{"self":[{"href":"https:\/\/eltrabajo.cl\/portal\/wp-json\/wp\/v2\/posts\/41993","targetHints":{"allow":["GET"]}}],"collection":[{"href":"https:\/\/eltrabajo.cl\/portal\/wp-json\/wp\/v2\/posts"}],"about":[{"href":"https:\/\/eltrabajo.cl\/portal\/wp-json\/wp\/v2\/types\/post"}],"author":[{"embeddable":true,"href":"https:\/\/eltrabajo.cl\/portal\/wp-json\/wp\/v2\/users\/482"}],"replies":[{"embeddable":true,"href":"https:\/\/eltrabajo.cl\/portal\/wp-json\/wp\/v2\/comments?post=41993"}],"version-history":[{"count":0,"href":"https:\/\/eltrabajo.cl\/portal\/wp-json\/wp\/v2\/posts\/41993\/revisions"}],"wp:featuredmedia":[{"embeddable":true,"href":"https:\/\/eltrabajo.cl\/portal\/wp-json\/wp\/v2\/media\/41994"}],"wp:attachment":[{"href":"https:\/\/eltrabajo.cl\/portal\/wp-json\/wp\/v2\/media?parent=41993"}],"wp:term":[{"taxonomy":"category","embeddable":true,"href":"https:\/\/eltrabajo.cl\/portal\/wp-json\/wp\/v2\/categories?post=41993"},{"taxonomy":"post_tag","embeddable":true,"href":"https:\/\/eltrabajo.cl\/portal\/wp-json\/wp\/v2\/tags?post=41993"}],"curies":[{"name":"wp","href":"https:\/\/api.w.org\/{rel}","templated":true}]}}