{"id":42003,"date":"2014-01-15T10:03:34","date_gmt":"2014-01-15T13:03:34","guid":{"rendered":"http:\/\/www.eltrabajo.cl\/portal\/?p=42003"},"modified":"2014-01-15T10:03:34","modified_gmt":"2014-01-15T13:03:34","slug":"sacan-toneladas-de-basura-desde-casa-de-vecino-con-mal-de-diogenes","status":"publish","type":"post","link":"https:\/\/eltrabajo.cl\/portal\/sacan-toneladas-de-basura-desde-casa-de-vecino-con-mal-de-diogenes\/","title":{"rendered":"Sacan toneladas de basura desde casa de vecino con Mal de Di\u00f3genes"},"content":{"rendered":"<figure id=\"attachment_42004\" aria-describedby=\"caption-attachment-42004\" style=\"width: 528px\" class=\"wp-caption alignnone\"><a href=\"https:\/\/i0.wp.com\/www.eltrabajo.cl\/portal\/wp-content\/uploads\/2014\/01\/Diogenes3.jpg\"><img data-recalc-dims=\"1\" loading=\"lazy\" decoding=\"async\" class=\"size-full wp-image-42004\" title=\"PESTILENCIA.- Varios contenedores fueron llenados de escombros por personal municipal, quien se debi\u00f3 tapar la nariz para evitar respirar los malos olores. El operativo dur\u00f3 varias horas.\" alt=\"PESTILENCIA.- Varios contenedores fueron llenados de escombros por personal municipal, quien se debi\u00f3 tapar la nariz para evitar respirar los malos olores. El operativo dur\u00f3 varias horas.\" src=\"https:\/\/i0.wp.com\/www.eltrabajo.cl\/portal\/wp-content\/uploads\/2014\/01\/Diogenes3.jpg?resize=528%2C397\" width=\"528\" height=\"397\" srcset=\"https:\/\/i0.wp.com\/eltrabajo.cl\/portal\/wp-content\/uploads\/2014\/01\/Diogenes3.jpg?w=528&amp;ssl=1 528w, https:\/\/i0.wp.com\/eltrabajo.cl\/portal\/wp-content\/uploads\/2014\/01\/Diogenes3.jpg?resize=200%2C150&amp;ssl=1 200w, https:\/\/i0.wp.com\/eltrabajo.cl\/portal\/wp-content\/uploads\/2014\/01\/Diogenes3.jpg?resize=300%2C225&amp;ssl=1 300w, https:\/\/i0.wp.com\/eltrabajo.cl\/portal\/wp-content\/uploads\/2014\/01\/Diogenes3.jpg?resize=150%2C112&amp;ssl=1 150w, https:\/\/i0.wp.com\/eltrabajo.cl\/portal\/wp-content\/uploads\/2014\/01\/Diogenes3.jpg?resize=400%2C300&amp;ssl=1 400w\" sizes=\"auto, (max-width: 528px) 100vw, 528px\" \/><\/a><figcaption id=\"caption-attachment-42004\" class=\"wp-caption-text\">PESTILENCIA.- Varios contenedores fueron llenados de escombros por personal municipal, quien se debi\u00f3 tapar la nariz para evitar respirar los malos olores. El operativo dur\u00f3 varias horas.<\/figcaption><\/figure>\n<p>Dorm\u00eda arriba del techo, junto a sus perros, porque era tanta la basura que ten\u00eda al interior de su casa en calle Sargento Aldea, que no pod\u00eda entrar a ella.<\/p>\n<figure id=\"attachment_42005\" aria-describedby=\"caption-attachment-42005\" style=\"width: 422px\" class=\"wp-caption alignright\"><a href=\"https:\/\/i0.wp.com\/www.eltrabajo.cl\/portal\/wp-content\/uploads\/2014\/01\/Diogenes1.jpg\"><img data-recalc-dims=\"1\" loading=\"lazy\" decoding=\"async\" class=\" wp-image-42005 \" title=\"TONELADAS.- Decenas de toneladas de escombros fueron retiradas de la propiedad de Jos\u00e9 Gald\u00e1mez, quien padece el S\u00edndrome de Di\u00f3genes.\" alt=\"TONELADAS.- Decenas de toneladas de escombros fueron retiradas de la propiedad de Jos\u00e9 Gald\u00e1mez, quien padece el S\u00edndrome de Di\u00f3genes.\" src=\"https:\/\/i0.wp.com\/www.eltrabajo.cl\/portal\/wp-content\/uploads\/2014\/01\/Diogenes1.jpg?resize=422%2C318\" width=\"422\" height=\"318\" srcset=\"https:\/\/i0.wp.com\/eltrabajo.cl\/portal\/wp-content\/uploads\/2014\/01\/Diogenes1.jpg?w=528&amp;ssl=1 528w, https:\/\/i0.wp.com\/eltrabajo.cl\/portal\/wp-content\/uploads\/2014\/01\/Diogenes1.jpg?resize=200%2C150&amp;ssl=1 200w, https:\/\/i0.wp.com\/eltrabajo.cl\/portal\/wp-content\/uploads\/2014\/01\/Diogenes1.jpg?resize=300%2C225&amp;ssl=1 300w, https:\/\/i0.wp.com\/eltrabajo.cl\/portal\/wp-content\/uploads\/2014\/01\/Diogenes1.jpg?resize=150%2C112&amp;ssl=1 150w, https:\/\/i0.wp.com\/eltrabajo.cl\/portal\/wp-content\/uploads\/2014\/01\/Diogenes1.jpg?resize=400%2C300&amp;ssl=1 400w\" sizes=\"auto, (max-width: 422px) 100vw, 422px\" \/><\/a><figcaption id=\"caption-attachment-42005\" class=\"wp-caption-text\">TONELADAS.- Decenas de toneladas de escombros fueron retiradas de la propiedad de Jos\u00e9 Gald\u00e1mez, quien padece el S\u00edndrome de Di\u00f3genes.<\/figcaption><\/figure>\n<p>Se trata de Jos\u00e9 Le\u00f3n Gald\u00e1mez, de 63 a\u00f1os de edad, quien padece el Mal de Di\u00f3genes, es decir, es un acumulador.<\/p>\n<p>Hace ya varios meses que la Seremi de Salud hab\u00eda emitido una resoluci\u00f3n sanitaria ordenando el despeje y limpieza de la propiedad de este vecino, ya que se hab\u00eda convertido en un foco infeccioso que estaba generando una plaga de ratones en el sector.<\/p>\n<p>El municipio era el encargado de dar cumplimiento a esta resoluci\u00f3n, pero antes hubo reuniones con la Autoridad Sanitaria, el Cesfam Segismundo Iturra y Carabineros, estos \u00faltimos en definitiva, debieron cortar el tr\u00e1nsito por Sargento Aldea, ya que era camionada tras camionada de basura la que se iba retirando del lugar.<\/p>\n<figure id=\"attachment_42006\" aria-describedby=\"caption-attachment-42006\" style=\"width: 371px\" class=\"wp-caption alignleft\"><a href=\"https:\/\/i0.wp.com\/www.eltrabajo.cl\/portal\/wp-content\/uploads\/2014\/01\/Jose-Galdamez.jpg\"><img data-recalc-dims=\"1\" loading=\"lazy\" decoding=\"async\" class=\" wp-image-42006 \" title=\"SERENO.- Jos\u00e9 Gald\u00e1mez (derecha) contempl\u00f3 serenamente c\u00f3mo el municipio retir\u00f3 de su propiedad los escombros acumulados por \u00e9l durante muchos a\u00f1os.\" alt=\"SERENO.- Jos\u00e9 Gald\u00e1mez (derecha) contempl\u00f3 serenamente c\u00f3mo el municipio retir\u00f3 de su propiedad los escombros acumulados por \u00e9l durante muchos a\u00f1os.\" src=\"https:\/\/i0.wp.com\/www.eltrabajo.cl\/portal\/wp-content\/uploads\/2014\/01\/Jose-Galdamez.jpg?resize=371%2C371\" width=\"371\" height=\"371\" srcset=\"https:\/\/i0.wp.com\/eltrabajo.cl\/portal\/wp-content\/uploads\/2014\/01\/Jose-Galdamez.jpg?w=530&amp;ssl=1 530w, https:\/\/i0.wp.com\/eltrabajo.cl\/portal\/wp-content\/uploads\/2014\/01\/Jose-Galdamez.jpg?resize=150%2C150&amp;ssl=1 150w, https:\/\/i0.wp.com\/eltrabajo.cl\/portal\/wp-content\/uploads\/2014\/01\/Jose-Galdamez.jpg?resize=300%2C300&amp;ssl=1 300w, https:\/\/i0.wp.com\/eltrabajo.cl\/portal\/wp-content\/uploads\/2014\/01\/Jose-Galdamez.jpg?resize=400%2C400&amp;ssl=1 400w\" sizes=\"auto, (max-width: 371px) 100vw, 371px\" \/><\/a><figcaption id=\"caption-attachment-42006\" class=\"wp-caption-text\">SERENO.- Jos\u00e9 Gald\u00e1mez (derecha) contempl\u00f3 serenamente c\u00f3mo el municipio retir\u00f3 de su propiedad los escombros acumulados por \u00e9l durante muchos a\u00f1os.<\/figcaption><\/figure>\n<p><strong>EL OPERATIVO<\/strong><\/p>\n<p>En total, doce funcionarios municipales intervinieron en el operativo, el que no estuvo exento de dificultades ya que por ejemplo, don Jos\u00e9 Le\u00f3n no quer\u00eda acudir al Hospital San Camilo a practicarse un examen m\u00e9dico, donde de paso le deb\u00edan evaluar las escaras que presenta su cuerpo, como consecuencia de los problemas de higiene personal que este hombre tiene.<\/p>\n<p>\u00abLos vecinos adem\u00e1s estaban con problemas por la gran cantidad de roedores que hab\u00eda en el sector, producto de las basuras, maderas, escombros y una serie de elementos, ya que \u00e9l, lo que encontraba en la calle, lo depositaba en su vivienda\u00bb, coment\u00f3 el Jefe de Operaciones de la Municipalidad de San Felipe, Ricardo Le\u00f3n.<\/p>\n<p>La situaci\u00f3n llegaba a tal extremo, que al interior del inmueble hay un cami\u00f3n que est\u00e1 repleto de basura, incluida su cabina, en tanto que en las afueras del domicilio tambi\u00e9n tiene un autom\u00f3vil marca Renault que est\u00e1 en las mismas condiciones.<\/p>\n<p>\u00ab\u00c9l no pod\u00eda hacer ingreso a su casa habitaci\u00f3n, dorm\u00eda sentado en el techo, donde hab\u00edan hasta refrigeradores, arriba en la propiedad. Este se\u00f1or sufri\u00f3 la muerte de sus padres y no le hace caso a sus hermanos, pero \u00e9l no tiene ninguna deficiencia, sino que tiene el Mal de Di\u00f3genes, una enfermedad que puede afectar a cualquier persona\u00bb, explic\u00f3 Le\u00f3n.<\/p>\n<p>Don Jos\u00e9 recoge todo lo que encuentra botado en la calle. Sin embargo, \u00e9l no asume que es quien junta basura y la lleva a su casa. Seg\u00fan asegura, la gente le tira los desechos a su vivienda.<\/p>\n<p>Junto al operativo de limpieza que involucrar\u00e1 tambi\u00e9n el cambio de algunas de las planchas de la techumbre de la vivienda de este vecino, se contempl\u00f3 un operativo de salud en su beneficio.<\/p>\n<p>\u00abCon el Cesfam y la Direcci\u00f3n de Desarrollo Comunitario, vamos a ver c\u00f3mo podemos mejorar la calidad de vida de este ciudadano, incluso le vamos a cambiar el techo, porque tiene entre tres y cinco perros arriba que orinan y defecan ah\u00ed, por lo tanto las planchas est\u00e1n podridas\u00bb, se\u00f1al\u00f3 el funcionario municipal.<\/p>\n<p>Consultado por aquello que predominaba en los elementos acumulados, Le\u00f3n dice que le\u00f1a, la misma que pidi\u00f3 que le dejaran, a\u00fan cuando el personal municipal est\u00e1 eliminando todo. Asimismo, hay un compromiso con los vecinos del sector Sargento Aldea, en cuanto a realizar una desratizaci\u00f3n, incluyendo la carnicer\u00eda; Panader\u00eda Maip\u00fa y Pollos Gus, ya que de no efectuarse una intervenci\u00f3n amplia, lo m\u00e1s probable es que los roedores encuentren otro lugar donde continuar aumentando en n\u00famero.<\/p>\n<p><strong>MAL DE DI\u00d3GENES<\/strong><\/p>\n<p>El S\u00edndrome de Di\u00f3genes es un trastorno del comportamiento que afecta, por lo general, a personas de avanzada edad que viven solas. Se caracteriza por el total abandono personal y social, as\u00ed como por el aislamiento voluntario en el propio hogar y la acumulaci\u00f3n en \u00e9l de grandes cantidades de basura y desperdicios dom\u00e9sticos.<\/p>\n<p>La persona que sufre de este trastorno se caracteriza por su aislamiento social, llegando a recluirse en el propio hogar, adem\u00e1s de desatender absolutamente la limpieza del mismo y toda higiene personal. Es el caso de don Jos\u00e9 Gald\u00e1mez, quien pese a tener familia ha descuidado su aspecto e higiene, en tanto su vivienda es un verdadero desastre. El problema es que esta acumulaci\u00f3n de desechos puede volver a registrarse en este domicilio si este vecino no recibe el tratamiento y la ayuda necesaria. Peor a\u00fan, no se le puede obligar a recibir apoyo m\u00e9dico y social. Se presume que este operativo de limpieza se extender\u00e1 por otros dos d\u00edas. Sin embargo, la ayuda que necesita este hombre es permanente.<\/p>\n","protected":false},"excerpt":{"rendered":"<p>Dorm\u00eda arriba del techo, junto a sus perros, porque era tanta la basura que ten\u00eda al interior de su casa en calle Sargento Aldea, que no pod\u00eda entrar a ella. Se trata&#8230;<\/p>\n","protected":false},"author":482,"featured_media":42004,"comment_status":"open","ping_status":"closed","sticky":false,"template":"","format":"standard","meta":{"advanced_seo_description":"","jetpack_seo_html_title":"","jetpack_seo_noindex":false,"_jetpack_memberships_contains_paid_content":false,"footnotes":""},"categories":[1],"tags":[],"class_list":["post-42003","post","type-post","status-publish","format-standard","has-post-thumbnail","hentry","category-cronica"],"jetpack_featured_media_url":"https:\/\/i0.wp.com\/eltrabajo.cl\/portal\/wp-content\/uploads\/2014\/01\/Diogenes3.jpg?fit=528%2C397&ssl=1","jetpack_sharing_enabled":true,"jetpack_likes_enabled":true,"jetpack-related-posts":[],"_links":{"self":[{"href":"https:\/\/eltrabajo.cl\/portal\/wp-json\/wp\/v2\/posts\/42003","targetHints":{"allow":["GET"]}}],"collection":[{"href":"https:\/\/eltrabajo.cl\/portal\/wp-json\/wp\/v2\/posts"}],"about":[{"href":"https:\/\/eltrabajo.cl\/portal\/wp-json\/wp\/v2\/types\/post"}],"author":[{"embeddable":true,"href":"https:\/\/eltrabajo.cl\/portal\/wp-json\/wp\/v2\/users\/482"}],"replies":[{"embeddable":true,"href":"https:\/\/eltrabajo.cl\/portal\/wp-json\/wp\/v2\/comments?post=42003"}],"version-history":[{"count":0,"href":"https:\/\/eltrabajo.cl\/portal\/wp-json\/wp\/v2\/posts\/42003\/revisions"}],"wp:featuredmedia":[{"embeddable":true,"href":"https:\/\/eltrabajo.cl\/portal\/wp-json\/wp\/v2\/media\/42004"}],"wp:attachment":[{"href":"https:\/\/eltrabajo.cl\/portal\/wp-json\/wp\/v2\/media?parent=42003"}],"wp:term":[{"taxonomy":"category","embeddable":true,"href":"https:\/\/eltrabajo.cl\/portal\/wp-json\/wp\/v2\/categories?post=42003"},{"taxonomy":"post_tag","embeddable":true,"href":"https:\/\/eltrabajo.cl\/portal\/wp-json\/wp\/v2\/tags?post=42003"}],"curies":[{"name":"wp","href":"https:\/\/api.w.org\/{rel}","templated":true}]}}