{"id":42014,"date":"2014-01-16T09:26:06","date_gmt":"2014-01-16T12:26:06","guid":{"rendered":"http:\/\/www.eltrabajo.cl\/portal\/?p=42014"},"modified":"2014-01-16T09:26:06","modified_gmt":"2014-01-16T12:26:06","slug":"llega-a-su-fin-campus-de-basquet-en-san-felipe","status":"publish","type":"post","link":"https:\/\/eltrabajo.cl\/portal\/llega-a-su-fin-campus-de-basquet-en-san-felipe\/","title":{"rendered":"Llega a su fin Campus de b\u00e1squet en San Felipe"},"content":{"rendered":"<figure id=\"attachment_42015\" aria-describedby=\"caption-attachment-42015\" style=\"width: 528px\" class=\"wp-caption alignnone\"><a href=\"https:\/\/i0.wp.com\/www.eltrabajo.cl\/portal\/wp-content\/uploads\/2014\/01\/campus-de-basquet.jpg\"><img data-recalc-dims=\"1\" loading=\"lazy\" decoding=\"async\" class=\"size-full wp-image-42015\" title=\"Ni\u00f1os muy entusiastas desde el martes, han participado del Campus de b\u00e1squetbol a cargo del entrenador Galo Lara.\" alt=\"Ni\u00f1os muy entusiastas desde el martes, han participado del Campus de b\u00e1squetbol a cargo del entrenador Galo Lara.\" src=\"https:\/\/i0.wp.com\/www.eltrabajo.cl\/portal\/wp-content\/uploads\/2014\/01\/campus-de-basquet.jpg?resize=528%2C375\" width=\"528\" height=\"375\" srcset=\"https:\/\/i0.wp.com\/eltrabajo.cl\/portal\/wp-content\/uploads\/2014\/01\/campus-de-basquet.jpg?w=528&amp;ssl=1 528w, https:\/\/i0.wp.com\/eltrabajo.cl\/portal\/wp-content\/uploads\/2014\/01\/campus-de-basquet.jpg?resize=200%2C142&amp;ssl=1 200w, https:\/\/i0.wp.com\/eltrabajo.cl\/portal\/wp-content\/uploads\/2014\/01\/campus-de-basquet.jpg?resize=300%2C213&amp;ssl=1 300w, https:\/\/i0.wp.com\/eltrabajo.cl\/portal\/wp-content\/uploads\/2014\/01\/campus-de-basquet.jpg?resize=150%2C106&amp;ssl=1 150w, https:\/\/i0.wp.com\/eltrabajo.cl\/portal\/wp-content\/uploads\/2014\/01\/campus-de-basquet.jpg?resize=400%2C284&amp;ssl=1 400w\" sizes=\"auto, (max-width: 528px) 100vw, 528px\" \/><\/a><figcaption id=\"caption-attachment-42015\" class=\"wp-caption-text\">Ni\u00f1os muy entusiastas desde el martes, han participado del Campus de b\u00e1squetbol a cargo del entrenador Galo Lara.<\/figcaption><\/figure>\n<p>Hoy jueves, llegar\u00e1 a su fin el cuartos Campus de b\u00e1squet, que imparte el destacado entrenador y ex jugador profesional, Galo Lara. La cl\u00ednica que se enfoc\u00f3 en ni\u00f1os que reci\u00e9n est\u00e1n haciendo sus primeras armas en esta disciplina, tuvo una extensi\u00f3n de tres d\u00edas y se desarroll\u00f3 de manera integra en el Fort\u00edn Prat de San Felipe, gimnasio al cual durante rodos estos d\u00edas los ni\u00f1os llegan muy entusiasmados a aprender b\u00e1squetbol. Este medio lleg\u00f3 hasta el fort\u00edn de Calle Santo Domingo, para saber de boca de Galo Lara, cu\u00e1les son los objetivos de este Campus. \u00abEste es el cuarto que desarrollo en el Valle de Aconcagua y el segundo en San Felipe\u00bb, comienza el dialogo con Lara.<\/p>\n<p><strong>&#8211; \u00bfA que apunta este tipo de cl\u00ednicas?<\/strong><\/p>\n<p>&#8211; \u00abA trabajar con los ni\u00f1os, que en esta \u00e9poca est\u00e1n de vacaciones y nunca est\u00e1 de m\u00e1s entrenar, aprender y potenciar conceptos b\u00e1sicos del b\u00e1squetbol\u00bb.<\/p>\n<p><strong>&#8211; \u00ab\u00bfNi\u00f1os de qu\u00e9 edad est\u00e1n participando?<\/strong><\/p>\n<p>&#8211; \u00abDesde los siete a\u00f1os en adelante. Se trabaja con los m\u00e1s peque\u00f1os en el primer turno y despu\u00e9s vienen los m\u00e1s grandes, cuyas edades van desde los doce a\u00f1os en adelante\u00bb.<\/p>\n<p><strong>&#8211; \u00bfLo que aprenden aqu\u00ed despu\u00e9s les servir\u00e1 en sus equipos?<\/strong><\/p>\n<p>&#8211; \u00abEsa es la idea, que se perfeccionen en el juego individual, para que potencien a sus equipos\u00bb.<\/p>\n<p>&nbsp;<\/p>\n","protected":false},"excerpt":{"rendered":"<p>Hoy jueves, llegar\u00e1 a su fin el cuartos Campus de b\u00e1squet, que imparte el destacado entrenador y ex jugador profesional, Galo Lara. La cl\u00ednica que se enfoc\u00f3 en ni\u00f1os que reci\u00e9n est\u00e1n&#8230;<\/p>\n","protected":false},"author":482,"featured_media":42015,"comment_status":"open","ping_status":"closed","sticky":false,"template":"","format":"standard","meta":{"advanced_seo_description":"","jetpack_seo_html_title":"","jetpack_seo_noindex":false,"_jetpack_memberships_contains_paid_content":false,"footnotes":""},"categories":[1],"tags":[],"class_list":["post-42014","post","type-post","status-publish","format-standard","has-post-thumbnail","hentry","category-cronica"],"jetpack_featured_media_url":"https:\/\/i0.wp.com\/eltrabajo.cl\/portal\/wp-content\/uploads\/2014\/01\/campus-de-basquet.jpg?fit=528%2C375&ssl=1","jetpack_sharing_enabled":true,"jetpack_likes_enabled":true,"jetpack-related-posts":[],"_links":{"self":[{"href":"https:\/\/eltrabajo.cl\/portal\/wp-json\/wp\/v2\/posts\/42014","targetHints":{"allow":["GET"]}}],"collection":[{"href":"https:\/\/eltrabajo.cl\/portal\/wp-json\/wp\/v2\/posts"}],"about":[{"href":"https:\/\/eltrabajo.cl\/portal\/wp-json\/wp\/v2\/types\/post"}],"author":[{"embeddable":true,"href":"https:\/\/eltrabajo.cl\/portal\/wp-json\/wp\/v2\/users\/482"}],"replies":[{"embeddable":true,"href":"https:\/\/eltrabajo.cl\/portal\/wp-json\/wp\/v2\/comments?post=42014"}],"version-history":[{"count":0,"href":"https:\/\/eltrabajo.cl\/portal\/wp-json\/wp\/v2\/posts\/42014\/revisions"}],"wp:featuredmedia":[{"embeddable":true,"href":"https:\/\/eltrabajo.cl\/portal\/wp-json\/wp\/v2\/media\/42015"}],"wp:attachment":[{"href":"https:\/\/eltrabajo.cl\/portal\/wp-json\/wp\/v2\/media?parent=42014"}],"wp:term":[{"taxonomy":"category","embeddable":true,"href":"https:\/\/eltrabajo.cl\/portal\/wp-json\/wp\/v2\/categories?post=42014"},{"taxonomy":"post_tag","embeddable":true,"href":"https:\/\/eltrabajo.cl\/portal\/wp-json\/wp\/v2\/tags?post=42014"}],"curies":[{"name":"wp","href":"https:\/\/api.w.org\/{rel}","templated":true}]}}