{"id":42017,"date":"2014-01-16T09:32:35","date_gmt":"2014-01-16T12:32:35","guid":{"rendered":"http:\/\/www.eltrabajo.cl\/portal\/?p=42017"},"modified":"2014-01-16T09:32:35","modified_gmt":"2014-01-16T12:32:35","slug":"certifican-a-15-aconcaguinos-en-distintos-cursos-del-cec","status":"publish","type":"post","link":"https:\/\/eltrabajo.cl\/portal\/certifican-a-15-aconcaguinos-en-distintos-cursos-del-cec\/","title":{"rendered":"Certifican a 15 aconcag\u00fcinos en distintos cursos del CEC"},"content":{"rendered":"<figure id=\"attachment_42018\" aria-describedby=\"caption-attachment-42018\" style=\"width: 528px\" class=\"wp-caption alignnone\"><a href=\"https:\/\/i0.wp.com\/www.eltrabajo.cl\/portal\/wp-content\/uploads\/2014\/01\/CEC1.jpg\"><img data-recalc-dims=\"1\" loading=\"lazy\" decoding=\"async\" class=\"size-full wp-image-42018\" title=\"Alumnas del curso de Corte y Confecci\u00f3n, posan para las c\u00e1maras de Diario El Trabajo junto al Alcalde Freire y la Gobernadora Boffa.\" alt=\"Alumnas del curso de Corte y Confecci\u00f3n, posan para las c\u00e1maras de Diario El Trabajo junto al Alcalde Freire y la Gobernadora Boffa.\" src=\"https:\/\/i0.wp.com\/www.eltrabajo.cl\/portal\/wp-content\/uploads\/2014\/01\/CEC1.jpg?resize=528%2C397\" width=\"528\" height=\"397\" srcset=\"https:\/\/i0.wp.com\/eltrabajo.cl\/portal\/wp-content\/uploads\/2014\/01\/CEC1.jpg?w=528&amp;ssl=1 528w, https:\/\/i0.wp.com\/eltrabajo.cl\/portal\/wp-content\/uploads\/2014\/01\/CEC1.jpg?resize=200%2C150&amp;ssl=1 200w, https:\/\/i0.wp.com\/eltrabajo.cl\/portal\/wp-content\/uploads\/2014\/01\/CEC1.jpg?resize=300%2C225&amp;ssl=1 300w, https:\/\/i0.wp.com\/eltrabajo.cl\/portal\/wp-content\/uploads\/2014\/01\/CEC1.jpg?resize=150%2C112&amp;ssl=1 150w, https:\/\/i0.wp.com\/eltrabajo.cl\/portal\/wp-content\/uploads\/2014\/01\/CEC1.jpg?resize=400%2C300&amp;ssl=1 400w\" sizes=\"auto, (max-width: 528px) 100vw, 528px\" \/><\/a><figcaption id=\"caption-attachment-42018\" class=\"wp-caption-text\">Alumnas del curso de Corte y Confecci\u00f3n, posan para las c\u00e1maras de Diario El Trabajo junto al Alcalde Freire y la Gobernadora Boffa.<\/figcaption><\/figure>\n<p>En El Sal\u00f3n de Actos del Centro de Emprendimiento y Capacitaci\u00f3n de la Universidad de Aconcagua y con la presencia de la Gobernadora Provincial Patricia Boffa, el Alcalde Patricio Freire; el Consejero Regional electo Rolando Stevenson y representante del Sence, se llevo a efecto la ceremonia de certificaci\u00f3n de los \u00faltimos cursos impartidos en el segundo semestres del a\u00f1o 2012. Corresponde a Corte y Confecci\u00f3n e Instalaci\u00f3n de Piso Flotante y Cer\u00e1mica, ejecutados mediante el Programa Becas Franquicia Tributaria. El CEC a trav\u00e9s de la Direcci\u00f3n de capacitaci\u00f3n, ejecut\u00f3 durante el a\u00f1o 2012, 15 cursos de oficios en la l\u00ednea de Gastronom\u00eda y Alimentos; Maestro de Cocina; Registro de Libro Mayor, Cuidado del Adulto Mayor, Primeros Auxilios, Instalaci\u00f3n de Piso Flotante y Cer\u00e1mica, entre otros.<\/p>\n<figure id=\"attachment_42019\" aria-describedby=\"caption-attachment-42019\" style=\"width: 422px\" class=\"wp-caption alignright\"><a href=\"https:\/\/i0.wp.com\/www.eltrabajo.cl\/portal\/wp-content\/uploads\/2014\/01\/CEC2.jpg\"><img data-recalc-dims=\"1\" loading=\"lazy\" decoding=\"async\" class=\" wp-image-42019 \" title=\"Alumnas de Corte y Confecci\u00f3n Junto al Director de la Sede San Felipe Gonzalo Gonz\u00e1lez y Andrea Fuentes, representante del Sence.\" alt=\"Alumnas de Corte y Confecci\u00f3n Junto al Director de la Sede San Felipe Gonzalo Gonz\u00e1lez y Andrea Fuentes, representante del Sence.\" src=\"https:\/\/i0.wp.com\/www.eltrabajo.cl\/portal\/wp-content\/uploads\/2014\/01\/CEC2.jpg?resize=422%2C266\" width=\"422\" height=\"266\" srcset=\"https:\/\/i0.wp.com\/eltrabajo.cl\/portal\/wp-content\/uploads\/2014\/01\/CEC2.jpg?w=528&amp;ssl=1 528w, https:\/\/i0.wp.com\/eltrabajo.cl\/portal\/wp-content\/uploads\/2014\/01\/CEC2.jpg?resize=200%2C125&amp;ssl=1 200w, https:\/\/i0.wp.com\/eltrabajo.cl\/portal\/wp-content\/uploads\/2014\/01\/CEC2.jpg?resize=300%2C188&amp;ssl=1 300w, https:\/\/i0.wp.com\/eltrabajo.cl\/portal\/wp-content\/uploads\/2014\/01\/CEC2.jpg?resize=150%2C94&amp;ssl=1 150w, https:\/\/i0.wp.com\/eltrabajo.cl\/portal\/wp-content\/uploads\/2014\/01\/CEC2.jpg?resize=400%2C251&amp;ssl=1 400w\" sizes=\"auto, (max-width: 422px) 100vw, 422px\" \/><\/a><figcaption id=\"caption-attachment-42019\" class=\"wp-caption-text\">Alumnas de Corte y Confecci\u00f3n Junto al Director de la Sede San Felipe Gonzalo Gonz\u00e1lez y Andrea Fuentes, representante del Sence.<\/figcaption><\/figure>\n<p>El Freire agradeci\u00f3 y destac\u00f3 el rol de a Universidad de Aconcagua en el Valle de Aconcagua en lo referente a educaci\u00f3n superior y su vinculaci\u00f3n con la comunidad, reconociendo la importancia de la universidad en la alianza estrat\u00e9gica con el municipio, que permite la creaci\u00f3n del Centro de Emprendimiento y Capacitaci\u00f3n CEC, llegando de esta manera a beneficiarios de la comunidad a trav\u00e9s de la capacitaci\u00f3n gratuita en oficios tendientes a mejorar la empleabilidad de los beneficiarios.<\/p>\n<figure id=\"attachment_42020\" aria-describedby=\"caption-attachment-42020\" style=\"width: 422px\" class=\"wp-caption alignleft\"><a href=\"https:\/\/i0.wp.com\/www.eltrabajo.cl\/portal\/wp-content\/uploads\/2014\/01\/CEC3.jpg\"><img data-recalc-dims=\"1\" loading=\"lazy\" decoding=\"async\" class=\" wp-image-42020 \" title=\"Consejero Regional electo Rolando Stevenson y la Directora del Centro de Emprendimiento Gloria Fern\u00e1ndez.\" alt=\"Consejero Regional electo Rolando Stevenson y la Directora del Centro de Emprendimiento Gloria Fern\u00e1ndez.\" src=\"https:\/\/i0.wp.com\/www.eltrabajo.cl\/portal\/wp-content\/uploads\/2014\/01\/CEC3.jpg?resize=422%2C318\" width=\"422\" height=\"318\" srcset=\"https:\/\/i0.wp.com\/eltrabajo.cl\/portal\/wp-content\/uploads\/2014\/01\/CEC3.jpg?w=528&amp;ssl=1 528w, https:\/\/i0.wp.com\/eltrabajo.cl\/portal\/wp-content\/uploads\/2014\/01\/CEC3.jpg?resize=200%2C150&amp;ssl=1 200w, https:\/\/i0.wp.com\/eltrabajo.cl\/portal\/wp-content\/uploads\/2014\/01\/CEC3.jpg?resize=300%2C225&amp;ssl=1 300w, https:\/\/i0.wp.com\/eltrabajo.cl\/portal\/wp-content\/uploads\/2014\/01\/CEC3.jpg?resize=150%2C112&amp;ssl=1 150w, https:\/\/i0.wp.com\/eltrabajo.cl\/portal\/wp-content\/uploads\/2014\/01\/CEC3.jpg?resize=400%2C300&amp;ssl=1 400w\" sizes=\"auto, (max-width: 422px) 100vw, 422px\" \/><\/a><figcaption id=\"caption-attachment-42020\" class=\"wp-caption-text\">Consejero Regional electo Rolando Stevenson y la Directora del Centro de Emprendimiento Gloria Fern\u00e1ndez.<\/figcaption><\/figure>\n<p>Por su parte la Gobernadora Boffa, se dirigi\u00f3 a las 40 alumnas y alumnos certificados felicit\u00e1ndolos por este logro y agradeci\u00f3 la gesti\u00f3n de la Directora del CEC, Gloria Fern\u00e1ndez, que ha permitido incrementar los programas en oficios, aumentando con ello la cobertura en San Felipe y otras comunidades y a la Universidad por creer en este proyecto.<\/p>\n<figure id=\"attachment_42022\" aria-describedby=\"caption-attachment-42022\" style=\"width: 423px\" class=\"wp-caption alignright\"><a href=\"https:\/\/i0.wp.com\/www.eltrabajo.cl\/portal\/wp-content\/uploads\/2014\/01\/CEC4.jpg\"><img data-recalc-dims=\"1\" loading=\"lazy\" decoding=\"async\" class=\" wp-image-42022 \" title=\"Alumnos del Curso Instalaci\u00f3n Piso Flotante y Cer\u00e1mica, junto a su Instructor Alex Ahumada Olivares y Andrea Fuentes, representante del Sence.\" alt=\"Alumnos del Curso Instalaci\u00f3n Piso Flotante y Cer\u00e1mica, junto a su Instructor Alex Ahumada Olivares y Andrea Fuentes, representante del Sence.\" src=\"https:\/\/i0.wp.com\/www.eltrabajo.cl\/portal\/wp-content\/uploads\/2014\/01\/CEC4.jpg?resize=423%2C306\" width=\"423\" height=\"306\" srcset=\"https:\/\/i0.wp.com\/eltrabajo.cl\/portal\/wp-content\/uploads\/2014\/01\/CEC4.jpg?w=529&amp;ssl=1 529w, https:\/\/i0.wp.com\/eltrabajo.cl\/portal\/wp-content\/uploads\/2014\/01\/CEC4.jpg?resize=200%2C144&amp;ssl=1 200w, https:\/\/i0.wp.com\/eltrabajo.cl\/portal\/wp-content\/uploads\/2014\/01\/CEC4.jpg?resize=300%2C216&amp;ssl=1 300w, https:\/\/i0.wp.com\/eltrabajo.cl\/portal\/wp-content\/uploads\/2014\/01\/CEC4.jpg?resize=150%2C108&amp;ssl=1 150w, https:\/\/i0.wp.com\/eltrabajo.cl\/portal\/wp-content\/uploads\/2014\/01\/CEC4.jpg?resize=400%2C288&amp;ssl=1 400w\" sizes=\"auto, (max-width: 423px) 100vw, 423px\" \/><\/a><figcaption id=\"caption-attachment-42022\" class=\"wp-caption-text\">Alumnos del Curso Instalaci\u00f3n Piso Flotante y Cer\u00e1mica, junto a su Instructor Alex Ahumada Olivares y Andrea Fuentes, representante del Sence.<\/figcaption><\/figure>\n<p>La alumna Evelyn B\u00f3rquez por su parte, agradeci\u00f3 la oportunidad recibida y a las familiares de los alumnos durante el mes y medio de clases que dur\u00f3 la formaci\u00f3n. Junto con la certificaci\u00f3n, los alumnos tambi\u00e9n recibieron las herramientas necesarias para iniciarse en este nuevo oficio de manera independiente.<\/p>\n<p>&nbsp;<\/p>\n","protected":false},"excerpt":{"rendered":"<p>En El Sal\u00f3n de Actos del Centro de Emprendimiento y Capacitaci\u00f3n de la Universidad de Aconcagua y con la presencia de la Gobernadora Provincial Patricia Boffa, el Alcalde Patricio Freire; el Consejero&#8230;<\/p>\n","protected":false},"author":482,"featured_media":42018,"comment_status":"open","ping_status":"closed","sticky":false,"template":"","format":"standard","meta":{"advanced_seo_description":"","jetpack_seo_html_title":"","jetpack_seo_noindex":false,"_jetpack_memberships_contains_paid_content":false,"footnotes":""},"categories":[15],"tags":[],"class_list":["post-42017","post","type-post","status-publish","format-standard","has-post-thumbnail","hentry","category-comunidad"],"jetpack_featured_media_url":"https:\/\/i0.wp.com\/eltrabajo.cl\/portal\/wp-content\/uploads\/2014\/01\/CEC1.jpg?fit=528%2C397&ssl=1","jetpack_sharing_enabled":true,"jetpack_likes_enabled":true,"jetpack-related-posts":[],"_links":{"self":[{"href":"https:\/\/eltrabajo.cl\/portal\/wp-json\/wp\/v2\/posts\/42017","targetHints":{"allow":["GET"]}}],"collection":[{"href":"https:\/\/eltrabajo.cl\/portal\/wp-json\/wp\/v2\/posts"}],"about":[{"href":"https:\/\/eltrabajo.cl\/portal\/wp-json\/wp\/v2\/types\/post"}],"author":[{"embeddable":true,"href":"https:\/\/eltrabajo.cl\/portal\/wp-json\/wp\/v2\/users\/482"}],"replies":[{"embeddable":true,"href":"https:\/\/eltrabajo.cl\/portal\/wp-json\/wp\/v2\/comments?post=42017"}],"version-history":[{"count":0,"href":"https:\/\/eltrabajo.cl\/portal\/wp-json\/wp\/v2\/posts\/42017\/revisions"}],"wp:featuredmedia":[{"embeddable":true,"href":"https:\/\/eltrabajo.cl\/portal\/wp-json\/wp\/v2\/media\/42018"}],"wp:attachment":[{"href":"https:\/\/eltrabajo.cl\/portal\/wp-json\/wp\/v2\/media?parent=42017"}],"wp:term":[{"taxonomy":"category","embeddable":true,"href":"https:\/\/eltrabajo.cl\/portal\/wp-json\/wp\/v2\/categories?post=42017"},{"taxonomy":"post_tag","embeddable":true,"href":"https:\/\/eltrabajo.cl\/portal\/wp-json\/wp\/v2\/tags?post=42017"}],"curies":[{"name":"wp","href":"https:\/\/api.w.org\/{rel}","templated":true}]}}