{"id":42027,"date":"2014-01-16T09:35:32","date_gmt":"2014-01-16T12:35:32","guid":{"rendered":"http:\/\/www.eltrabajo.cl\/portal\/?p=42027"},"modified":"2014-01-16T09:35:32","modified_gmt":"2014-01-16T12:35:32","slug":"instalan-mastiles-para-camaras-de-vigilancia-en-sectores-de-la-comuna","status":"publish","type":"post","link":"https:\/\/eltrabajo.cl\/portal\/instalan-mastiles-para-camaras-de-vigilancia-en-sectores-de-la-comuna\/","title":{"rendered":"Instalan m\u00e1stiles para c\u00e1maras de vigilancia en sectores de la comuna"},"content":{"rendered":"<figure id=\"attachment_42028\" aria-describedby=\"caption-attachment-42028\" style=\"width: 529px\" class=\"wp-caption alignnone\"><a href=\"https:\/\/i0.wp.com\/www.eltrabajo.cl\/portal\/wp-content\/uploads\/2014\/01\/Camaras1.jpg\"><img data-recalc-dims=\"1\" loading=\"lazy\" decoding=\"async\" class=\"size-full wp-image-42028\" title=\"Los vecinos han reaccionado con mucha alegr\u00eda al ver que en distintos sectores se est\u00e1n instalando estos m\u00e1stiles que permitir\u00e1n a tiempo real monitorear las 24 horas cada sector.\" alt=\"Los vecinos han reaccionado con mucha alegr\u00eda al ver que en distintos sectores se est\u00e1n instalando estos m\u00e1stiles que permitir\u00e1n a tiempo real monitorear las 24 horas cada sector.\" src=\"https:\/\/i0.wp.com\/www.eltrabajo.cl\/portal\/wp-content\/uploads\/2014\/01\/Camaras1.jpg?resize=529%2C353\" width=\"529\" height=\"353\" srcset=\"https:\/\/i0.wp.com\/eltrabajo.cl\/portal\/wp-content\/uploads\/2014\/01\/Camaras1.jpg?w=529&amp;ssl=1 529w, https:\/\/i0.wp.com\/eltrabajo.cl\/portal\/wp-content\/uploads\/2014\/01\/Camaras1.jpg?resize=200%2C133&amp;ssl=1 200w, https:\/\/i0.wp.com\/eltrabajo.cl\/portal\/wp-content\/uploads\/2014\/01\/Camaras1.jpg?resize=300%2C200&amp;ssl=1 300w, https:\/\/i0.wp.com\/eltrabajo.cl\/portal\/wp-content\/uploads\/2014\/01\/Camaras1.jpg?resize=150%2C100&amp;ssl=1 150w, https:\/\/i0.wp.com\/eltrabajo.cl\/portal\/wp-content\/uploads\/2014\/01\/Camaras1.jpg?resize=400%2C266&amp;ssl=1 400w\" sizes=\"auto, (max-width: 529px) 100vw, 529px\" \/><\/a><figcaption id=\"caption-attachment-42028\" class=\"wp-caption-text\">Los vecinos han reaccionado con mucha alegr\u00eda al ver que en distintos sectores se est\u00e1n instalando estos m\u00e1stiles que permitir\u00e1n a tiempo real monitorear las 24 horas cada sector.<\/figcaption><\/figure>\n<p><strong>PUTAENDO<\/strong>.- El ambicioso proyecto de seguridad ciudadana impulsado por la Municipalidad de Putaendo, ha comenzado su etapa final luego que fueran instalados los m\u00e1stiles en distintos sectores de la comuna que sostendr\u00e1n las modernas c\u00e1maras de seguridad.<\/p>\n<p>Zonas como Poblaci\u00f3n Santa Rita; Avenida Alessandri; Avenida Ej\u00e9rcito Libertador a un costado de la Poblaci\u00f3n San Antonio; en las cercan\u00edas de la Poblaci\u00f3n Do\u00f1a Javiera; en las oficinas de Dideco ubicadas en Calle San Mart\u00edn, son s\u00f3lo algunos sectores donde ya los m\u00e1stiles est\u00e1n instalados para que antes de la quincena del mes de febrero, las modernas c\u00e1maras puedan ser instaladas, a lo que se suman otros sectores m\u00e1s que dar\u00e1n un total de 16 c\u00e1maras que ser\u00e1n monitoreadas desde una central ubicada en la Tenencia de Carabineros de Putaendo.<\/p>\n<p>Los vecinos han reaccionado con mucha alegr\u00eda al ver que en distintos sectores se est\u00e1n instalando estos m\u00e1stiles que permitir\u00e1n a tiempo real monitorear las 24 horas cada sector, pues una de las cualidades de las c\u00e1maras es que trabajar\u00e1n en 360 grados y poseen una alta resoluci\u00f3n para realizar acercamientos con una muy buena imagen.<\/p>\n<p>El Alcalde Guillermo Reyes, dijo que habr\u00e1 un per\u00edodo de marcha blanca y que seguramente quedar\u00e1n sectores de la comuna que no podr\u00e1n ser abarcados por las c\u00e1maras, pero que el municipio ya est\u00e1 trabajando en un segundo proyecto que permita, ojala dentro de este a\u00f1o instalar m\u00e1s c\u00e1maras de seguridad en distintas zonas de la parte c\u00e9ntrica y tambi\u00e9n del \u00e1rea rural de Putaendo.<\/p>\n<p>Estas c\u00e1maras, de origen alem\u00e1n, dentro de sus especificaciones, contienen<\/p>\n<p>Funci\u00f3n D\u00eda\/Noche; resoluci\u00f3n Full D1; Raz\u00f3n Se\u00f1al a Ruido mayor que 50Db.; Sensor CCd HAD de Barrido Progresivo; Tasa de cuadros hasta 60 fps.; Zoom \u00d3ptico de 36x y digital de 12x; Sensibilidad Infraroja y modo nocturno; Giro 360\u00b0 horizontal continua y 108\u00b0 elevaci\u00f3n (18\u00b0sobre el horizonte); Auto Iris y Auto Foco; Sensibilidad de 0,04 lux de d\u00eda y 0,0052lux de noche @35 IRE; Gabinete Met\u00e1lico (protecci\u00f3n anti golpes) y An\u00e1lisis de Video Inteligente Integrado.<\/p>\n<p>Patricio Gallardo M.<\/p>\n<p>&nbsp;<\/p>\n","protected":false},"excerpt":{"rendered":"<p>PUTAENDO.- El ambicioso proyecto de seguridad ciudadana impulsado por la Municipalidad de Putaendo, ha comenzado su etapa final luego que fueran instalados los m\u00e1stiles en distintos sectores de la comuna que sostendr\u00e1n&#8230;<\/p>\n","protected":false},"author":482,"featured_media":42028,"comment_status":"open","ping_status":"closed","sticky":false,"template":"","format":"standard","meta":{"advanced_seo_description":"","jetpack_seo_html_title":"","jetpack_seo_noindex":false,"_jetpack_memberships_contains_paid_content":false,"footnotes":""},"categories":[1],"tags":[],"class_list":["post-42027","post","type-post","status-publish","format-standard","has-post-thumbnail","hentry","category-cronica"],"jetpack_featured_media_url":"https:\/\/i0.wp.com\/eltrabajo.cl\/portal\/wp-content\/uploads\/2014\/01\/Camaras1.jpg?fit=529%2C353&ssl=1","jetpack_sharing_enabled":true,"jetpack_likes_enabled":true,"jetpack-related-posts":[],"_links":{"self":[{"href":"https:\/\/eltrabajo.cl\/portal\/wp-json\/wp\/v2\/posts\/42027","targetHints":{"allow":["GET"]}}],"collection":[{"href":"https:\/\/eltrabajo.cl\/portal\/wp-json\/wp\/v2\/posts"}],"about":[{"href":"https:\/\/eltrabajo.cl\/portal\/wp-json\/wp\/v2\/types\/post"}],"author":[{"embeddable":true,"href":"https:\/\/eltrabajo.cl\/portal\/wp-json\/wp\/v2\/users\/482"}],"replies":[{"embeddable":true,"href":"https:\/\/eltrabajo.cl\/portal\/wp-json\/wp\/v2\/comments?post=42027"}],"version-history":[{"count":0,"href":"https:\/\/eltrabajo.cl\/portal\/wp-json\/wp\/v2\/posts\/42027\/revisions"}],"wp:featuredmedia":[{"embeddable":true,"href":"https:\/\/eltrabajo.cl\/portal\/wp-json\/wp\/v2\/media\/42028"}],"wp:attachment":[{"href":"https:\/\/eltrabajo.cl\/portal\/wp-json\/wp\/v2\/media?parent=42027"}],"wp:term":[{"taxonomy":"category","embeddable":true,"href":"https:\/\/eltrabajo.cl\/portal\/wp-json\/wp\/v2\/categories?post=42027"},{"taxonomy":"post_tag","embeddable":true,"href":"https:\/\/eltrabajo.cl\/portal\/wp-json\/wp\/v2\/tags?post=42027"}],"curies":[{"name":"wp","href":"https:\/\/api.w.org\/{rel}","templated":true}]}}