{"id":42030,"date":"2014-01-16T09:37:44","date_gmt":"2014-01-16T12:37:44","guid":{"rendered":"http:\/\/www.eltrabajo.cl\/portal\/?p=42030"},"modified":"2014-01-16T09:37:44","modified_gmt":"2014-01-16T12:37:44","slug":"realizaran-la-primera-fiesta-de-la-cerveza-de-san-felipe","status":"publish","type":"post","link":"https:\/\/eltrabajo.cl\/portal\/realizaran-la-primera-fiesta-de-la-cerveza-de-san-felipe\/","title":{"rendered":"Realizar\u00e1n la primera Fiesta de la Cerveza de San Felipe"},"content":{"rendered":"<figure id=\"attachment_42031\" aria-describedby=\"caption-attachment-42031\" style=\"width: 528px\" class=\"wp-caption alignnone\"><a href=\"https:\/\/i0.wp.com\/www.eltrabajo.cl\/portal\/wp-content\/uploads\/2014\/01\/Pozas-Andacollo.jpg\"><img data-recalc-dims=\"1\" loading=\"lazy\" decoding=\"async\" class=\"size-full wp-image-42031\" title=\" El Balneario Andacollo ser\u00e1 el epicentro de la diversi\u00f3n y del disfrute de cervezas de distintas marcas, que ya han confirmado su participaci\u00f3n en el evento.\" alt=\" El Balneario Andacollo ser\u00e1 el epicentro de la diversi\u00f3n y del disfrute de cervezas de distintas marcas, que ya han confirmado su participaci\u00f3n en el evento.\" src=\"https:\/\/i0.wp.com\/www.eltrabajo.cl\/portal\/wp-content\/uploads\/2014\/01\/Pozas-Andacollo.jpg?resize=528%2C353\" width=\"528\" height=\"353\" srcset=\"https:\/\/i0.wp.com\/eltrabajo.cl\/portal\/wp-content\/uploads\/2014\/01\/Pozas-Andacollo.jpg?w=528&amp;ssl=1 528w, https:\/\/i0.wp.com\/eltrabajo.cl\/portal\/wp-content\/uploads\/2014\/01\/Pozas-Andacollo.jpg?resize=200%2C133&amp;ssl=1 200w, https:\/\/i0.wp.com\/eltrabajo.cl\/portal\/wp-content\/uploads\/2014\/01\/Pozas-Andacollo.jpg?resize=300%2C200&amp;ssl=1 300w, https:\/\/i0.wp.com\/eltrabajo.cl\/portal\/wp-content\/uploads\/2014\/01\/Pozas-Andacollo.jpg?resize=150%2C100&amp;ssl=1 150w, https:\/\/i0.wp.com\/eltrabajo.cl\/portal\/wp-content\/uploads\/2014\/01\/Pozas-Andacollo.jpg?resize=400%2C267&amp;ssl=1 400w\" sizes=\"auto, (max-width: 528px) 100vw, 528px\" \/><\/a><figcaption id=\"caption-attachment-42031\" class=\"wp-caption-text\">El Balneario Andacollo ser\u00e1 el epicentro de la diversi\u00f3n y del disfrute de cervezas de distintas marcas, que ya han confirmado su participaci\u00f3n en el evento.<\/figcaption><\/figure>\n<p>Desde este viernes y hasta el domingo, se estar\u00e1 realizando este evento para \u2018la ciudad m\u00e1s calurosa del pa\u00eds\u2019, donde habr\u00e1 sorpresas, concursos, \u2018El Show de la Tencha\u2019 y cerveza de diferentes marcas. No s\u00f3lo disfrutar de una bebida que quita la sed y espanta el calor, sino tambi\u00e9n brindar un momento de esparcimiento y de encuentro para los aconcag\u00fcinos y los turistas que lleguen, es el objetivo de \u2018Beerland Chile\u2019, la primera Fiesta de la Cerveza que se realizar\u00e1 desde este viernes 17 y hasta el domingo 19 de enero, en Balneario Andacollo.<\/p>\n<p>Se trata de la primera Fiesta de la Cerveza que se realiza en San Felipe, donde la Productora Black Producciones, buscando generar un polo de atracci\u00f3n y aprovechando las bondades del Balneario Andacollo, quiso realizar esta fiesta cervecera, donde ya hay al menos doce empresas del rubro que est\u00e1n confirmadas.<\/p>\n<p>Seg\u00fan explic\u00f3 Cristian Cifuentes, Coordinador General del evento, la idea se gener\u00f3 a prop\u00f3sito de la trayectoria que tienen en la organizaci\u00f3n de eventos en la zona y el pa\u00eds, as\u00ed como por la necesidad de generar una iniciativa que permita sacar provecho a las altas temperaturas que se han registrado en el \u00faltimo tiempo en San Felipe.<\/p>\n<p>\u00abLa idea es traer un poco de refresco a la gente del Valle de Aconcagua, no solamente de San Felipe, \u00bfy qu\u00e9 mejor que con una fiesta de la cerveza que no se ha hecho ac\u00e1?, pues est\u00e1n tan de moda a nivel nacional y a nivel mundial\u00bb, coment\u00f3 Cifuentes.<\/p>\n<p>Se\u00f1al\u00f3 el coordinador del evento, que uno de los aspectos diferenciadores respecto de otras actividades similares, dice relaci\u00f3n con el lugar escogido para realizar esta Fiesta de la Cerveza. \u00abHemos querido realizar este evento en la poza, que adem\u00e1s tiene camping, para entregar al p\u00fablico un elemento distinto, de mayor atractivo, pero tambi\u00e9n entendiendo que este evento tiene un car\u00e1cter m\u00e1s familiar, porque habr\u00e1 juegos infantiles y actividades para los ni\u00f1os\u00bb, expres\u00f3.<\/p>\n<p>Beerland Chile considera no s\u00f3lo la oferta de cervezas, sino tambi\u00e9n venta de alimentos, espect\u00e1culos en vivo y una serie de sorpresas, entre las cuales ya se ha mencionado la participaci\u00f3n de \u2018La Tencha\u2019, quien conduce un espacio de Radio Activa, as\u00ed como de otro de sus conductores estrella, como es Spider G.<\/p>\n<p>Hasta el momento hay doce empresas de cervezas que estar\u00e1n presentes, a\u00fan cuando hay otras dos locales que estar\u00edan confirmando en los pr\u00f3ximos d\u00edas.<\/p>\n<p>Beerland Chile, parte este viernes a las 09:00 horas, para concluir en la noche del domingo. La entrada diaria es de 7.000 pesos los adultos y 5.000 pesos los ni\u00f1os, con derecho a uso de la poza; as\u00ed como de 15.000 pesos por los tres d\u00edas, para quienes deseen acampar.<\/p>\n<p>&nbsp;<\/p>\n","protected":false},"excerpt":{"rendered":"<p>Desde este viernes y hasta el domingo, se estar\u00e1 realizando este evento para \u2018la ciudad m\u00e1s calurosa del pa\u00eds\u2019, donde habr\u00e1 sorpresas, concursos, \u2018El Show de la Tencha\u2019 y cerveza de diferentes&#8230;<\/p>\n","protected":false},"author":482,"featured_media":42031,"comment_status":"open","ping_status":"closed","sticky":false,"template":"","format":"standard","meta":{"advanced_seo_description":"","jetpack_seo_html_title":"","jetpack_seo_noindex":false,"_jetpack_memberships_contains_paid_content":false,"footnotes":""},"categories":[1],"tags":[],"class_list":["post-42030","post","type-post","status-publish","format-standard","has-post-thumbnail","hentry","category-cronica"],"jetpack_featured_media_url":"https:\/\/i0.wp.com\/eltrabajo.cl\/portal\/wp-content\/uploads\/2014\/01\/Pozas-Andacollo.jpg?fit=528%2C353&ssl=1","jetpack_sharing_enabled":true,"jetpack_likes_enabled":true,"jetpack-related-posts":[],"_links":{"self":[{"href":"https:\/\/eltrabajo.cl\/portal\/wp-json\/wp\/v2\/posts\/42030","targetHints":{"allow":["GET"]}}],"collection":[{"href":"https:\/\/eltrabajo.cl\/portal\/wp-json\/wp\/v2\/posts"}],"about":[{"href":"https:\/\/eltrabajo.cl\/portal\/wp-json\/wp\/v2\/types\/post"}],"author":[{"embeddable":true,"href":"https:\/\/eltrabajo.cl\/portal\/wp-json\/wp\/v2\/users\/482"}],"replies":[{"embeddable":true,"href":"https:\/\/eltrabajo.cl\/portal\/wp-json\/wp\/v2\/comments?post=42030"}],"version-history":[{"count":0,"href":"https:\/\/eltrabajo.cl\/portal\/wp-json\/wp\/v2\/posts\/42030\/revisions"}],"wp:featuredmedia":[{"embeddable":true,"href":"https:\/\/eltrabajo.cl\/portal\/wp-json\/wp\/v2\/media\/42031"}],"wp:attachment":[{"href":"https:\/\/eltrabajo.cl\/portal\/wp-json\/wp\/v2\/media?parent=42030"}],"wp:term":[{"taxonomy":"category","embeddable":true,"href":"https:\/\/eltrabajo.cl\/portal\/wp-json\/wp\/v2\/categories?post=42030"},{"taxonomy":"post_tag","embeddable":true,"href":"https:\/\/eltrabajo.cl\/portal\/wp-json\/wp\/v2\/tags?post=42030"}],"curies":[{"name":"wp","href":"https:\/\/api.w.org\/{rel}","templated":true}]}}