{"id":42033,"date":"2014-01-16T09:46:22","date_gmt":"2014-01-16T12:46:22","guid":{"rendered":"http:\/\/www.eltrabajo.cl\/portal\/?p=42033"},"modified":"2014-01-16T09:46:22","modified_gmt":"2014-01-16T12:46:22","slug":"restauran-la-iglesia-y-del-museo-buen-pastor","status":"publish","type":"post","link":"https:\/\/eltrabajo.cl\/portal\/restauran-la-iglesia-y-del-museo-buen-pastor\/","title":{"rendered":"Restauran la Iglesia y del Museo Buen Pastor"},"content":{"rendered":"<figure id=\"attachment_42034\" aria-describedby=\"caption-attachment-42034\" style=\"width: 528px\" class=\"wp-caption alignnone\"><a href=\"https:\/\/i0.wp.com\/www.eltrabajo.cl\/portal\/wp-content\/uploads\/2014\/01\/visita-buen-pastor-1.jpg\"><img data-recalc-dims=\"1\" loading=\"lazy\" decoding=\"async\" class=\"size-full wp-image-42034\" title=\"SUPERVISIANDO.- Una visita a las obras de restauraci\u00f3n que se est\u00e1n realizando desde la primera semana de diciembre en la Iglesia y el Museo Buen Pastor, realiz\u00f3 en horas de la tarde de este mi\u00e9rcoles el Alcalde Patricio Freire.\" alt=\"SUPERVISIANDO.- Una visita a las obras de restauraci\u00f3n que se est\u00e1n realizando desde la primera semana de diciembre en la Iglesia y el Museo Buen Pastor, realiz\u00f3 en horas de la tarde de este mi\u00e9rcoles el Alcalde Patricio Freire.\" src=\"https:\/\/i0.wp.com\/www.eltrabajo.cl\/portal\/wp-content\/uploads\/2014\/01\/visita-buen-pastor-1.jpg?resize=528%2C396\" width=\"528\" height=\"396\" srcset=\"https:\/\/i0.wp.com\/eltrabajo.cl\/portal\/wp-content\/uploads\/2014\/01\/visita-buen-pastor-1.jpg?w=528&amp;ssl=1 528w, https:\/\/i0.wp.com\/eltrabajo.cl\/portal\/wp-content\/uploads\/2014\/01\/visita-buen-pastor-1.jpg?resize=200%2C150&amp;ssl=1 200w, https:\/\/i0.wp.com\/eltrabajo.cl\/portal\/wp-content\/uploads\/2014\/01\/visita-buen-pastor-1.jpg?resize=300%2C225&amp;ssl=1 300w, https:\/\/i0.wp.com\/eltrabajo.cl\/portal\/wp-content\/uploads\/2014\/01\/visita-buen-pastor-1.jpg?resize=150%2C112&amp;ssl=1 150w, https:\/\/i0.wp.com\/eltrabajo.cl\/portal\/wp-content\/uploads\/2014\/01\/visita-buen-pastor-1.jpg?resize=400%2C300&amp;ssl=1 400w\" sizes=\"auto, (max-width: 528px) 100vw, 528px\" \/><\/a><figcaption id=\"caption-attachment-42034\" class=\"wp-caption-text\">SUPERVISIANDO.- Una visita a las obras de restauraci\u00f3n que se est\u00e1n realizando desde la primera semana de diciembre en la Iglesia y el Museo Buen Pastor, realiz\u00f3 en horas de la tarde de este mi\u00e9rcoles el Alcalde Patricio Freire.<\/figcaption><\/figure>\n<p>Una visita a las obras de restauraci\u00f3n que se est\u00e1n realizando desde la primera semana de diciembre en la Iglesia y el Museo Buen Pastor, realiz\u00f3 en horas de la tarde de este mi\u00e9rcoles el Alcalde Patricio Freire, acompa\u00f1ado del Consejero Regional Eduardo Le\u00f3n. El jefe comunal recorri\u00f3 las instalaciones donde se est\u00e1n realizando las obras de restauraci\u00f3n del museo y la iglesia, las que presentan da\u00f1o estructural, adem\u00e1s de las \u00e1reas verdes y los corredores y que buscan poner en valor lo que era este inmueble, con trabajos que contemplan la eliminaci\u00f3n de los elementos que fueron incorpor\u00e1ndose en el transcurso del tiempo y no tienen que relaci\u00f3n con la estructura, para luego estabilizar los muros de adobe, donde se instalar\u00e1 una geomalla y un relleno de la aislaci\u00f3n en medio de los tabiques, para finalmente realizar las terminaciones.<\/p>\n<p>\u00abLa idea es respetar la t\u00e9cnica, los materiales, se mantiene el adobe, aqu\u00ed no se trata de incorporar elementos nuevos, los que se incorporan quedan escondidos porque son estructurales, como vigas de acero, pero lo que es iglesia y el resto de las dependencias se respeta el material con que fue construido originalmente este inmueble que es monumento adem\u00e1s, ya que es parte del requisito del programa no incorporar otras cosas de las que estamos trabajando ac\u00e1\u00bb, se\u00f1al\u00f3 Rodrigo Pereira, Director Regional de la Direcci\u00f3n de Arquitectura del Ministerio de Obras P\u00fablicas.<\/p>\n<p>Por estos d\u00edas las instalaciones est\u00e1n siendo desarmadas y en una primera etapa se est\u00e1n sacando los materiales que fueron incorpor\u00e1ndose en el transcurso del tiempo por la gente y que no ten\u00edan que ver con la estructura en general.<\/p>\n<p>\u00abEste tipo de obras generalmente son una caja de sorpresas, porque no sabes que es lo que hay entremedio de los muros, puedes especificar que la tabiquer\u00eda se mantiene pero destapas todo y te das cuenta que todas sus partes pueden estar podridas y hay que cambiarlo todo, pero se trabaja con la madera que est\u00e1 ac\u00e1\u00bb, enfatiz\u00f3 Pereira. El Alcalde Freire recorri\u00f3 las instalaciones y destac\u00f3 la importancia del inicio de los trabajos, que una vez terminados permitir\u00e1n a los vecinos visitar este patrimonio de San Felipe.<\/p>\n<p>\u00abContento de que empiece esta gran obra, que se inici\u00f3 los primeros d\u00edas de diciembre con la entrega a la empresa que realizar\u00e1 la restauraci\u00f3n de este monumento y as\u00ed podremos recuperar este patrimonio, a lo que se suma la inversi\u00f3n de dos 1.500 millones de pesos, por ello agradecer a los consejeros regionales, Eduardo Le\u00f3n, Iv\u00e1n Reyes y Nelson Contador, porque ellos han sido importantes en lograr estos recursos para recuperar nuestro patrimonio\u00bb, dijo el jefe comunal<\/p>\n<p>Aunque originalmente el proyecto lo iba a realizar el Ministerio de Obras P\u00fablicas, finalmente la iniciativa fue financiada a trav\u00e9s del Gobierno Regional, luego de la gesti\u00f3n de los consejeros regionales Eduardo Le\u00f3n, Iv\u00e1n Reyes y Nelson Contador que lograron los recursos necesarios para poner en marcha las obras. En tanto, la empresa a cargo de las obras es Pio V, la misma que estuvo encargada de la restauraci\u00f3n de la Gobernaci\u00f3n de Los Andes.<\/p>\n<p>\u00abEstoy muy contento porque este proyecto pas\u00f3 por el Gobierno Regional, en un momento dado se sac\u00f3 la inversi\u00f3n del MOP y nosotros los tres consejeros de la provincia de San Felipe logramos darle financiamiento, as\u00ed que termino mi per\u00edodo muy contento, viendo esta gran obra, que espero que a fines del 2014 est\u00e9 terminada\u00bb, dijo Eduardo Le\u00f3n. Muy feliz tambi\u00e9n se mostr\u00f3 la Directora del Museo, la Hermana Eliana Letelier, por el inicio de las obras, destacando la rapidez con la que se ha avanzado.<\/p>\n<p>\u00abNos vamos reuniendo semanalmente para ir viendo juntos c\u00f3mo va el desarrollo de las obras y las preguntas que se pueden plantear tambi\u00e9n con relaci\u00f3n al trabajo\u00bb, dijo la religiosa. Una vez que terminen los trabajos de restauraci\u00f3n, el lugar contar\u00e1 con el museo y la iglesia totalmente restaurados, adem\u00e1s de un restaurant y sectores para talleres, es decir la idea es convertirse en un centro cultural abierto a la comunidad de Aconcagua.<\/p>\n<p>&nbsp;<\/p>\n","protected":false},"excerpt":{"rendered":"<p>Una visita a las obras de restauraci\u00f3n que se est\u00e1n realizando desde la primera semana de diciembre en la Iglesia y el Museo Buen Pastor, realiz\u00f3 en horas de la tarde de&#8230;<\/p>\n","protected":false},"author":482,"featured_media":42034,"comment_status":"open","ping_status":"closed","sticky":false,"template":"","format":"standard","meta":{"advanced_seo_description":"","jetpack_seo_html_title":"","jetpack_seo_noindex":false,"_jetpack_memberships_contains_paid_content":false,"footnotes":""},"categories":[1],"tags":[],"class_list":["post-42033","post","type-post","status-publish","format-standard","has-post-thumbnail","hentry","category-cronica"],"jetpack_featured_media_url":"https:\/\/i0.wp.com\/eltrabajo.cl\/portal\/wp-content\/uploads\/2014\/01\/visita-buen-pastor-1.jpg?fit=528%2C396&ssl=1","jetpack_sharing_enabled":true,"jetpack_likes_enabled":true,"jetpack-related-posts":[],"_links":{"self":[{"href":"https:\/\/eltrabajo.cl\/portal\/wp-json\/wp\/v2\/posts\/42033","targetHints":{"allow":["GET"]}}],"collection":[{"href":"https:\/\/eltrabajo.cl\/portal\/wp-json\/wp\/v2\/posts"}],"about":[{"href":"https:\/\/eltrabajo.cl\/portal\/wp-json\/wp\/v2\/types\/post"}],"author":[{"embeddable":true,"href":"https:\/\/eltrabajo.cl\/portal\/wp-json\/wp\/v2\/users\/482"}],"replies":[{"embeddable":true,"href":"https:\/\/eltrabajo.cl\/portal\/wp-json\/wp\/v2\/comments?post=42033"}],"version-history":[{"count":0,"href":"https:\/\/eltrabajo.cl\/portal\/wp-json\/wp\/v2\/posts\/42033\/revisions"}],"wp:featuredmedia":[{"embeddable":true,"href":"https:\/\/eltrabajo.cl\/portal\/wp-json\/wp\/v2\/media\/42034"}],"wp:attachment":[{"href":"https:\/\/eltrabajo.cl\/portal\/wp-json\/wp\/v2\/media?parent=42033"}],"wp:term":[{"taxonomy":"category","embeddable":true,"href":"https:\/\/eltrabajo.cl\/portal\/wp-json\/wp\/v2\/categories?post=42033"},{"taxonomy":"post_tag","embeddable":true,"href":"https:\/\/eltrabajo.cl\/portal\/wp-json\/wp\/v2\/tags?post=42033"}],"curies":[{"name":"wp","href":"https:\/\/api.w.org\/{rel}","templated":true}]}}