{"id":42036,"date":"2014-01-16T09:49:10","date_gmt":"2014-01-16T12:49:10","guid":{"rendered":"http:\/\/www.eltrabajo.cl\/portal\/?p=42036"},"modified":"2014-01-16T09:49:10","modified_gmt":"2014-01-16T12:49:10","slug":"jovenes-protestan-y-exigen-un-skate-park-de-calidad-y-no-uno-de-arena","status":"publish","type":"post","link":"https:\/\/eltrabajo.cl\/portal\/jovenes-protestan-y-exigen-un-skate-park-de-calidad-y-no-uno-de-arena\/","title":{"rendered":"J\u00f3venes protestan y exigen un skate park de calidad y no uno de arena"},"content":{"rendered":"<figure id=\"attachment_42037\" aria-describedby=\"caption-attachment-42037\" style=\"width: 528px\" class=\"wp-caption alignnone\"><a href=\"https:\/\/i0.wp.com\/www.eltrabajo.cl\/portal\/wp-content\/uploads\/2014\/01\/Protesta-Skaters-1.jpg\"><img data-recalc-dims=\"1\" loading=\"lazy\" decoding=\"async\" class=\"size-full wp-image-42037\" title=\"Portando un lienzo y con sus skates en mano, llegaron varios j\u00f3venes a protestar por el estado de la pista que tienen en la Alameda Yungay.\" alt=\"Portando un lienzo y con sus skates en mano, llegaron varios j\u00f3venes a protestar por el estado de la pista que tienen en la Alameda Yungay.\" src=\"https:\/\/i0.wp.com\/www.eltrabajo.cl\/portal\/wp-content\/uploads\/2014\/01\/Protesta-Skaters-1.jpg?resize=528%2C353\" width=\"528\" height=\"353\" srcset=\"https:\/\/i0.wp.com\/eltrabajo.cl\/portal\/wp-content\/uploads\/2014\/01\/Protesta-Skaters-1.jpg?w=528&amp;ssl=1 528w, https:\/\/i0.wp.com\/eltrabajo.cl\/portal\/wp-content\/uploads\/2014\/01\/Protesta-Skaters-1.jpg?resize=200%2C133&amp;ssl=1 200w, https:\/\/i0.wp.com\/eltrabajo.cl\/portal\/wp-content\/uploads\/2014\/01\/Protesta-Skaters-1.jpg?resize=300%2C200&amp;ssl=1 300w, https:\/\/i0.wp.com\/eltrabajo.cl\/portal\/wp-content\/uploads\/2014\/01\/Protesta-Skaters-1.jpg?resize=150%2C100&amp;ssl=1 150w, https:\/\/i0.wp.com\/eltrabajo.cl\/portal\/wp-content\/uploads\/2014\/01\/Protesta-Skaters-1.jpg?resize=400%2C267&amp;ssl=1 400w\" sizes=\"auto, (max-width: 528px) 100vw, 528px\" \/><\/a><figcaption id=\"caption-attachment-42037\" class=\"wp-caption-text\">Portando un lienzo y con sus skates en mano, llegaron varios j\u00f3venes a protestar por el estado de la pista que tienen en la Alameda Yungay.<\/figcaption><\/figure>\n<p>Hasta el frontis del Municipio de San Felipe, lleg\u00f3 un grupo de skaters con la finalidad de protestar y hacer ver su molestia con el municipio, por la tardanza en la puesta en marcha de los trabajos de reparaci\u00f3n del skate park recientemente inaugurado en Alameda Yungay, as\u00ed como por la posibilidad de que la obra que se haga no sea de calidad y duradera. Los j\u00f3venes portaban un lienzo con la leyenda \u2018queremos un skate park de calidad y no uno de arena\u2019, al mismo tiempo que llevaron sus skates, realizando una breve protesta, ya que a los pocos minutos lleg\u00f3 la periodista de la municipalidad, quien invit\u00f3 a dos de sus representantes a ingresar al municipio, para reunirse con el Administrador Municipal Patricio Gonz\u00e1lez.<\/p>\n<figure id=\"attachment_42038\" aria-describedby=\"caption-attachment-42038\" style=\"width: 423px\" class=\"wp-caption alignright\"><a href=\"https:\/\/i0.wp.com\/www.eltrabajo.cl\/portal\/wp-content\/uploads\/2014\/01\/Protesta-Skaters-2.jpg\"><img data-recalc-dims=\"1\" loading=\"lazy\" decoding=\"async\" class=\" wp-image-42038 \" title=\"Los j\u00f3venes por un instante breve, detuvieron el tr\u00e1nsito, sin que se generaran mayores dificultades.\" alt=\"Los j\u00f3venes por un instante breve, detuvieron el tr\u00e1nsito, sin que se generaran mayores dificultades.\" src=\"https:\/\/i0.wp.com\/www.eltrabajo.cl\/portal\/wp-content\/uploads\/2014\/01\/Protesta-Skaters-2.jpg?resize=423%2C283\" width=\"423\" height=\"283\" srcset=\"https:\/\/i0.wp.com\/eltrabajo.cl\/portal\/wp-content\/uploads\/2014\/01\/Protesta-Skaters-2.jpg?w=529&amp;ssl=1 529w, https:\/\/i0.wp.com\/eltrabajo.cl\/portal\/wp-content\/uploads\/2014\/01\/Protesta-Skaters-2.jpg?resize=200%2C133&amp;ssl=1 200w, https:\/\/i0.wp.com\/eltrabajo.cl\/portal\/wp-content\/uploads\/2014\/01\/Protesta-Skaters-2.jpg?resize=300%2C200&amp;ssl=1 300w, https:\/\/i0.wp.com\/eltrabajo.cl\/portal\/wp-content\/uploads\/2014\/01\/Protesta-Skaters-2.jpg?resize=150%2C100&amp;ssl=1 150w, https:\/\/i0.wp.com\/eltrabajo.cl\/portal\/wp-content\/uploads\/2014\/01\/Protesta-Skaters-2.jpg?resize=400%2C267&amp;ssl=1 400w\" sizes=\"auto, (max-width: 423px) 100vw, 423px\" \/><\/a><figcaption id=\"caption-attachment-42038\" class=\"wp-caption-text\">Los j\u00f3venes por un instante breve, detuvieron el tr\u00e1nsito, sin que se generaran mayores dificultades.<\/figcaption><\/figure>\n<p>A la salida de la reuni\u00f3n, Gonz\u00e1lez reconoci\u00f3 que el proyecto de construcci\u00f3n del skate park \u00abha sido dif\u00edcil de sus inicios, ya que registraba algunas deficiencias t\u00e9cnicas, sobre todo en su etapa de dise\u00f1o, las que hoy d\u00eda quedan de manifiesto en pleno uso del recinto\u00bb.<\/p>\n<p>Explic\u00f3 el administrador municipal, que la molestia de los j\u00f3venes se refleja en la facilidad con que se han roto los materiales con que fue construida la pista de skate, aclarando eso s\u00ed, que los problemas tambi\u00e9n pasan porque el lugar es utilizado no s\u00f3lo por skaters, sino tambi\u00e9n por ciclistas, para las cuales la pista no est\u00e1 hecha.<\/p>\n<p>En este sentido, Gonz\u00e1lez manifest\u00f3 que \u00abnosotros siempre hemos estado abiertos al di\u00e1logo y a solucionar los problemas que se han ido presentando; incluso ellos mismos han generado algunas modificaciones al proyecto, de tal manera de ir conjugando y dando soluci\u00f3n a los problemas de fondo\u00bb.<\/p>\n<p>El Alcalde Patricio Freire se comprometi\u00f3 a ir revisando y evaluando las mejoras que se ir\u00e1n haciendo al proyecto, recalcando que es necesario darse los tiempos para establecer si arrojan las soluciones esperadas.<\/p>\n<p>\u00abEn un principio se est\u00e1 poniendo parches de hormig\u00f3n, revestido con acr\u00edlico, luego probaremos con otro tipo de material y si ninguno de estos parches y materiales solucionan los problemas que tienen los chicos, y hay que hacer modificaciones m\u00e1s estructurales, las vamos a hacer. Eso yo creo, era lo que ellos quer\u00edan escuchar, porque estaban muy preocupados al tener el proyecto una boleta de garant\u00eda de un a\u00f1o\u00bb, manifest\u00f3 el administrador municipal.<\/p>\n<p>Aclar\u00f3 el personero municipal que por tratarse este de un espacio p\u00fablico, el municipio debe hacerse cargo y realizar los trabajos de mejoramiento que sean necesario, para dejar la pista de skate en buenas condiciones.<\/p>\n<p>\u00abS\u00ed hay que hacer modificaciones de fondo; s\u00ed hay que reestructurar; s\u00ed hay que modificar las pendientes, est\u00e1 toda la disposici\u00f3n del alcalde, quien se ha comprometido para que esto termine de buena forma\u00bb, se\u00f1al\u00f3 finalmente Patricio Gonz\u00e1lez.<\/p>\n","protected":false},"excerpt":{"rendered":"<p>Hasta el frontis del Municipio de San Felipe, lleg\u00f3 un grupo de skaters con la finalidad de protestar y hacer ver su molestia con el municipio, por la tardanza en la puesta&#8230;<\/p>\n","protected":false},"author":482,"featured_media":42037,"comment_status":"open","ping_status":"closed","sticky":false,"template":"","format":"standard","meta":{"advanced_seo_description":"","jetpack_seo_html_title":"","jetpack_seo_noindex":false,"_jetpack_memberships_contains_paid_content":false,"footnotes":""},"categories":[1],"tags":[],"class_list":["post-42036","post","type-post","status-publish","format-standard","has-post-thumbnail","hentry","category-cronica"],"jetpack_featured_media_url":"https:\/\/i0.wp.com\/eltrabajo.cl\/portal\/wp-content\/uploads\/2014\/01\/Protesta-Skaters-1.jpg?fit=528%2C353&ssl=1","jetpack_sharing_enabled":true,"jetpack_likes_enabled":true,"jetpack-related-posts":[],"_links":{"self":[{"href":"https:\/\/eltrabajo.cl\/portal\/wp-json\/wp\/v2\/posts\/42036","targetHints":{"allow":["GET"]}}],"collection":[{"href":"https:\/\/eltrabajo.cl\/portal\/wp-json\/wp\/v2\/posts"}],"about":[{"href":"https:\/\/eltrabajo.cl\/portal\/wp-json\/wp\/v2\/types\/post"}],"author":[{"embeddable":true,"href":"https:\/\/eltrabajo.cl\/portal\/wp-json\/wp\/v2\/users\/482"}],"replies":[{"embeddable":true,"href":"https:\/\/eltrabajo.cl\/portal\/wp-json\/wp\/v2\/comments?post=42036"}],"version-history":[{"count":0,"href":"https:\/\/eltrabajo.cl\/portal\/wp-json\/wp\/v2\/posts\/42036\/revisions"}],"wp:featuredmedia":[{"embeddable":true,"href":"https:\/\/eltrabajo.cl\/portal\/wp-json\/wp\/v2\/media\/42037"}],"wp:attachment":[{"href":"https:\/\/eltrabajo.cl\/portal\/wp-json\/wp\/v2\/media?parent=42036"}],"wp:term":[{"taxonomy":"category","embeddable":true,"href":"https:\/\/eltrabajo.cl\/portal\/wp-json\/wp\/v2\/categories?post=42036"},{"taxonomy":"post_tag","embeddable":true,"href":"https:\/\/eltrabajo.cl\/portal\/wp-json\/wp\/v2\/tags?post=42036"}],"curies":[{"name":"wp","href":"https:\/\/api.w.org\/{rel}","templated":true}]}}