{"id":42041,"date":"2014-01-16T09:51:34","date_gmt":"2014-01-16T12:51:34","guid":{"rendered":"http:\/\/www.eltrabajo.cl\/portal\/?p=42041"},"modified":"2014-01-16T09:51:34","modified_gmt":"2014-01-16T12:51:34","slug":"municipalidad-de-llay-llay-licita-construccion-de-parque-de-energia-eolica","status":"publish","type":"post","link":"https:\/\/eltrabajo.cl\/portal\/municipalidad-de-llay-llay-licita-construccion-de-parque-de-energia-eolica\/","title":{"rendered":"Municipalidad de Llay Llay licita construcci\u00f3n de parque de energ\u00eda e\u00f3lica"},"content":{"rendered":"<figure id=\"attachment_42042\" aria-describedby=\"caption-attachment-42042\" style=\"width: 528px\" class=\"wp-caption alignnone\"><a href=\"https:\/\/i0.wp.com\/www.eltrabajo.cl\/portal\/wp-content\/uploads\/2014\/01\/Parque-Eolico.jpg\"><img data-recalc-dims=\"1\" loading=\"lazy\" decoding=\"async\" class=\"size-full wp-image-42042\" title=\"Ser\u00e1n once torres aerogeneradoras las que se instalar\u00e1n en terrenos municipales, m\u00e1s otras tres en terrenos particulares, conformando as\u00ed el parque de energ\u00eda e\u00f3lica de Llay Llay.\" alt=\"Ser\u00e1n once torres aerogeneradoras las que se instalar\u00e1n en terrenos municipales, m\u00e1s otras tres en terrenos particulares, conformando as\u00ed el parque de energ\u00eda e\u00f3lica de Llay Llay.\" src=\"https:\/\/i0.wp.com\/www.eltrabajo.cl\/portal\/wp-content\/uploads\/2014\/01\/Parque-Eolico.jpg?resize=528%2C351\" width=\"528\" height=\"351\" srcset=\"https:\/\/i0.wp.com\/eltrabajo.cl\/portal\/wp-content\/uploads\/2014\/01\/Parque-Eolico.jpg?w=528&amp;ssl=1 528w, https:\/\/i0.wp.com\/eltrabajo.cl\/portal\/wp-content\/uploads\/2014\/01\/Parque-Eolico.jpg?resize=200%2C132&amp;ssl=1 200w, https:\/\/i0.wp.com\/eltrabajo.cl\/portal\/wp-content\/uploads\/2014\/01\/Parque-Eolico.jpg?resize=300%2C199&amp;ssl=1 300w, https:\/\/i0.wp.com\/eltrabajo.cl\/portal\/wp-content\/uploads\/2014\/01\/Parque-Eolico.jpg?resize=150%2C99&amp;ssl=1 150w, https:\/\/i0.wp.com\/eltrabajo.cl\/portal\/wp-content\/uploads\/2014\/01\/Parque-Eolico.jpg?resize=400%2C265&amp;ssl=1 400w\" sizes=\"auto, (max-width: 528px) 100vw, 528px\" \/><\/a><figcaption id=\"caption-attachment-42042\" class=\"wp-caption-text\">Ser\u00e1n once torres aerogeneradoras las que se instalar\u00e1n en terrenos municipales, m\u00e1s otras tres en terrenos particulares, conformando as\u00ed el parque de energ\u00eda e\u00f3lica de Llay Llay.<\/figcaption><\/figure>\n<ul>\n<li><strong>Corporaci\u00f3n edilicia entregar\u00e1 terrenos de su administraci\u00f3n en concesi\u00f3n a la empresa Nordex, que ser\u00e1 la que ejecutar\u00e1 el proyecto.<\/strong><\/li>\n<\/ul>\n<p>Esta semana finalmente la Municipalidad de Llay Llay subi\u00f3 la licitaci\u00f3n de la construcci\u00f3n de once de catorce torres que conformar\u00e1n un parque de energ\u00eda e\u00f3lica, proyecto que finalmente ser\u00e1 ejecutado por la empresa Nordex.<\/p>\n<figure id=\"attachment_42043\" aria-describedby=\"caption-attachment-42043\" style=\"width: 317px\" class=\"wp-caption alignright\"><a href=\"https:\/\/i0.wp.com\/www.eltrabajo.cl\/portal\/wp-content\/uploads\/2014\/01\/Marillanca.jpg\"><img data-recalc-dims=\"1\" loading=\"lazy\" decoding=\"async\" class=\" wp-image-42043 \" title=\"El alcalde Mario Marillanca se\u00f1al\u00f3 que la concreci\u00f3n de este proyecto ser\u00e1 beneficioso para la comuna.\" alt=\"El alcalde Mario Marillanca se\u00f1al\u00f3 que la concreci\u00f3n de este proyecto ser\u00e1 beneficioso para la comuna.\" src=\"https:\/\/i0.wp.com\/www.eltrabajo.cl\/portal\/wp-content\/uploads\/2014\/01\/Marillanca.jpg?resize=317%2C238\" width=\"317\" height=\"238\" srcset=\"https:\/\/i0.wp.com\/eltrabajo.cl\/portal\/wp-content\/uploads\/2014\/01\/Marillanca.jpg?w=528&amp;ssl=1 528w, https:\/\/i0.wp.com\/eltrabajo.cl\/portal\/wp-content\/uploads\/2014\/01\/Marillanca.jpg?resize=200%2C150&amp;ssl=1 200w, https:\/\/i0.wp.com\/eltrabajo.cl\/portal\/wp-content\/uploads\/2014\/01\/Marillanca.jpg?resize=300%2C225&amp;ssl=1 300w, https:\/\/i0.wp.com\/eltrabajo.cl\/portal\/wp-content\/uploads\/2014\/01\/Marillanca.jpg?resize=150%2C112&amp;ssl=1 150w, https:\/\/i0.wp.com\/eltrabajo.cl\/portal\/wp-content\/uploads\/2014\/01\/Marillanca.jpg?resize=400%2C300&amp;ssl=1 400w\" sizes=\"auto, (max-width: 317px) 100vw, 317px\" \/><\/a><figcaption id=\"caption-attachment-42043\" class=\"wp-caption-text\">El alcalde Mario Marillanca se\u00f1al\u00f3 que la concreci\u00f3n de este proyecto ser\u00e1 beneficioso para la comuna.<\/figcaption><\/figure>\n<p>El Alcalde Mario Marillanca destac\u00f3 que la licitaci\u00f3n considera solo once aerogeneradores, porque los tres restantes se emplazan en terrenos particulares y por lo tanto, ser\u00e1 resorte de sus due\u00f1os negociar con la empresa, para la utilizaci\u00f3n de sus propiedades, a fin de concretar este proyecto, el que har\u00e1 honor al nombre de la comuna, que significa \u2018viento \u2013 viento\u2019.<\/p>\n<p>Seg\u00fan se\u00f1al\u00f3 el alcalde, se espera que las torres se empiecen a construir a contar del 15 de febrero, proyecto que a su juicio le dar\u00e1 un valor agregado a la comuna de Llay Llay desde el punto de vista tur\u00edstico.<\/p>\n<p>\u201cEste proyecto tambi\u00e9n representa un beneficio econ\u00f3mico para la comuna, ya que cada mega watt, significa una buena cantidad de recursos. Si consideramos que cada torre tiene 2,4, es decir, en total tendr\u00edamos 14,4 mega watts, lo que multiplicado por 7 mil d\u00f3lares, podr\u00eda reportarnos unos cien millones de pesos\u201d, se\u00f1al\u00f3 Mario Marillanca.<\/p>\n<p>El Alcalde de Llay Llay destac\u00f3 que este proyecto es beneficioso para la comuna, pero tambi\u00e9n un aporte para el pa\u00eds, m\u00e1s a\u00fan considerando el tema energ\u00e9tico que es motivo de preocupaci\u00f3n y considerando que es energ\u00eda limpia. Explic\u00f3 que la electricidad que se obtenga de este parque e\u00f3lico, ser\u00e1 incorporada al Sistema Interconectado Central, lo que se realizar\u00e1 a trav\u00e9s de una subestaci\u00f3n que existe en el sector de Las Vegas.<\/p>\n<p>El proyecto obviamente cuenta con la aprobaci\u00f3n de su estudio de impacto ambiental y viene trabaj\u00e1ndose hace varios a\u00f1os, por lo tanto, el alcalde Marillanca destac\u00f3 que su materializaci\u00f3n tambi\u00e9n es un logro para \u00e9l como jefe comunal.<\/p>\n<p>Se espera que a m\u00e1s tardar el 15 de febrero de 2015, el parque e\u00f3lico ya est\u00e9 operando en la comuna de Llay Llay.<\/p>\n<p>El proyecto original lo present\u00f3 la empresa de Servicios E\u00f3licos Wind Energy y establec\u00eda la instalaci\u00f3n de 28 aerogeneradores de 2 mega watts cada uno, que en su conjunto tendr\u00e1 una potencia nominal instalada de 56 MW.<\/p>\n<p>Bajo el alero de esa empresa, el servicio de Evaluaci\u00f3n Ambiental le dio el vamos al proyecto en junio de 2012. Sin embargo, Servicios E\u00f3licos -en noviembre de ese mismo a\u00f1o- vendi\u00f3 el proyecto a la alemana Nordex, la que redujo de 28 a 14 los aerogeneradores. La empresa Nordex inform\u00f3 que instalar\u00e1n aerogeneradores del tipo N-117 \/ 2400 que son la \u00faltima incorporaci\u00f3n en la flota de la empresa, los que proporcionan tecnolog\u00eda de \u00faltima generaci\u00f3n para emplazamientos con velocidades de viento bajas.<\/p>\n<p>&nbsp;<\/p>\n","protected":false},"excerpt":{"rendered":"<p>Corporaci\u00f3n edilicia entregar\u00e1 terrenos de su administraci\u00f3n en concesi\u00f3n a la empresa Nordex, que ser\u00e1 la que ejecutar\u00e1 el proyecto. Esta semana finalmente la Municipalidad de Llay Llay subi\u00f3 la licitaci\u00f3n de&#8230;<\/p>\n","protected":false},"author":482,"featured_media":42042,"comment_status":"open","ping_status":"closed","sticky":false,"template":"","format":"standard","meta":{"advanced_seo_description":"","jetpack_seo_html_title":"","jetpack_seo_noindex":false,"_jetpack_memberships_contains_paid_content":false,"footnotes":""},"categories":[1],"tags":[],"class_list":["post-42041","post","type-post","status-publish","format-standard","has-post-thumbnail","hentry","category-cronica"],"jetpack_featured_media_url":"https:\/\/i0.wp.com\/eltrabajo.cl\/portal\/wp-content\/uploads\/2014\/01\/Parque-Eolico.jpg?fit=528%2C351&ssl=1","jetpack_sharing_enabled":true,"jetpack_likes_enabled":true,"jetpack-related-posts":[],"_links":{"self":[{"href":"https:\/\/eltrabajo.cl\/portal\/wp-json\/wp\/v2\/posts\/42041","targetHints":{"allow":["GET"]}}],"collection":[{"href":"https:\/\/eltrabajo.cl\/portal\/wp-json\/wp\/v2\/posts"}],"about":[{"href":"https:\/\/eltrabajo.cl\/portal\/wp-json\/wp\/v2\/types\/post"}],"author":[{"embeddable":true,"href":"https:\/\/eltrabajo.cl\/portal\/wp-json\/wp\/v2\/users\/482"}],"replies":[{"embeddable":true,"href":"https:\/\/eltrabajo.cl\/portal\/wp-json\/wp\/v2\/comments?post=42041"}],"version-history":[{"count":0,"href":"https:\/\/eltrabajo.cl\/portal\/wp-json\/wp\/v2\/posts\/42041\/revisions"}],"wp:featuredmedia":[{"embeddable":true,"href":"https:\/\/eltrabajo.cl\/portal\/wp-json\/wp\/v2\/media\/42042"}],"wp:attachment":[{"href":"https:\/\/eltrabajo.cl\/portal\/wp-json\/wp\/v2\/media?parent=42041"}],"wp:term":[{"taxonomy":"category","embeddable":true,"href":"https:\/\/eltrabajo.cl\/portal\/wp-json\/wp\/v2\/categories?post=42041"},{"taxonomy":"post_tag","embeddable":true,"href":"https:\/\/eltrabajo.cl\/portal\/wp-json\/wp\/v2\/tags?post=42041"}],"curies":[{"name":"wp","href":"https:\/\/api.w.org\/{rel}","templated":true}]}}