{"id":42050,"date":"2014-01-16T09:56:31","date_gmt":"2014-01-16T12:56:31","guid":{"rendered":"http:\/\/www.eltrabajo.cl\/portal\/?p=42050"},"modified":"2014-01-16T09:56:31","modified_gmt":"2014-01-16T12:56:31","slug":"distintos-sectores-de-san-felipe-con-luminarias-led-de-ultima-tecnologia","status":"publish","type":"post","link":"https:\/\/eltrabajo.cl\/portal\/distintos-sectores-de-san-felipe-con-luminarias-led-de-ultima-tecnologia\/","title":{"rendered":"Distintos sectores de San Felipe con luminarias led de \u00faltima tecnolog\u00eda"},"content":{"rendered":"<figure id=\"attachment_42051\" aria-describedby=\"caption-attachment-42051\" style=\"width: 529px\" class=\"wp-caption alignnone\"><a href=\"https:\/\/i0.wp.com\/www.eltrabajo.cl\/portal\/wp-content\/uploads\/2014\/01\/luminarias-el-asiento.jpg\"><img data-recalc-dims=\"1\" loading=\"lazy\" decoding=\"async\" class=\"size-full wp-image-42051\" title=\"ILUMINADOS.- Con una inversi\u00f3n que supera los 20 millones de pesos, la Municipalidad de San Felipe se encuentra ejecutando el proyecto de recambio de luminarias en distintos sectores de la comuna.\" alt=\"ILUMINADOS.- Con una inversi\u00f3n que supera los 20 millones de pesos, la Municipalidad de San Felipe se encuentra ejecutando el proyecto de recambio de luminarias en distintos sectores de la comuna.\" src=\"https:\/\/i0.wp.com\/www.eltrabajo.cl\/portal\/wp-content\/uploads\/2014\/01\/luminarias-el-asiento.jpg?resize=529%2C355\" width=\"529\" height=\"355\" srcset=\"https:\/\/i0.wp.com\/eltrabajo.cl\/portal\/wp-content\/uploads\/2014\/01\/luminarias-el-asiento.jpg?w=529&amp;ssl=1 529w, https:\/\/i0.wp.com\/eltrabajo.cl\/portal\/wp-content\/uploads\/2014\/01\/luminarias-el-asiento.jpg?resize=200%2C134&amp;ssl=1 200w, https:\/\/i0.wp.com\/eltrabajo.cl\/portal\/wp-content\/uploads\/2014\/01\/luminarias-el-asiento.jpg?resize=300%2C201&amp;ssl=1 300w, https:\/\/i0.wp.com\/eltrabajo.cl\/portal\/wp-content\/uploads\/2014\/01\/luminarias-el-asiento.jpg?resize=150%2C100&amp;ssl=1 150w, https:\/\/i0.wp.com\/eltrabajo.cl\/portal\/wp-content\/uploads\/2014\/01\/luminarias-el-asiento.jpg?resize=400%2C268&amp;ssl=1 400w\" sizes=\"auto, (max-width: 529px) 100vw, 529px\" \/><\/a><figcaption id=\"caption-attachment-42051\" class=\"wp-caption-text\">ILUMINADOS.- Con una inversi\u00f3n que supera los 20 millones de pesos, la Municipalidad de San Felipe se encuentra ejecutando el proyecto de recambio de luminarias en distintos sectores de la comuna.<\/figcaption><\/figure>\n<p>Con una inversi\u00f3n que supera los 20 millones de pesos, la Municipalidad de San Felipe se encuentra ejecutando el proyecto de recambio de luminarias en distintos sectores de la comuna, que contempla en algunos lugares la instalaci\u00f3n de postes y luces led de \u00faltima generaci\u00f3n. Para ver en terreno el proceso, el Alcalde Patricio Freire se traslad\u00f3 en horas de la ma\u00f1ana de este mi\u00e9rcoles hasta el sector de El Asiento, donde se estaban ejecutando los trabajos de instalaci\u00f3n de postes y luminaria.<\/p>\n<figure id=\"attachment_42052\" aria-describedby=\"caption-attachment-42052\" style=\"width: 317px\" class=\"wp-caption alignright\"><a href=\"https:\/\/i0.wp.com\/www.eltrabajo.cl\/portal\/wp-content\/uploads\/2014\/01\/Luis-Ortiz.jpg\"><img data-recalc-dims=\"1\" loading=\"lazy\" decoding=\"async\" class=\" wp-image-42052 \" title=\"Luis Ortiz, Presidente Junta Vecinal El Asiento.\" alt=\"Luis Ortiz, Presidente Junta Vecinal El Asiento.\" src=\"https:\/\/i0.wp.com\/www.eltrabajo.cl\/portal\/wp-content\/uploads\/2014\/01\/Luis-Ortiz.jpg?resize=317%2C293\" width=\"317\" height=\"293\" srcset=\"https:\/\/i0.wp.com\/eltrabajo.cl\/portal\/wp-content\/uploads\/2014\/01\/Luis-Ortiz.jpg?w=529&amp;ssl=1 529w, https:\/\/i0.wp.com\/eltrabajo.cl\/portal\/wp-content\/uploads\/2014\/01\/Luis-Ortiz.jpg?resize=162%2C150&amp;ssl=1 162w, https:\/\/i0.wp.com\/eltrabajo.cl\/portal\/wp-content\/uploads\/2014\/01\/Luis-Ortiz.jpg?resize=300%2C277&amp;ssl=1 300w, https:\/\/i0.wp.com\/eltrabajo.cl\/portal\/wp-content\/uploads\/2014\/01\/Luis-Ortiz.jpg?resize=150%2C138&amp;ssl=1 150w, https:\/\/i0.wp.com\/eltrabajo.cl\/portal\/wp-content\/uploads\/2014\/01\/Luis-Ortiz.jpg?resize=400%2C369&amp;ssl=1 400w\" sizes=\"auto, (max-width: 317px) 100vw, 317px\" \/><\/a><figcaption id=\"caption-attachment-42052\" class=\"wp-caption-text\">Luis Ortiz, Presidente Junta Vecinal El Asiento.<\/figcaption><\/figure>\n<p>\u00abEsto lo estamos haciendo en varios sectores de la comuna, que son sectores que presentaban mucha oscuridad y donde transitaban los vecinos en estas condiciones. Estamos en terreno mirando las obras y solamente falta la instalaci\u00f3n de las luminarias, algo que nos deja muy contentos. Los sectores rurales son muy importantes y lamentablemente estaban postergados y esta es la manera de saldar la deuda con ellos. Para nosotros es bonito ver a los vecinos contentos, es lo principal en nuestra gesti\u00f3n\u00bb, dijo el Alcalde Freire.<\/p>\n<p>En Calle Santa Margarita de El Asiento, se instalaron diez postes de hormig\u00f3n y luminarias tipo led de 65 watts, lo que permite mejorar la calidad de vida de los residentes del sector, al entregar seguridad en un lugar muy oscuro y peligroso para el tr\u00e1nsito de los vecinos que viven en el \u00e1rea, tal como se\u00f1al\u00f3 el presidente de la Junta de vecinos de El Asiento, Luis Ortiz.<\/p>\n<p>\u00abEsto era muy peligroso para los vecinos, corr\u00edan mucho riesgo en la noche, por eso quiero agradecer al alcalde, porque esto es muy importante para la localidad, esto va en beneficio de m\u00e1s de 1.200 personas y se recupera un lugar p\u00fablico y tambi\u00e9n hemos reparado los juegos infantiles con fondos municipales, el hecho de que el alcalde venga a los sectores rurales habla bien de \u00e9l que est\u00e1 haciendo gesti\u00f3n, una persona que lleva un a\u00f1o en el mando nos ha solucionado un problema que arrastramos por m\u00e1s de cuarenta a\u00f1os\u00bb, dijo el dirigente.<\/p>\n<p>Adem\u00e1s, el proyecto contempla la instalaci\u00f3n de luminarias, de manera simult\u00e1nea en la poblaci\u00f3n Mar\u00eda de la Pasi\u00f3n en Curim\u00f3n, en la poblaci\u00f3n El Olivo de La Troya y el cruce de Calle Michimalongo y Manuel Caballero. Las obras comenzaron el pasado 15 de diciembre y est\u00e1 contemplado que en estos d\u00edas culminen, lo que le cambiar\u00e1 el aspecto a estos importantes sectores de la comuna de San Felipe.<\/p>\n<p>&nbsp;<\/p>\n","protected":false},"excerpt":{"rendered":"<p>Con una inversi\u00f3n que supera los 20 millones de pesos, la Municipalidad de San Felipe se encuentra ejecutando el proyecto de recambio de luminarias en distintos sectores de la comuna, que contempla&#8230;<\/p>\n","protected":false},"author":482,"featured_media":42051,"comment_status":"open","ping_status":"closed","sticky":false,"template":"","format":"standard","meta":{"advanced_seo_description":"","jetpack_seo_html_title":"","jetpack_seo_noindex":false,"_jetpack_memberships_contains_paid_content":false,"footnotes":""},"categories":[1],"tags":[],"class_list":["post-42050","post","type-post","status-publish","format-standard","has-post-thumbnail","hentry","category-cronica"],"jetpack_featured_media_url":"https:\/\/i0.wp.com\/eltrabajo.cl\/portal\/wp-content\/uploads\/2014\/01\/luminarias-el-asiento.jpg?fit=529%2C355&ssl=1","jetpack_sharing_enabled":true,"jetpack_likes_enabled":true,"jetpack-related-posts":[],"_links":{"self":[{"href":"https:\/\/eltrabajo.cl\/portal\/wp-json\/wp\/v2\/posts\/42050","targetHints":{"allow":["GET"]}}],"collection":[{"href":"https:\/\/eltrabajo.cl\/portal\/wp-json\/wp\/v2\/posts"}],"about":[{"href":"https:\/\/eltrabajo.cl\/portal\/wp-json\/wp\/v2\/types\/post"}],"author":[{"embeddable":true,"href":"https:\/\/eltrabajo.cl\/portal\/wp-json\/wp\/v2\/users\/482"}],"replies":[{"embeddable":true,"href":"https:\/\/eltrabajo.cl\/portal\/wp-json\/wp\/v2\/comments?post=42050"}],"version-history":[{"count":0,"href":"https:\/\/eltrabajo.cl\/portal\/wp-json\/wp\/v2\/posts\/42050\/revisions"}],"wp:featuredmedia":[{"embeddable":true,"href":"https:\/\/eltrabajo.cl\/portal\/wp-json\/wp\/v2\/media\/42051"}],"wp:attachment":[{"href":"https:\/\/eltrabajo.cl\/portal\/wp-json\/wp\/v2\/media?parent=42050"}],"wp:term":[{"taxonomy":"category","embeddable":true,"href":"https:\/\/eltrabajo.cl\/portal\/wp-json\/wp\/v2\/categories?post=42050"},{"taxonomy":"post_tag","embeddable":true,"href":"https:\/\/eltrabajo.cl\/portal\/wp-json\/wp\/v2\/tags?post=42050"}],"curies":[{"name":"wp","href":"https:\/\/api.w.org\/{rel}","templated":true}]}}