{"id":42077,"date":"2014-01-17T09:38:28","date_gmt":"2014-01-17T12:38:28","guid":{"rendered":"http:\/\/www.eltrabajo.cl\/portal\/?p=42077"},"modified":"2014-01-17T09:38:28","modified_gmt":"2014-01-17T12:38:28","slug":"unas-2000-personas-disfrutaron-con-la-musica-afro-peruana-del-grupo-manomadera","status":"publish","type":"post","link":"https:\/\/eltrabajo.cl\/portal\/unas-2000-personas-disfrutaron-con-la-musica-afro-peruana-del-grupo-manomadera\/","title":{"rendered":"Unas 2000 personas disfrutaron con la m\u00fasica afro-peruana del Grupo Manomadera"},"content":{"rendered":"<figure id=\"attachment_42078\" aria-describedby=\"caption-attachment-42078\" style=\"width: 529px\" class=\"wp-caption alignnone\"><a href=\"https:\/\/i0.wp.com\/www.eltrabajo.cl\/portal\/wp-content\/uploads\/2014\/01\/Teatro1.jpg\"><img data-recalc-dims=\"1\" loading=\"lazy\" decoding=\"async\" class=\"size-full wp-image-42078\" title=\"El Alcalde Patricio Freire tambi\u00e9n disfrut\u00f3 c\u00e1lidos momentos con estos singulares artistas.\" alt=\"El Alcalde Patricio Freire tambi\u00e9n disfrut\u00f3 c\u00e1lidos momentos con estos singulares artistas.\" src=\"https:\/\/i0.wp.com\/www.eltrabajo.cl\/portal\/wp-content\/uploads\/2014\/01\/Teatro1.jpg?resize=529%2C350\" width=\"529\" height=\"350\" srcset=\"https:\/\/i0.wp.com\/eltrabajo.cl\/portal\/wp-content\/uploads\/2014\/01\/Teatro1.jpg?w=529&amp;ssl=1 529w, https:\/\/i0.wp.com\/eltrabajo.cl\/portal\/wp-content\/uploads\/2014\/01\/Teatro1.jpg?resize=200%2C132&amp;ssl=1 200w, https:\/\/i0.wp.com\/eltrabajo.cl\/portal\/wp-content\/uploads\/2014\/01\/Teatro1.jpg?resize=300%2C198&amp;ssl=1 300w, https:\/\/i0.wp.com\/eltrabajo.cl\/portal\/wp-content\/uploads\/2014\/01\/Teatro1.jpg?resize=150%2C99&amp;ssl=1 150w, https:\/\/i0.wp.com\/eltrabajo.cl\/portal\/wp-content\/uploads\/2014\/01\/Teatro1.jpg?resize=400%2C264&amp;ssl=1 400w\" sizes=\"auto, (max-width: 529px) 100vw, 529px\" \/><\/a><figcaption id=\"caption-attachment-42078\" class=\"wp-caption-text\">El Alcalde Patricio Freire tambi\u00e9n disfrut\u00f3 c\u00e1lidos momentos con estos singulares artistas.<\/figcaption><\/figure>\n<p>La m\u00fasica afro-peruana, a trav\u00e9s de su tradicional Caj\u00f3n Peruano, hizo bailar a los m\u00e1s de 2.000 asistentes que llenaron el sector c\u00e9ntrico de la comuna y que disfrutaron con la presentaci\u00f3n de Mar\u00eda del Carmen Dongo y la agrupaci\u00f3n Manomadera. La presentaci\u00f3n comenz\u00f3 pasadas las 20:30 horas, cuando los m\u00fasicos aparecieron desde distintos sectores de la plaza c\u00edvica con los primeros acordes de sus melod\u00edas, lo que llam\u00f3 la atenci\u00f3n del p\u00fablico, quienes de inmediato se conectaron con la m\u00fasica y comenzaron a generar el ambiente que termin\u00f3 todos bailando al ritmo de los sonidos afroperuanos.<\/p>\n<figure id=\"attachment_42079\" aria-describedby=\"caption-attachment-42079\" style=\"width: 422px\" class=\"wp-caption alignright\"><a href=\"https:\/\/i0.wp.com\/www.eltrabajo.cl\/portal\/wp-content\/uploads\/2014\/01\/Teatro2.jpg\"><img data-recalc-dims=\"1\" loading=\"lazy\" decoding=\"async\" class=\" wp-image-42079 \" title=\"La m\u00fasica afro-peruana, a trav\u00e9s de su tradicional Caj\u00f3n Peruano, hizo bailar a los m\u00e1s de 2.000 asistentes que llenaron el sector c\u00e9ntrico de la comuna y que disfrutaron con la presentaci\u00f3n de Mar\u00eda del Carmen Dongo y la agrupaci\u00f3n Manomadera.\" alt=\"La m\u00fasica afro-peruana, a trav\u00e9s de su tradicional Caj\u00f3n Peruano, hizo bailar a los m\u00e1s de 2.000 asistentes que llenaron el sector c\u00e9ntrico de la comuna y que disfrutaron con la presentaci\u00f3n de Mar\u00eda del Carmen Dongo y la agrupaci\u00f3n Manomadera.\" src=\"https:\/\/i0.wp.com\/www.eltrabajo.cl\/portal\/wp-content\/uploads\/2014\/01\/Teatro2.jpg?resize=422%2C246\" width=\"422\" height=\"246\" srcset=\"https:\/\/i0.wp.com\/eltrabajo.cl\/portal\/wp-content\/uploads\/2014\/01\/Teatro2.jpg?w=528&amp;ssl=1 528w, https:\/\/i0.wp.com\/eltrabajo.cl\/portal\/wp-content\/uploads\/2014\/01\/Teatro2.jpg?resize=200%2C116&amp;ssl=1 200w, https:\/\/i0.wp.com\/eltrabajo.cl\/portal\/wp-content\/uploads\/2014\/01\/Teatro2.jpg?resize=300%2C174&amp;ssl=1 300w, https:\/\/i0.wp.com\/eltrabajo.cl\/portal\/wp-content\/uploads\/2014\/01\/Teatro2.jpg?resize=150%2C87&amp;ssl=1 150w, https:\/\/i0.wp.com\/eltrabajo.cl\/portal\/wp-content\/uploads\/2014\/01\/Teatro2.jpg?resize=400%2C232&amp;ssl=1 400w\" sizes=\"auto, (max-width: 422px) 100vw, 422px\" \/><\/a><figcaption id=\"caption-attachment-42079\" class=\"wp-caption-text\">La m\u00fasica afro-peruana, a trav\u00e9s de su tradicional Caj\u00f3n Peruano, hizo bailar a los m\u00e1s de 2.000 asistentes que llenaron el sector c\u00e9ntrico de la comuna y que disfrutaron con la presentaci\u00f3n de Mar\u00eda del Carmen Dongo y la agrupaci\u00f3n Manomadera.<\/figcaption><\/figure>\n<p>Con el tradicional Caj\u00f3n Peruano, uno de los instrumentos m\u00e1s importantes del vecino pa\u00eds y varios otros instrumentos musicales con influencia cubana incluso, los m\u00fasicos interpretaron los ritmos afroperuanos que fueron contagiando a los asistentes, quienes comenzaron a bailar al ritmo de la m\u00fasica.<\/p>\n<p>\u00abMaravilloso el p\u00fablico de San Felipe, maravillosas estas almas que necesitaban este encuentro y nosotros lo necesit\u00e1bamos tambi\u00e9n, es magn\u00edfico y con muchas ganas de interactuar. Estamos hace doce a\u00f1os del Per\u00fa para el mundo en este trabajo que en un minuto tendr\u00e1 que ser el sonido del mundo, y ac\u00e1 se est\u00e1 demostrando con este encuentro maravilloso. No tenemos palabras para agradecer a Santiago a Mil, a la Fitan, a la Embajada de Per\u00fa, son muy pocos los apoyos que se dan en este nivel con lo que tiene que ver con unificar la cultura en Am\u00e9rica, por eso gracias\u00bb, se\u00f1al\u00f3 Mar\u00eda del Carmen Dongo, directora de la agrupaci\u00f3n.<\/p>\n<p>La presentaci\u00f3n culmin\u00f3 pasadas las 22:00 horas, luego de haber presenciado un espect\u00e1culo de m\u00fasica y luces que buscaba contagiar a los asistentes con la magia del vecino pa\u00eds.<\/p>\n<p>Esta presentaci\u00f3n se enmarca en la alianza establecida entre la Fundaci\u00f3n Teatro a Mil y la Municipalidad de San Felipe, que tiene como objetivo traer a la comuna las distintas expresiones art\u00edsticas de los diferentes pa\u00edses del mundo y contempla otra presentaci\u00f3n este viernes, con la cultura milenaria china. Summer Fantasies trae la magia, las luces, la m\u00fasica y malabarismo desde el oriente.<\/p>\n<p>\u00abEs un continente distinto, es una cultura milenaria, se van a sorprender, deben dejarse llevar, abrir los sentidos, abrir el coraz\u00f3n, porque esto va a ser sorprender por su magia, la aventura teatral es m\u00e1gica. Es el teatro y la m\u00fasica del mundo que llega a San Felipe y nos sentimos tremendamente contentos\u00bb, enfatiz\u00f3 Andr\u00e9s Garc\u00eda, representante de Teatro a Mil.<\/p>\n<p>La invitaci\u00f3n es entonces para toda la comunidad, para que se acerquen este viernes a las 20:\u00bb horas a la plaza c\u00edvica, a disfrutar de estas expresiones art\u00edsticas y a conocer m\u00e1s de la milenaria cultura China, y que forma parte de los objetivos del Alcalde Patricio Freire, que todos los vecinos puedan disfrutar de este tipo de espect\u00e1culos, acercando las distintas expresiones culturales del mundo a nuestra comuna.<\/p>\n<p>&nbsp;<\/p>\n","protected":false},"excerpt":{"rendered":"<p>La m\u00fasica afro-peruana, a trav\u00e9s de su tradicional Caj\u00f3n Peruano, hizo bailar a los m\u00e1s de 2.000 asistentes que llenaron el sector c\u00e9ntrico de la comuna y que disfrutaron con la presentaci\u00f3n&#8230;<\/p>\n","protected":false},"author":482,"featured_media":42078,"comment_status":"open","ping_status":"closed","sticky":false,"template":"","format":"standard","meta":{"advanced_seo_description":"","jetpack_seo_html_title":"","jetpack_seo_noindex":false,"_jetpack_memberships_contains_paid_content":false,"footnotes":""},"categories":[15],"tags":[],"class_list":["post-42077","post","type-post","status-publish","format-standard","has-post-thumbnail","hentry","category-comunidad"],"jetpack_featured_media_url":"https:\/\/i0.wp.com\/eltrabajo.cl\/portal\/wp-content\/uploads\/2014\/01\/Teatro1.jpg?fit=529%2C350&ssl=1","jetpack_sharing_enabled":true,"jetpack_likes_enabled":true,"jetpack-related-posts":[],"_links":{"self":[{"href":"https:\/\/eltrabajo.cl\/portal\/wp-json\/wp\/v2\/posts\/42077","targetHints":{"allow":["GET"]}}],"collection":[{"href":"https:\/\/eltrabajo.cl\/portal\/wp-json\/wp\/v2\/posts"}],"about":[{"href":"https:\/\/eltrabajo.cl\/portal\/wp-json\/wp\/v2\/types\/post"}],"author":[{"embeddable":true,"href":"https:\/\/eltrabajo.cl\/portal\/wp-json\/wp\/v2\/users\/482"}],"replies":[{"embeddable":true,"href":"https:\/\/eltrabajo.cl\/portal\/wp-json\/wp\/v2\/comments?post=42077"}],"version-history":[{"count":0,"href":"https:\/\/eltrabajo.cl\/portal\/wp-json\/wp\/v2\/posts\/42077\/revisions"}],"wp:featuredmedia":[{"embeddable":true,"href":"https:\/\/eltrabajo.cl\/portal\/wp-json\/wp\/v2\/media\/42078"}],"wp:attachment":[{"href":"https:\/\/eltrabajo.cl\/portal\/wp-json\/wp\/v2\/media?parent=42077"}],"wp:term":[{"taxonomy":"category","embeddable":true,"href":"https:\/\/eltrabajo.cl\/portal\/wp-json\/wp\/v2\/categories?post=42077"},{"taxonomy":"post_tag","embeddable":true,"href":"https:\/\/eltrabajo.cl\/portal\/wp-json\/wp\/v2\/tags?post=42077"}],"curies":[{"name":"wp","href":"https:\/\/api.w.org\/{rel}","templated":true}]}}