{"id":42087,"date":"2014-01-17T09:42:49","date_gmt":"2014-01-17T12:42:49","guid":{"rendered":"http:\/\/www.eltrabajo.cl\/portal\/?p=42087"},"modified":"2014-01-17T09:42:49","modified_gmt":"2014-01-17T12:42:49","slug":"murcielago-con-rabia-en-san-felipe-origina-operativo-de-vacunacion","status":"publish","type":"post","link":"https:\/\/eltrabajo.cl\/portal\/murcielago-con-rabia-en-san-felipe-origina-operativo-de-vacunacion\/","title":{"rendered":"Murci\u00e9lago con rabia en San Felipe origina operativo de vacunaci\u00f3n"},"content":{"rendered":"<figure id=\"attachment_42088\" aria-describedby=\"caption-attachment-42088\" style=\"width: 529px\" class=\"wp-caption alignnone\"><a href=\"https:\/\/i0.wp.com\/www.eltrabajo.cl\/portal\/wp-content\/uploads\/2014\/01\/rabia1.jpg\"><img data-recalc-dims=\"1\" loading=\"lazy\" decoding=\"async\" class=\"size-full wp-image-42088\" title=\"La vacunaci\u00f3n antirr\u00e1bica se realizar\u00e1 el 21 de enero, pero quedan fuera los perros vagos.\" alt=\"La vacunaci\u00f3n antirr\u00e1bica se realizar\u00e1 el 21 de enero, pero quedan fuera los perros vagos.\" src=\"https:\/\/i0.wp.com\/www.eltrabajo.cl\/portal\/wp-content\/uploads\/2014\/01\/rabia1.jpg?resize=529%2C397\" width=\"529\" height=\"397\" srcset=\"https:\/\/i0.wp.com\/eltrabajo.cl\/portal\/wp-content\/uploads\/2014\/01\/rabia1.jpg?w=529&amp;ssl=1 529w, https:\/\/i0.wp.com\/eltrabajo.cl\/portal\/wp-content\/uploads\/2014\/01\/rabia1.jpg?resize=200%2C150&amp;ssl=1 200w, https:\/\/i0.wp.com\/eltrabajo.cl\/portal\/wp-content\/uploads\/2014\/01\/rabia1.jpg?resize=300%2C225&amp;ssl=1 300w, https:\/\/i0.wp.com\/eltrabajo.cl\/portal\/wp-content\/uploads\/2014\/01\/rabia1.jpg?resize=150%2C112&amp;ssl=1 150w, https:\/\/i0.wp.com\/eltrabajo.cl\/portal\/wp-content\/uploads\/2014\/01\/rabia1.jpg?resize=400%2C300&amp;ssl=1 400w\" sizes=\"auto, (max-width: 529px) 100vw, 529px\" \/><\/a><figcaption id=\"caption-attachment-42088\" class=\"wp-caption-text\">La vacunaci\u00f3n antirr\u00e1bica se realizar\u00e1 el 21 de enero, pero quedan fuera los perros vagos.<\/figcaption><\/figure>\n<p>El hallazgo de un murci\u00e9lago positivo a rabia en un domicilio ubicado en pleno centro de San Felipe, dar\u00e1 pie a un operativo de vacunaci\u00f3n de perros el pr\u00f3ximo martes 21 en dependencias del Liceo Roberto Humeres.<\/p>\n<p>As\u00ed lo dio a conocer la Jefa de la Seremi de Salud Oficina Provincial Aconcagua, Lilia Fuentes, quien manifest\u00f3 que un vecino de la comuna encontr\u00f3 un murci\u00e9lago en un domicilio del sector central de la ciudad, quien alert\u00f3 a la entidad, la cual dispuso el env\u00edo para an\u00e1lisis de esta especie, la que arroj\u00f3 positivo a rabia, por lo que se dispuso del plan sanitario.<\/p>\n<p>La profesional manifest\u00f3 que se est\u00e1 haciendo un trabajo coordinado con la municipalidad de San Felipe y el centro de salud familiar, a trav\u00e9s de sus monitores de salud, a fin de informar a la poblaci\u00f3n del perifoco definido para la vacunaci\u00f3n, acerca de este operativo que se va a realizar.<\/p>\n<p>\u00abEste operativo de vacunaci\u00f3n se realizar\u00e1 el d\u00eda martes 21, en dependencias del Liceo Roberto Humeres por el acceso a Salinas, debiendo concurrir las personas que recibieron la citaci\u00f3n de los monitores de salud, para que puedan vacunar a sus mascotas contra la rabia\u00bb, se\u00f1al\u00f3 Fuentes. El per\u00edmetro de viviendas consignado para este operativo, es decir cuyos perros tendr\u00e1n que ser vacunados, corresponde a Chacabuco-Yungay-Freire-Traslavi\u00f1a. Fue un vecino de este sector quien encontr\u00f3 el murci\u00e9lago y que lo entreg\u00f3 a la Seremi de Salud, la que a su vez lo envi\u00f3 al Instituto de Salud P\u00fablica para an\u00e1lisis, estableciendo que era positivo a rabia, por lo que se coordina esta medida de control del perifoco.<\/p>\n<p>Lilia Fuentes destac\u00f3 que en el \u00faltimo tiempo la comunidad ha asumido una conducta muy responsable y en caso de encontrar murci\u00e9lagos en situaciones no comunes, normalmente los lleva a la Seremi de Salud para que se realice el an\u00e1lisis de rabia. Recalc\u00f3 que la poblaci\u00f3n debe tomar los resguardos del caso cuando un murci\u00e9lago es hallado volando de d\u00eda o con una conducta err\u00e1tica, ya que es muy probablemente un murci\u00e9lago infectado por rabia.<\/p>\n<p>&nbsp;<\/p>\n<p><strong>QUILTROS NO<\/strong><\/p>\n<p>Si bien el operativo es muy beneficioso en t\u00e9rminos que permite a las mascotas de las distintas viviendas del sector central -notificadas oportunamente- acceder a esta vacunaci\u00f3n, lo cierto es que los perros vagos quedan fuera de esta medida de control.<\/p>\n<p>Al ser consultada Lilia Fuentes por la situaci\u00f3n de los perros que deambulan por el centro de San Felipe y que en cantidad son much\u00edsimos, la profesional manifest\u00f3 que \u00abla vacunaci\u00f3n de los perros callejeros no la tenemos contemplada, porque no debiesen existir los perros callejeros, ese es el primer tema. El problema es que nadie se responsabiliza de ellos, entonces tiene que haber un due\u00f1o responsable para nosotros proceder a la vacunaci\u00f3n\u00bb.<\/p>\n","protected":false},"excerpt":{"rendered":"<p>El hallazgo de un murci\u00e9lago positivo a rabia en un domicilio ubicado en pleno centro de San Felipe, dar\u00e1 pie a un operativo de vacunaci\u00f3n de perros el pr\u00f3ximo martes 21 en&#8230;<\/p>\n","protected":false},"author":482,"featured_media":42088,"comment_status":"open","ping_status":"closed","sticky":false,"template":"","format":"standard","meta":{"advanced_seo_description":"","jetpack_seo_html_title":"","jetpack_seo_noindex":false,"_jetpack_memberships_contains_paid_content":false,"footnotes":""},"categories":[1],"tags":[],"class_list":["post-42087","post","type-post","status-publish","format-standard","has-post-thumbnail","hentry","category-cronica"],"jetpack_featured_media_url":"https:\/\/i0.wp.com\/eltrabajo.cl\/portal\/wp-content\/uploads\/2014\/01\/rabia1.jpg?fit=529%2C397&ssl=1","jetpack_sharing_enabled":true,"jetpack_likes_enabled":true,"jetpack-related-posts":[],"_links":{"self":[{"href":"https:\/\/eltrabajo.cl\/portal\/wp-json\/wp\/v2\/posts\/42087","targetHints":{"allow":["GET"]}}],"collection":[{"href":"https:\/\/eltrabajo.cl\/portal\/wp-json\/wp\/v2\/posts"}],"about":[{"href":"https:\/\/eltrabajo.cl\/portal\/wp-json\/wp\/v2\/types\/post"}],"author":[{"embeddable":true,"href":"https:\/\/eltrabajo.cl\/portal\/wp-json\/wp\/v2\/users\/482"}],"replies":[{"embeddable":true,"href":"https:\/\/eltrabajo.cl\/portal\/wp-json\/wp\/v2\/comments?post=42087"}],"version-history":[{"count":0,"href":"https:\/\/eltrabajo.cl\/portal\/wp-json\/wp\/v2\/posts\/42087\/revisions"}],"wp:featuredmedia":[{"embeddable":true,"href":"https:\/\/eltrabajo.cl\/portal\/wp-json\/wp\/v2\/media\/42088"}],"wp:attachment":[{"href":"https:\/\/eltrabajo.cl\/portal\/wp-json\/wp\/v2\/media?parent=42087"}],"wp:term":[{"taxonomy":"category","embeddable":true,"href":"https:\/\/eltrabajo.cl\/portal\/wp-json\/wp\/v2\/categories?post=42087"},{"taxonomy":"post_tag","embeddable":true,"href":"https:\/\/eltrabajo.cl\/portal\/wp-json\/wp\/v2\/tags?post=42087"}],"curies":[{"name":"wp","href":"https:\/\/api.w.org\/{rel}","templated":true}]}}