{"id":42091,"date":"2014-01-17T09:49:18","date_gmt":"2014-01-17T12:49:18","guid":{"rendered":"http:\/\/www.eltrabajo.cl\/portal\/?p=42091"},"modified":"2014-01-17T09:49:18","modified_gmt":"2014-01-17T12:49:18","slug":"los-jaivas-inauguraran-el-carnaval-de-la-chaya-putaendo-2014","status":"publish","type":"post","link":"https:\/\/eltrabajo.cl\/portal\/los-jaivas-inauguraran-el-carnaval-de-la-chaya-putaendo-2014\/","title":{"rendered":"Los Jaivas inaugurar\u00e1n el Carnaval de la Chaya Putaendo 2014"},"content":{"rendered":"<figure id=\"attachment_42093\" aria-describedby=\"caption-attachment-42093\" style=\"width: 529px\" class=\"wp-caption alignnone\"><a href=\"https:\/\/i0.wp.com\/www.eltrabajo.cl\/portal\/wp-content\/uploads\/2014\/01\/LosJaivas1.jpg\"><img data-recalc-dims=\"1\" loading=\"lazy\" decoding=\"async\" class=\"size-full wp-image-42093\" title=\"LOS MEJORES.- El connotado grupo nacional, Los Jaivas, ser\u00e1n los encargados de inaugurar el Carnaval de la Chaya en Putaendo el viernes 14 de febrero.\" alt=\"LOS MEJORES.- El connotado grupo nacional, Los Jaivas, ser\u00e1n los encargados de inaugurar el Carnaval de la Chaya en Putaendo el viernes 14 de febrero.\" src=\"https:\/\/i0.wp.com\/www.eltrabajo.cl\/portal\/wp-content\/uploads\/2014\/01\/LosJaivas1.jpg?resize=529%2C285\" width=\"529\" height=\"285\" srcset=\"https:\/\/i0.wp.com\/eltrabajo.cl\/portal\/wp-content\/uploads\/2014\/01\/LosJaivas1.jpg?w=529&amp;ssl=1 529w, https:\/\/i0.wp.com\/eltrabajo.cl\/portal\/wp-content\/uploads\/2014\/01\/LosJaivas1.jpg?resize=200%2C107&amp;ssl=1 200w, https:\/\/i0.wp.com\/eltrabajo.cl\/portal\/wp-content\/uploads\/2014\/01\/LosJaivas1.jpg?resize=300%2C161&amp;ssl=1 300w, https:\/\/i0.wp.com\/eltrabajo.cl\/portal\/wp-content\/uploads\/2014\/01\/LosJaivas1.jpg?resize=150%2C80&amp;ssl=1 150w, https:\/\/i0.wp.com\/eltrabajo.cl\/portal\/wp-content\/uploads\/2014\/01\/LosJaivas1.jpg?resize=400%2C215&amp;ssl=1 400w\" sizes=\"auto, (max-width: 529px) 100vw, 529px\" \/><\/a><figcaption id=\"caption-attachment-42093\" class=\"wp-caption-text\">LOS MEJORES.- El connotado grupo nacional, Los Jaivas, ser\u00e1n los encargados de inaugurar el Carnaval de la Chaya en Putaendo el viernes 14 de febrero.<\/figcaption><\/figure>\n<p><strong>PUTAENDO<\/strong>.- El connotado grupo nacional, Los Jaivas, ser\u00e1n los encargados de inaugurar el Carnaval de la Chaya en Putaendo el viernes 14 de febrero. La informaci\u00f3n fue confirmada por el Alcalde Guillermo Reyes, quien se\u00f1al\u00f3 que es un orgullo iniciar el tradicional Carnaval de la Chaya con la presencia del destacado grupo nacional, que por vez primera se presentar\u00e1 en Putaendo.<\/p>\n<p>El edil se\u00f1al\u00f3 que durante los pr\u00f3ximos d\u00edas mediante una conferencia de prensa se entregar\u00e1n los nombres y en detalle los d\u00edas de los artistas que participar\u00e1n en el Carnaval de la Chaya, aunque nos confirm\u00f3 algunos nombres como el de Mar\u00eda Jos\u00e9 Quintanilla; Eyci &amp; Cody; Los Viking 5; Fusi\u00f3n Humor; Los Taquilleros del Humor; Banda Conmoci\u00f3n y Villa Cari\u00f1o entre otros.<\/p>\n<p>Adem\u00e1s, se confirm\u00f3 que se dedicar\u00e1 un d\u00eda al folclore y a las tradiciones del campo con la presentaci\u00f3n de al destacada artista nacional Mirta Iturra. Reyes anticip\u00f3 que contin\u00faan las negociaciones con otros destacados artistas y grupos nacionales e indic\u00f3 que como todos los a\u00f1os desde que \u00e9l asumi\u00f3 como alcalde de Putaendo, el Carnaval de la Chaya ha ido creciendo a\u00f1o a a\u00f1o y que la gente ya exige un show de calidad y que afortunadamente quedaron en el pasado los carnavales que eran entregados a productoras que lo \u00fanico que les interesaba ganar dinero y era muy bajo el nivel art\u00edstico, por lo que desde ya invita a la comuna y al Valle del Aconcagua a repletar la plaza de Putaendo el pr\u00f3ximo 14 de febrero, pues asegur\u00f3 que Los Jaivas prometen un concierto hist\u00f3rico para dar inicio al tradicional Carnaval de la Chaya.<\/p>\n<p>Patricio Gallardo M.<\/p>\n<p>&nbsp;<\/p>\n","protected":false},"excerpt":{"rendered":"<p>PUTAENDO.- El connotado grupo nacional, Los Jaivas, ser\u00e1n los encargados de inaugurar el Carnaval de la Chaya en Putaendo el viernes 14 de febrero. La informaci\u00f3n fue confirmada por el Alcalde Guillermo&#8230;<\/p>\n","protected":false},"author":482,"featured_media":42093,"comment_status":"open","ping_status":"closed","sticky":false,"template":"","format":"standard","meta":{"advanced_seo_description":"","jetpack_seo_html_title":"","jetpack_seo_noindex":false,"_jetpack_memberships_contains_paid_content":false,"footnotes":""},"categories":[1],"tags":[],"class_list":["post-42091","post","type-post","status-publish","format-standard","has-post-thumbnail","hentry","category-cronica"],"jetpack_featured_media_url":"https:\/\/i0.wp.com\/eltrabajo.cl\/portal\/wp-content\/uploads\/2014\/01\/LosJaivas1.jpg?fit=529%2C285&ssl=1","jetpack_sharing_enabled":true,"jetpack_likes_enabled":true,"jetpack-related-posts":[],"_links":{"self":[{"href":"https:\/\/eltrabajo.cl\/portal\/wp-json\/wp\/v2\/posts\/42091","targetHints":{"allow":["GET"]}}],"collection":[{"href":"https:\/\/eltrabajo.cl\/portal\/wp-json\/wp\/v2\/posts"}],"about":[{"href":"https:\/\/eltrabajo.cl\/portal\/wp-json\/wp\/v2\/types\/post"}],"author":[{"embeddable":true,"href":"https:\/\/eltrabajo.cl\/portal\/wp-json\/wp\/v2\/users\/482"}],"replies":[{"embeddable":true,"href":"https:\/\/eltrabajo.cl\/portal\/wp-json\/wp\/v2\/comments?post=42091"}],"version-history":[{"count":0,"href":"https:\/\/eltrabajo.cl\/portal\/wp-json\/wp\/v2\/posts\/42091\/revisions"}],"wp:featuredmedia":[{"embeddable":true,"href":"https:\/\/eltrabajo.cl\/portal\/wp-json\/wp\/v2\/media\/42093"}],"wp:attachment":[{"href":"https:\/\/eltrabajo.cl\/portal\/wp-json\/wp\/v2\/media?parent=42091"}],"wp:term":[{"taxonomy":"category","embeddable":true,"href":"https:\/\/eltrabajo.cl\/portal\/wp-json\/wp\/v2\/categories?post=42091"},{"taxonomy":"post_tag","embeddable":true,"href":"https:\/\/eltrabajo.cl\/portal\/wp-json\/wp\/v2\/tags?post=42091"}],"curies":[{"name":"wp","href":"https:\/\/api.w.org\/{rel}","templated":true}]}}