{"id":42137,"date":"2014-01-20T11:41:06","date_gmt":"2014-01-20T14:41:06","guid":{"rendered":"http:\/\/www.eltrabajo.cl\/portal\/?p=42137"},"modified":"2014-01-20T11:41:06","modified_gmt":"2014-01-20T14:41:06","slug":"vecinos-de-casablanca-protestan-ante-critica-situacion-por-falta-de-agua","status":"publish","type":"post","link":"https:\/\/eltrabajo.cl\/portal\/vecinos-de-casablanca-protestan-ante-critica-situacion-por-falta-de-agua\/","title":{"rendered":"Vecinos de Casablanca protestan ante cr\u00edtica situaci\u00f3n por falta de agua"},"content":{"rendered":"<figure id=\"attachment_42138\" aria-describedby=\"caption-attachment-42138\" style=\"width: 529px\" class=\"wp-caption alignnone\"><a href=\"https:\/\/i0.wp.com\/www.eltrabajo.cl\/portal\/wp-content\/uploads\/2014\/01\/Barricadas1.jpg\"><img data-recalc-dims=\"1\" loading=\"lazy\" decoding=\"async\" class=\"size-full wp-image-42138\" title=\"FURIOSOS.- Los vecinos aseguraron que esta es s\u00f3lo la primera protesta y que de no haber una soluci\u00f3n concreta a la cr\u00edtica situaci\u00f3n, estas continuar\u00e1n.\" alt=\"FURIOSOS.- Los vecinos aseguraron que esta es s\u00f3lo la primera protesta y que de no haber una soluci\u00f3n concreta a la cr\u00edtica situaci\u00f3n, estas continuar\u00e1n.\" src=\"https:\/\/i0.wp.com\/www.eltrabajo.cl\/portal\/wp-content\/uploads\/2014\/01\/Barricadas1.jpg?resize=529%2C353\" width=\"529\" height=\"353\" srcset=\"https:\/\/i0.wp.com\/eltrabajo.cl\/portal\/wp-content\/uploads\/2014\/01\/Barricadas1.jpg?w=529&amp;ssl=1 529w, https:\/\/i0.wp.com\/eltrabajo.cl\/portal\/wp-content\/uploads\/2014\/01\/Barricadas1.jpg?resize=200%2C133&amp;ssl=1 200w, https:\/\/i0.wp.com\/eltrabajo.cl\/portal\/wp-content\/uploads\/2014\/01\/Barricadas1.jpg?resize=300%2C200&amp;ssl=1 300w, https:\/\/i0.wp.com\/eltrabajo.cl\/portal\/wp-content\/uploads\/2014\/01\/Barricadas1.jpg?resize=150%2C100&amp;ssl=1 150w, https:\/\/i0.wp.com\/eltrabajo.cl\/portal\/wp-content\/uploads\/2014\/01\/Barricadas1.jpg?resize=400%2C266&amp;ssl=1 400w\" sizes=\"auto, (max-width: 529px) 100vw, 529px\" \/><\/a><figcaption id=\"caption-attachment-42138\" class=\"wp-caption-text\">FURIOSOS.- Los vecinos aseguraron que esta es s\u00f3lo la primera protesta y que de no haber una soluci\u00f3n concreta a la cr\u00edtica situaci\u00f3n, estas continuar\u00e1n.<\/figcaption><\/figure>\n<p><strong>PUTAENDO.<\/strong>&#8211; Con la toma del camino que conduce hacia el sector Los Patos, los vecinos de Casablanca iniciaron las primeras protestas ante la cr\u00edtica situaci\u00f3n que les afecta debido a la falta de agua para el consumo humano. Por m\u00e1s de tres horas, un grupo de vecinos que paulatinamente fue aumentando se tom\u00f3 el camino en las cercan\u00edas de la Escuela Eduardo Becerra de Casablanca, para lo cual obstaculizaron el tr\u00e1nsito con un bus perteneciente a una faena agr\u00edcola y levantaron barricadas con ramas, palos y neum\u00e1ticos.<\/p>\n<p>Un\u00e1nimemente los vecinos y vecinas, dijeron sentirse cansados de la cr\u00edtica situaci\u00f3n que viven a diario con la falta de agua y que en los \u00faltimos d\u00edas se ha incrementado, adem\u00e1s se\u00f1alaron que la \u00fanica ayuda que han recibido es del municipio y realizaron duras cr\u00edticas a la DOH y la Gobernaci\u00f3n Provincial por la falta de compromiso para solucionar un conflicto que ya es insostenible.<\/p>\n<p>Carabineros de Putaendo lleg\u00f3 al lugar e incluso se trasladaron hasta el sector Los Patos junto a una dirigente para buscar un acercamiento con el APR de Los Patos que tiene suspendido el env\u00edo de agua a Casablanca, las gestiones no prosperaron y fueron los mismos vecinos quienes exigieron la presencia del Alcalde Guillermo Reyes, quien di\u00e1logo con los vecinos hasta pasadas las 23:15 horas y fortuitamente pudo conversar con la Presidente del APR de Los Patos, que se dirig\u00eda en veh\u00edculo hacia esa localidad, lo que permiti\u00f3 coordinar una reuni\u00f3n entre el APR de Los Patos y el APR de Casablanca el d\u00eda lunes en dependencias de la Municipalidad de Putaendo.<\/p>\n<p>Ante esta situaci\u00f3n, el Alcalde Reyes indic\u00f3 que es la D.O.H la que debe solucionar este grave conflicto, pues Los Patos y Casablanca reciben 1,5 litros de agua por segundo y que estando bien calibrados los equipos de ambos APR con esa cantidad pueden trabajar perfectamente y que lamentablemente, seg\u00fan la informaci\u00f3n que se le ha entregado, la soluci\u00f3n definitiva no llegar\u00e1 antes de 60 d\u00edas, por lo que es importante aunar criterios para enfrentar esta situaci\u00f3n, destacando el trabajo municipal que desde originado el conflicto ha sido largo y extenso.<\/p>\n<p>Los dirigentes del APR de Casablanca, realizaron la denuncia ante Carabineros de Putaendo, pues indicaron que el municipio les entreg\u00f3, bajo escritura p\u00fablica, 1,5 litros de agua continuos y permanentes desde el estero Chalaco Alto y que actualmente el APR de Los Patos les suspendi\u00f3 arbitrariamente esa cantidad, por lo que esperan que la fiscal\u00eda mediante el uso de la Fuerza P\u00fablica, ordene restituir ese caudal para solucionar la situaci\u00f3n que viven los vecinos de Casablanca.<\/p>\n<p>Los vecinos aseguraron que esta es s\u00f3lo la primera protesta y que de no haber una soluci\u00f3n concreta a la cr\u00edtica situaci\u00f3n que viven, estas continuar\u00e1n e incluso no descartan realizar una manifestaci\u00f3n en el sector Los Patos y trasladarse hasta el frontis de la Gobernaci\u00f3n Provincial de San Felipe para realizar una protesta a las autoridades de gobierno que no han solucionado la critica situaci\u00f3n que viven por la falta de agua.<\/p>\n<p>Patricio Gallardo M.<\/p>\n<p>&nbsp;<\/p>\n","protected":false},"excerpt":{"rendered":"<p>PUTAENDO.&#8211; Con la toma del camino que conduce hacia el sector Los Patos, los vecinos de Casablanca iniciaron las primeras protestas ante la cr\u00edtica situaci\u00f3n que les afecta debido a la falta&#8230;<\/p>\n","protected":false},"author":482,"featured_media":42138,"comment_status":"open","ping_status":"closed","sticky":false,"template":"","format":"standard","meta":{"advanced_seo_description":"","jetpack_seo_html_title":"","jetpack_seo_noindex":false,"_jetpack_memberships_contains_paid_content":false,"footnotes":""},"categories":[15],"tags":[],"class_list":["post-42137","post","type-post","status-publish","format-standard","has-post-thumbnail","hentry","category-comunidad"],"jetpack_featured_media_url":"https:\/\/i0.wp.com\/eltrabajo.cl\/portal\/wp-content\/uploads\/2014\/01\/Barricadas1.jpg?fit=529%2C353&ssl=1","jetpack_sharing_enabled":true,"jetpack_likes_enabled":true,"jetpack-related-posts":[],"_links":{"self":[{"href":"https:\/\/eltrabajo.cl\/portal\/wp-json\/wp\/v2\/posts\/42137","targetHints":{"allow":["GET"]}}],"collection":[{"href":"https:\/\/eltrabajo.cl\/portal\/wp-json\/wp\/v2\/posts"}],"about":[{"href":"https:\/\/eltrabajo.cl\/portal\/wp-json\/wp\/v2\/types\/post"}],"author":[{"embeddable":true,"href":"https:\/\/eltrabajo.cl\/portal\/wp-json\/wp\/v2\/users\/482"}],"replies":[{"embeddable":true,"href":"https:\/\/eltrabajo.cl\/portal\/wp-json\/wp\/v2\/comments?post=42137"}],"version-history":[{"count":0,"href":"https:\/\/eltrabajo.cl\/portal\/wp-json\/wp\/v2\/posts\/42137\/revisions"}],"wp:featuredmedia":[{"embeddable":true,"href":"https:\/\/eltrabajo.cl\/portal\/wp-json\/wp\/v2\/media\/42138"}],"wp:attachment":[{"href":"https:\/\/eltrabajo.cl\/portal\/wp-json\/wp\/v2\/media?parent=42137"}],"wp:term":[{"taxonomy":"category","embeddable":true,"href":"https:\/\/eltrabajo.cl\/portal\/wp-json\/wp\/v2\/categories?post=42137"},{"taxonomy":"post_tag","embeddable":true,"href":"https:\/\/eltrabajo.cl\/portal\/wp-json\/wp\/v2\/tags?post=42137"}],"curies":[{"name":"wp","href":"https:\/\/api.w.org\/{rel}","templated":true}]}}