{"id":42140,"date":"2014-01-20T11:45:53","date_gmt":"2014-01-20T14:45:53","guid":{"rendered":"http:\/\/www.eltrabajo.cl\/portal\/?p=42140"},"modified":"2014-01-20T11:45:53","modified_gmt":"2014-01-20T14:45:53","slug":"la-magia-del-summer-fantasies-encanto-a-mas-de-3-000-sanfelipenos","status":"publish","type":"post","link":"https:\/\/eltrabajo.cl\/portal\/la-magia-del-summer-fantasies-encanto-a-mas-de-3-000-sanfelipenos\/","title":{"rendered":"La magia del \u2018Summer Fantasies\u2019 encant\u00f3 a m\u00e1s de 3.000 sanfelipe\u00f1os"},"content":{"rendered":"<figure id=\"attachment_42141\" aria-describedby=\"caption-attachment-42141\" style=\"width: 529px\" class=\"wp-caption alignnone\"><a href=\"https:\/\/i0.wp.com\/www.eltrabajo.cl\/portal\/wp-content\/uploads\/2014\/01\/Circo2.jpg\"><img data-recalc-dims=\"1\" loading=\"lazy\" decoding=\"async\" class=\"size-full wp-image-42141\" title=\"MAGISTRALES.- Ellos son los artistas internacionales que componen el grupo art\u00edstico \u2018Shenzhen youth Arts Troupess\u2019.\" alt=\"MAGISTRALES.- Ellos son los artistas internacionales que componen el grupo art\u00edstico \u2018Shenzhen youth Arts Troupess\u2019.\" src=\"https:\/\/i0.wp.com\/www.eltrabajo.cl\/portal\/wp-content\/uploads\/2014\/01\/Circo2.jpg?resize=529%2C214\" width=\"529\" height=\"214\" srcset=\"https:\/\/i0.wp.com\/eltrabajo.cl\/portal\/wp-content\/uploads\/2014\/01\/Circo2.jpg?w=529&amp;ssl=1 529w, https:\/\/i0.wp.com\/eltrabajo.cl\/portal\/wp-content\/uploads\/2014\/01\/Circo2.jpg?resize=200%2C80&amp;ssl=1 200w, https:\/\/i0.wp.com\/eltrabajo.cl\/portal\/wp-content\/uploads\/2014\/01\/Circo2.jpg?resize=300%2C121&amp;ssl=1 300w, https:\/\/i0.wp.com\/eltrabajo.cl\/portal\/wp-content\/uploads\/2014\/01\/Circo2.jpg?resize=150%2C60&amp;ssl=1 150w, https:\/\/i0.wp.com\/eltrabajo.cl\/portal\/wp-content\/uploads\/2014\/01\/Circo2.jpg?resize=400%2C161&amp;ssl=1 400w\" sizes=\"auto, (max-width: 529px) 100vw, 529px\" \/><\/a><figcaption id=\"caption-attachment-42141\" class=\"wp-caption-text\">MAGISTRALES.- Ellos son los artistas internacionales que componen el grupo art\u00edstico \u2018Shenzhen youth Arts Troupess\u2019.<\/figcaption><\/figure>\n<p>La danza, m\u00fasica, magia y las acrobacias, llegaron desde China hasta San Felipe y maravillaron a los m\u00e1s de 3.000 asistentes que se acercaron hasta la Plaza C\u00edvica el viernes reci\u00e9n pasado para disfrutar de la presentaci\u00f3n que realiz\u00f3 el grupo art\u00edstico \u2018Shenzhen youth Arts Troupess\u2019 y que se efectu\u00f3 en el marco de la alianza realizada entre la Municipalidad de San Felipe y la Fundaci\u00f3n Teatro a Mil.<\/p>\n<figure id=\"attachment_42142\" aria-describedby=\"caption-attachment-42142\" style=\"width: 422px\" class=\"wp-caption alignright\"><a href=\"https:\/\/i0.wp.com\/www.eltrabajo.cl\/portal\/wp-content\/uploads\/2014\/01\/Circo1.jpg\"><img data-recalc-dims=\"1\" loading=\"lazy\" decoding=\"async\" class=\" wp-image-42142 \" title=\"MASIVO.- La danza, m\u00fasica, magia y las acrobacias, llegaron desde China hasta San Felipe y maravillaron a los m\u00e1s de 3.000 asistentes que se acercaron hasta la Plaza C\u00edvica para disfrutar del grupo art\u00edstico \u2018Shenzhen youth Arts Troupess\u2019.\" alt=\"MASIVO.- La danza, m\u00fasica, magia y las acrobacias, llegaron desde China hasta San Felipe y maravillaron a los m\u00e1s de 3.000 asistentes que se acercaron hasta la Plaza C\u00edvica para disfrutar del grupo art\u00edstico \u2018Shenzhen youth Arts Troupess\u2019.\" src=\"https:\/\/i0.wp.com\/www.eltrabajo.cl\/portal\/wp-content\/uploads\/2014\/01\/Circo1.jpg?resize=422%2C177\" width=\"422\" height=\"177\" srcset=\"https:\/\/i0.wp.com\/eltrabajo.cl\/portal\/wp-content\/uploads\/2014\/01\/Circo1.jpg?w=528&amp;ssl=1 528w, https:\/\/i0.wp.com\/eltrabajo.cl\/portal\/wp-content\/uploads\/2014\/01\/Circo1.jpg?resize=200%2C83&amp;ssl=1 200w, https:\/\/i0.wp.com\/eltrabajo.cl\/portal\/wp-content\/uploads\/2014\/01\/Circo1.jpg?resize=300%2C125&amp;ssl=1 300w, https:\/\/i0.wp.com\/eltrabajo.cl\/portal\/wp-content\/uploads\/2014\/01\/Circo1.jpg?resize=150%2C62&amp;ssl=1 150w, https:\/\/i0.wp.com\/eltrabajo.cl\/portal\/wp-content\/uploads\/2014\/01\/Circo1.jpg?resize=400%2C167&amp;ssl=1 400w\" sizes=\"auto, (max-width: 422px) 100vw, 422px\" \/><\/a><figcaption id=\"caption-attachment-42142\" class=\"wp-caption-text\">MASIVO.- La danza, m\u00fasica, magia y las acrobacias, llegaron desde China hasta San Felipe y maravillaron a los m\u00e1s de 3.000 asistentes que se acercaron hasta la Plaza C\u00edvica para disfrutar del grupo art\u00edstico \u2018Shenzhen youth Arts Troupess\u2019.<\/figcaption><\/figure>\n<p>La presentaci\u00f3n comenz\u00f3 pasadas las 21:00 horas, con un p\u00fablico que superaba a esa hora las 3.000 personas, quienes llegaron a disfrutar un montaje de nivel internacional a cargo de una agrupaci\u00f3n especializada en las distintas \u00e1reas del arte, tales como danza, m\u00fasica, acrobacia y la magia, artistas que est\u00e1n permanentemente innovando en sus actuaciones y a\u00f1adiendo elementos nuevos a las artes tradicionales chinas.<\/p>\n<figure id=\"attachment_42143\" aria-describedby=\"caption-attachment-42143\" style=\"width: 423px\" class=\"wp-caption alignleft\"><a href=\"https:\/\/i0.wp.com\/www.eltrabajo.cl\/portal\/wp-content\/uploads\/2014\/01\/Circo7.jpg\"><img data-recalc-dims=\"1\" loading=\"lazy\" decoding=\"async\" class=\" wp-image-42143 \" title=\"IMPECABLES.- La belleza y profesionalismo ofrecido a los sanfelipe\u00f1os por estos artistas internacionales, transport\u00f3 a su p\u00fablico al lejano continente asi\u00e1tico.\" alt=\"IMPECABLES.- La belleza y profesionalismo ofrecido a los sanfelipe\u00f1os por estos artistas internacionales, transport\u00f3 a su p\u00fablico al lejano continente asi\u00e1tico.\" src=\"https:\/\/i0.wp.com\/www.eltrabajo.cl\/portal\/wp-content\/uploads\/2014\/01\/Circo7.jpg?resize=423%2C310\" width=\"423\" height=\"310\" srcset=\"https:\/\/i0.wp.com\/eltrabajo.cl\/portal\/wp-content\/uploads\/2014\/01\/Circo7.jpg?w=529&amp;ssl=1 529w, https:\/\/i0.wp.com\/eltrabajo.cl\/portal\/wp-content\/uploads\/2014\/01\/Circo7.jpg?resize=200%2C146&amp;ssl=1 200w, https:\/\/i0.wp.com\/eltrabajo.cl\/portal\/wp-content\/uploads\/2014\/01\/Circo7.jpg?resize=300%2C219&amp;ssl=1 300w, https:\/\/i0.wp.com\/eltrabajo.cl\/portal\/wp-content\/uploads\/2014\/01\/Circo7.jpg?resize=150%2C109&amp;ssl=1 150w, https:\/\/i0.wp.com\/eltrabajo.cl\/portal\/wp-content\/uploads\/2014\/01\/Circo7.jpg?resize=400%2C292&amp;ssl=1 400w\" sizes=\"auto, (max-width: 423px) 100vw, 423px\" \/><\/a><figcaption id=\"caption-attachment-42143\" class=\"wp-caption-text\">IMPECABLES.- La belleza y profesionalismo ofrecido a los sanfelipe\u00f1os por estos artistas internacionales, transport\u00f3 a su p\u00fablico al lejano continente asi\u00e1tico.<\/figcaption><\/figure>\n<p>Generando una atm\u00f3sfera especial desde el comienzo de la presentaci\u00f3n, gracias a los acordes de la m\u00fasica oriental, las luces y los colores de las vestimentas, los artistas mantuvieron a los asistentes y entre ellos a cientos de ni\u00f1os, atentos a toda la actuaci\u00f3n, demostrando su gran nivel.<\/p>\n<p>\u00abEstupendo, la verdad que esto enriquece nuestra ciudad, que es tan maravillosa y gracias al alcalde que est\u00e9n haciendo estas cosas, para que la gente se sienta feliz, as\u00ed que felicito a todos los que organizaron esta hermosa actuaci\u00f3n\u00bb, dijo una de las asistentes que lleg\u00f3 en familia a ver la presentaci\u00f3n china.<\/p>\n<p>\u00abUn maravilloso espect\u00e1culo, ojala se sigan repitiendo estas presentaciones en los a\u00f1os venideros, porque muchos de nosotros jam\u00e1s habr\u00edamos tenido la oportunidad de ver un espect\u00e1culo de esta naturaleza\u00bb, dijo otro de los sanfelipe\u00f1os que pudo disfrutar con el Summer Fantasies. La magia llam\u00f3 la atenci\u00f3n de los m\u00e1s peque\u00f1os, quienes atentamente siguieron los movimientos del mago, que en un momento de su actuaci\u00f3n invit\u00f3 al Alcalde Patricio Freire a subir al escenario para acompa\u00f1arlo.<\/p>\n<p>&nbsp;<\/p>\n<p><strong>DE TALLA MUNDIAL<\/strong><\/p>\n<p>\u00abEstamos comenzando este convenio con Teatro a Mil, por lo que vamos a traer obras de nivel mundial y estamos contentos que estas grandes compa\u00f1\u00edas, no s\u00f3lo lleguen a Santiago, sino que San Felipe tambi\u00e9n merece que lleguen estas grandes obras de nivel mundial\u00bb, dijo el Alcalde Freire.<\/p>\n<figure id=\"attachment_42144\" aria-describedby=\"caption-attachment-42144\" style=\"width: 423px\" class=\"wp-caption alignright\"><a href=\"https:\/\/i0.wp.com\/www.eltrabajo.cl\/portal\/wp-content\/uploads\/2014\/01\/Circo3.jpg\"><img data-recalc-dims=\"1\" loading=\"lazy\" decoding=\"async\" class=\" wp-image-42144 \" title=\"HIPNOTIZADOS.- Los peque\u00f1itos fueron los que m\u00e1s disfrutaron del Summer Fantasies 2014.\" alt=\"HIPNOTIZADOS.- Los peque\u00f1itos fueron los que m\u00e1s disfrutaron del Summer Fantasies 2014.\" src=\"https:\/\/i0.wp.com\/www.eltrabajo.cl\/portal\/wp-content\/uploads\/2014\/01\/Circo3.jpg?resize=423%2C284\" width=\"423\" height=\"284\" srcset=\"https:\/\/i0.wp.com\/eltrabajo.cl\/portal\/wp-content\/uploads\/2014\/01\/Circo3.jpg?w=529&amp;ssl=1 529w, https:\/\/i0.wp.com\/eltrabajo.cl\/portal\/wp-content\/uploads\/2014\/01\/Circo3.jpg?resize=200%2C134&amp;ssl=1 200w, https:\/\/i0.wp.com\/eltrabajo.cl\/portal\/wp-content\/uploads\/2014\/01\/Circo3.jpg?resize=300%2C201&amp;ssl=1 300w, https:\/\/i0.wp.com\/eltrabajo.cl\/portal\/wp-content\/uploads\/2014\/01\/Circo3.jpg?resize=150%2C100&amp;ssl=1 150w, https:\/\/i0.wp.com\/eltrabajo.cl\/portal\/wp-content\/uploads\/2014\/01\/Circo3.jpg?resize=400%2C268&amp;ssl=1 400w\" sizes=\"auto, (max-width: 423px) 100vw, 423px\" \/><\/a><figcaption id=\"caption-attachment-42144\" class=\"wp-caption-text\">HIPNOTIZADOS.- Los peque\u00f1itos fueron los que m\u00e1s disfrutaron del Summer Fantasies 2014.<\/figcaption><\/figure>\n<p>\u00abEsto es lo que nos deja satisfechos, la alegr\u00eda de todos los que participaron, los ni\u00f1os sobre todo, en un gran espect\u00e1culo que es de nivel mundial. Hubo un gran esfuerzo del municipio, un gran acierto del Alcalde Freire de lograr este convenio, es un regalo para la comunidad y con esto se demuestra que los sanfelipe\u00f1os quieren espect\u00e1culos de calidad\u00bb, sostuvo Ricardo Ruiz, encargado comunal de Cultura.<\/p>\n<p>El Director Art\u00edstico de la Compa\u00f1\u00eda, Huang Qicheng, destac\u00f3 la calidez del p\u00fablico chileno y la acogida que mostraron a los artistas a quienes aplaudieron en cada cuadro art\u00edstico que presentaron. \u00abEstamos muy contentos de venir a Chile y a San Felipe, sabemos que el p\u00fablico ha podido entender lo que aqueremos manifestar, tanto con la m\u00fasica, la danza, como con la magia y la acrobacia y sentimos que el p\u00fablico chileno es de primer nivel, porque son muy c\u00e1lidos y comprensivos\u00bb.<\/p>\n<p>Con la magia de la cultura china, que coincidi\u00f3 con el A\u00f1o Nuevo Chino, se cierra el programa de presentaciones de la Fundaci\u00f3n Teatro a Mil durante esta temporada, con una evaluaci\u00f3n muy positiva, tanto por el nivel de las obras art\u00edsticas como por el marco de p\u00fablico que lleg\u00f3 a disfrutar dela cultura de distintos lugares del mundo.<\/p>\n<p>&nbsp;<\/p>\n","protected":false},"excerpt":{"rendered":"<p>La danza, m\u00fasica, magia y las acrobacias, llegaron desde China hasta San Felipe y maravillaron a los m\u00e1s de 3.000 asistentes que se acercaron hasta la Plaza C\u00edvica el viernes reci\u00e9n pasado&#8230;<\/p>\n","protected":false},"author":482,"featured_media":42141,"comment_status":"open","ping_status":"closed","sticky":false,"template":"","format":"standard","meta":{"advanced_seo_description":"","jetpack_seo_html_title":"","jetpack_seo_noindex":false,"_jetpack_memberships_contains_paid_content":false,"footnotes":""},"categories":[15],"tags":[],"class_list":["post-42140","post","type-post","status-publish","format-standard","has-post-thumbnail","hentry","category-comunidad"],"jetpack_featured_media_url":"https:\/\/i0.wp.com\/eltrabajo.cl\/portal\/wp-content\/uploads\/2014\/01\/Circo2.jpg?fit=529%2C214&ssl=1","jetpack_sharing_enabled":true,"jetpack_likes_enabled":true,"jetpack-related-posts":[],"_links":{"self":[{"href":"https:\/\/eltrabajo.cl\/portal\/wp-json\/wp\/v2\/posts\/42140","targetHints":{"allow":["GET"]}}],"collection":[{"href":"https:\/\/eltrabajo.cl\/portal\/wp-json\/wp\/v2\/posts"}],"about":[{"href":"https:\/\/eltrabajo.cl\/portal\/wp-json\/wp\/v2\/types\/post"}],"author":[{"embeddable":true,"href":"https:\/\/eltrabajo.cl\/portal\/wp-json\/wp\/v2\/users\/482"}],"replies":[{"embeddable":true,"href":"https:\/\/eltrabajo.cl\/portal\/wp-json\/wp\/v2\/comments?post=42140"}],"version-history":[{"count":0,"href":"https:\/\/eltrabajo.cl\/portal\/wp-json\/wp\/v2\/posts\/42140\/revisions"}],"wp:featuredmedia":[{"embeddable":true,"href":"https:\/\/eltrabajo.cl\/portal\/wp-json\/wp\/v2\/media\/42141"}],"wp:attachment":[{"href":"https:\/\/eltrabajo.cl\/portal\/wp-json\/wp\/v2\/media?parent=42140"}],"wp:term":[{"taxonomy":"category","embeddable":true,"href":"https:\/\/eltrabajo.cl\/portal\/wp-json\/wp\/v2\/categories?post=42140"},{"taxonomy":"post_tag","embeddable":true,"href":"https:\/\/eltrabajo.cl\/portal\/wp-json\/wp\/v2\/tags?post=42140"}],"curies":[{"name":"wp","href":"https:\/\/api.w.org\/{rel}","templated":true}]}}