{"id":42147,"date":"2014-01-20T11:47:12","date_gmt":"2014-01-20T14:47:12","guid":{"rendered":"http:\/\/www.eltrabajo.cl\/portal\/?p=42147"},"modified":"2014-01-20T11:47:12","modified_gmt":"2014-01-20T14:47:12","slug":"brindan-cursos-de-computacion-de-verano-dirigido-a-ninos-en-la-biblioteca-municipal","status":"publish","type":"post","link":"https:\/\/eltrabajo.cl\/portal\/brindan-cursos-de-computacion-de-verano-dirigido-a-ninos-en-la-biblioteca-municipal\/","title":{"rendered":"Brindan cursos de computaci\u00f3n de verano dirigido a ni\u00f1os en la Biblioteca Municipal"},"content":{"rendered":"<figure id=\"attachment_42148\" aria-describedby=\"caption-attachment-42148\" style=\"width: 529px\" class=\"wp-caption alignnone\"><a href=\"https:\/\/i0.wp.com\/www.eltrabajo.cl\/portal\/wp-content\/uploads\/2014\/01\/Cursos1.jpg\"><img data-recalc-dims=\"1\" loading=\"lazy\" decoding=\"async\" class=\"size-full wp-image-42148\" title=\"La invitaci\u00f3n es a los ni\u00f1os de San Felipe a participar de los cursos de computaci\u00f3n que est\u00e1 dictando la biblioteca.   \" alt=\"La invitaci\u00f3n es a los ni\u00f1os de San Felipe a participar de los cursos de computaci\u00f3n que est\u00e1 dictando la biblioteca.   \" src=\"https:\/\/i0.wp.com\/www.eltrabajo.cl\/portal\/wp-content\/uploads\/2014\/01\/Cursos1.jpg?resize=529%2C345\" width=\"529\" height=\"345\" srcset=\"https:\/\/i0.wp.com\/eltrabajo.cl\/portal\/wp-content\/uploads\/2014\/01\/Cursos1.jpg?w=529&amp;ssl=1 529w, https:\/\/i0.wp.com\/eltrabajo.cl\/portal\/wp-content\/uploads\/2014\/01\/Cursos1.jpg?resize=200%2C130&amp;ssl=1 200w, https:\/\/i0.wp.com\/eltrabajo.cl\/portal\/wp-content\/uploads\/2014\/01\/Cursos1.jpg?resize=300%2C195&amp;ssl=1 300w, https:\/\/i0.wp.com\/eltrabajo.cl\/portal\/wp-content\/uploads\/2014\/01\/Cursos1.jpg?resize=150%2C97&amp;ssl=1 150w, https:\/\/i0.wp.com\/eltrabajo.cl\/portal\/wp-content\/uploads\/2014\/01\/Cursos1.jpg?resize=400%2C260&amp;ssl=1 400w\" sizes=\"auto, (max-width: 529px) 100vw, 529px\" \/><\/a><figcaption id=\"caption-attachment-42148\" class=\"wp-caption-text\">La invitaci\u00f3n es a los ni\u00f1os de San Felipe a participar de los cursos de computaci\u00f3n que est\u00e1 dictando la biblioteca.<\/figcaption><\/figure>\n<p>Una invitaci\u00f3n a los ni\u00f1os y ni\u00f1as de San Felipe y a los de sectores rurales, est\u00e1 realizando la Biblioteca P\u00fablica Municipal de San Felipe para participar en los cursos de computaci\u00f3n que est\u00e1 dictando en estas vacaciones. As\u00ed lo dio a conocer la encargada de las instalaciones, Macarena Blanca, quien se\u00f1al\u00f3 que la idea es que los ni\u00f1os y ni\u00f1as de la comuna, que no tienen acceso a un computador, puedan disponer de la tecnolog\u00eda que se encuentra en la Biblioteca.<\/p>\n<p>\u00abUsted preguntar\u00e1 computaci\u00f3n, si mi hijo sabe computaci\u00f3n, pero su hijo no sabe como usted cree, su hijo sabe chatear, navegar en Internet; pero armar un documento; hacer b\u00fasquedas correctas; usar elementos de publicidad y una buena presentaci\u00f3n para disertar en el colegio, eso no siempre lo saben, eso les vamos a ense\u00f1ar en estas vacaciones\u00bb, dijo la encargada.<\/p>\n<p>Entre los requisitos para participar, se cuentan que los ni\u00f1os tengan entre nueve y doce a\u00f1os de edad y los cupos son limitados, por ello el llamado es que los ni\u00f1os se inscriban r\u00e1pidamente, ya que hay varios interesados que ya comenzaron a asistir en el curso, que se desarrollar\u00e1 hasta el mes de febrero. Adem\u00e1s, el lugar cuenta con una sala de lectura infantil, donde los ni\u00f1os se pueden hacer socios y asistir a disfrutar de los libros que se encuentran en estas instalaciones, porque dijo como la encargada, \u00aben la Biblioteca pueden encontrar un mundo de posibilidades\u00bb.<\/p>\n<p>&nbsp;<\/p>\n","protected":false},"excerpt":{"rendered":"<p>Una invitaci\u00f3n a los ni\u00f1os y ni\u00f1as de San Felipe y a los de sectores rurales, est\u00e1 realizando la Biblioteca P\u00fablica Municipal de San Felipe para participar en los cursos de computaci\u00f3n&#8230;<\/p>\n","protected":false},"author":482,"featured_media":42148,"comment_status":"open","ping_status":"closed","sticky":false,"template":"","format":"standard","meta":{"advanced_seo_description":"","jetpack_seo_html_title":"","jetpack_seo_noindex":false,"_jetpack_memberships_contains_paid_content":false,"footnotes":""},"categories":[1],"tags":[],"class_list":["post-42147","post","type-post","status-publish","format-standard","has-post-thumbnail","hentry","category-cronica"],"jetpack_featured_media_url":"https:\/\/i0.wp.com\/eltrabajo.cl\/portal\/wp-content\/uploads\/2014\/01\/Cursos1.jpg?fit=529%2C345&ssl=1","jetpack_sharing_enabled":true,"jetpack_likes_enabled":true,"jetpack-related-posts":[],"_links":{"self":[{"href":"https:\/\/eltrabajo.cl\/portal\/wp-json\/wp\/v2\/posts\/42147","targetHints":{"allow":["GET"]}}],"collection":[{"href":"https:\/\/eltrabajo.cl\/portal\/wp-json\/wp\/v2\/posts"}],"about":[{"href":"https:\/\/eltrabajo.cl\/portal\/wp-json\/wp\/v2\/types\/post"}],"author":[{"embeddable":true,"href":"https:\/\/eltrabajo.cl\/portal\/wp-json\/wp\/v2\/users\/482"}],"replies":[{"embeddable":true,"href":"https:\/\/eltrabajo.cl\/portal\/wp-json\/wp\/v2\/comments?post=42147"}],"version-history":[{"count":0,"href":"https:\/\/eltrabajo.cl\/portal\/wp-json\/wp\/v2\/posts\/42147\/revisions"}],"wp:featuredmedia":[{"embeddable":true,"href":"https:\/\/eltrabajo.cl\/portal\/wp-json\/wp\/v2\/media\/42148"}],"wp:attachment":[{"href":"https:\/\/eltrabajo.cl\/portal\/wp-json\/wp\/v2\/media?parent=42147"}],"wp:term":[{"taxonomy":"category","embeddable":true,"href":"https:\/\/eltrabajo.cl\/portal\/wp-json\/wp\/v2\/categories?post=42147"},{"taxonomy":"post_tag","embeddable":true,"href":"https:\/\/eltrabajo.cl\/portal\/wp-json\/wp\/v2\/tags?post=42147"}],"curies":[{"name":"wp","href":"https:\/\/api.w.org\/{rel}","templated":true}]}}