{"id":42153,"date":"2014-01-20T11:49:52","date_gmt":"2014-01-20T14:49:52","guid":{"rendered":"http:\/\/www.eltrabajo.cl\/portal\/?p=42153"},"modified":"2014-01-20T11:49:52","modified_gmt":"2014-01-20T14:49:52","slug":"lenta-postulacion-al-subsidio-de-arriendo-chao-suegra-en-san-felipe","status":"publish","type":"post","link":"https:\/\/eltrabajo.cl\/portal\/lenta-postulacion-al-subsidio-de-arriendo-chao-suegra-en-san-felipe\/","title":{"rendered":"Lenta postulaci\u00f3n al subsidio de arriendo \u2018Chao Suegra\u2019 en San Felipe"},"content":{"rendered":"<figure id=\"attachment_42154\" aria-describedby=\"caption-attachment-42154\" style=\"width: 317px\" class=\"wp-caption alignleft\"><a href=\"https:\/\/i0.wp.com\/www.eltrabajo.cl\/portal\/wp-content\/uploads\/2014\/01\/Maria-Alicia-Galdames.jpg\"><img data-recalc-dims=\"1\" loading=\"lazy\" decoding=\"async\" class=\" wp-image-42154 \" title=\"Mar\u00eda Alicia Galdames, Delegada Biprovincial de Serviu.\" alt=\"Mar\u00eda Alicia Galdames, Delegada Biprovincial de Serviu.\" src=\"https:\/\/i0.wp.com\/www.eltrabajo.cl\/portal\/wp-content\/uploads\/2014\/01\/Maria-Alicia-Galdames.jpg?resize=317%2C287\" width=\"317\" height=\"287\" srcset=\"https:\/\/i0.wp.com\/eltrabajo.cl\/portal\/wp-content\/uploads\/2014\/01\/Maria-Alicia-Galdames.jpg?w=529&amp;ssl=1 529w, https:\/\/i0.wp.com\/eltrabajo.cl\/portal\/wp-content\/uploads\/2014\/01\/Maria-Alicia-Galdames.jpg?resize=166%2C150&amp;ssl=1 166w, https:\/\/i0.wp.com\/eltrabajo.cl\/portal\/wp-content\/uploads\/2014\/01\/Maria-Alicia-Galdames.jpg?resize=300%2C271&amp;ssl=1 300w, https:\/\/i0.wp.com\/eltrabajo.cl\/portal\/wp-content\/uploads\/2014\/01\/Maria-Alicia-Galdames.jpg?resize=150%2C135&amp;ssl=1 150w, https:\/\/i0.wp.com\/eltrabajo.cl\/portal\/wp-content\/uploads\/2014\/01\/Maria-Alicia-Galdames.jpg?resize=400%2C361&amp;ssl=1 400w\" sizes=\"auto, (max-width: 317px) 100vw, 317px\" \/><\/a><figcaption id=\"caption-attachment-42154\" class=\"wp-caption-text\">Mar\u00eda Alicia Galdames, Delegada Biprovincial de Serviu.<\/figcaption><\/figure>\n<p>Bastante lenta ha sido la respuesta de las familias j\u00f3venes, al proceso de postulaci\u00f3n al subsidio para el arriendo de viviendas denominado \u2018Chao Suegra\u2019, el que parti\u00f3 el pasado 7 de enero y se prolongar\u00e1 hasta el 7 de febrero pr\u00f3ximo. As\u00ed lo dio a conocer la Delegada Biprovincial de Serviu, Mar\u00eda Alicia Galdames, quien se\u00f1al\u00f3 que este bajo porcentaje de postulantes, que deben cumplir el requisito de tener entre 18 y 30 a\u00f1os de edad, obedecer\u00eda al hecho que el interesado tiene que acreditar que trabaja.<\/p>\n<p>\u00abEllos tienen que demostrar con documentos que trabajan, porque hay que hacer un copago, es decir, uno puede querer arrendar, decirle chao a la suegra, pero si no tiene con qu\u00e9 sostener ese hogar paralelo, no puede tampoco pagar ese arriendo. Entonces eso es lo que est\u00e1 desmotivando a los j\u00f3venes\u00bb, coment\u00f3 la profesional. A quienes presentan esta dificultad, se les ha llamado a la calma, explic\u00e1ndoles que este 2014 habr\u00e1 en total tres llamados a postulaci\u00f3n, por lo que pueden acceder al subsidio en lo sucesivo.<\/p>\n<p>\u00abLes decimos a ellos que junten sus papeles, sus seis \u00faltimas liquidaciones de sueldo por mientras y cuando venga el siguiente llamado, postulen\u00bb, explic\u00f3. Otro caso que ha impedido a algunas familias postular, dice relaci\u00f3n con la conformaci\u00f3n del grupo familiar establecido en la Ficha de Protecci\u00f3n Social.<\/p>\n<p>\u00abLas chicas tienen guagua y viven en problemas, pero al conviviente no lo tienen en la Ficha de Protecci\u00f3n Social, por lo tanto no lo pueden incorporar. \u00bfEntonces qu\u00e9 pasa?, que est\u00e1 viviendo cada uno en la casa de sus pap\u00e1s. A lo mejor el chico tiene el ingreso suficiente y podr\u00eda hacer el copago, pero no aparece en la Ficha de Protecci\u00f3n Familiar\u00bb, se\u00f1al\u00f3 Galdames.<\/p>\n<p>Se estima que en estos primeros d\u00edas de postulaci\u00f3n, cerca del 40% de las postulaciones y consultas de interesados en obtener ese subsidio, han presentado ese inconveniente. Cabe consignar que junto al requisito de edad para postular, es decir, de entre 18 y 30 a\u00f1os de edad, el interesado debe acreditar recibir un sueldo de entre 180.000 y 570.000 pesos, as\u00ed como tener un grupo familiar de al menos dos personas.<\/p>\n<p>Los trabajadores dependientes, deben presentar sus \u00faltimas seis liquidaciones de sueldo, en tanto que los trabajadores independientes, tienen que acreditar la emisi\u00f3n de boletas de honorarios, mediante su declaraci\u00f3n de renta. Cabe reiterar que el plazo de postulaci\u00f3n finaliza el pr\u00f3ximo 7 de febrero.<\/p>\n<p>&nbsp;<\/p>\n","protected":false},"excerpt":{"rendered":"<p>Bastante lenta ha sido la respuesta de las familias j\u00f3venes, al proceso de postulaci\u00f3n al subsidio para el arriendo de viviendas denominado \u2018Chao Suegra\u2019, el que parti\u00f3 el pasado 7 de enero&#8230;<\/p>\n","protected":false},"author":482,"featured_media":42154,"comment_status":"open","ping_status":"closed","sticky":false,"template":"","format":"standard","meta":{"advanced_seo_description":"","jetpack_seo_html_title":"","jetpack_seo_noindex":false,"_jetpack_memberships_contains_paid_content":false,"footnotes":""},"categories":[1],"tags":[],"class_list":["post-42153","post","type-post","status-publish","format-standard","has-post-thumbnail","hentry","category-cronica"],"jetpack_featured_media_url":"https:\/\/i0.wp.com\/eltrabajo.cl\/portal\/wp-content\/uploads\/2014\/01\/Maria-Alicia-Galdames.jpg?fit=529%2C478&ssl=1","jetpack_sharing_enabled":true,"jetpack_likes_enabled":true,"jetpack-related-posts":[],"_links":{"self":[{"href":"https:\/\/eltrabajo.cl\/portal\/wp-json\/wp\/v2\/posts\/42153","targetHints":{"allow":["GET"]}}],"collection":[{"href":"https:\/\/eltrabajo.cl\/portal\/wp-json\/wp\/v2\/posts"}],"about":[{"href":"https:\/\/eltrabajo.cl\/portal\/wp-json\/wp\/v2\/types\/post"}],"author":[{"embeddable":true,"href":"https:\/\/eltrabajo.cl\/portal\/wp-json\/wp\/v2\/users\/482"}],"replies":[{"embeddable":true,"href":"https:\/\/eltrabajo.cl\/portal\/wp-json\/wp\/v2\/comments?post=42153"}],"version-history":[{"count":0,"href":"https:\/\/eltrabajo.cl\/portal\/wp-json\/wp\/v2\/posts\/42153\/revisions"}],"wp:featuredmedia":[{"embeddable":true,"href":"https:\/\/eltrabajo.cl\/portal\/wp-json\/wp\/v2\/media\/42154"}],"wp:attachment":[{"href":"https:\/\/eltrabajo.cl\/portal\/wp-json\/wp\/v2\/media?parent=42153"}],"wp:term":[{"taxonomy":"category","embeddable":true,"href":"https:\/\/eltrabajo.cl\/portal\/wp-json\/wp\/v2\/categories?post=42153"},{"taxonomy":"post_tag","embeddable":true,"href":"https:\/\/eltrabajo.cl\/portal\/wp-json\/wp\/v2\/tags?post=42153"}],"curies":[{"name":"wp","href":"https:\/\/api.w.org\/{rel}","templated":true}]}}