{"id":42162,"date":"2014-01-20T11:56:26","date_gmt":"2014-01-20T14:56:26","guid":{"rendered":"http:\/\/www.eltrabajo.cl\/portal\/?p=42162"},"modified":"2014-01-20T11:56:26","modified_gmt":"2014-01-20T14:56:26","slug":"ascensores-de-la-gobernacion-de-san-felipe-ya-estan-funcionando","status":"publish","type":"post","link":"https:\/\/eltrabajo.cl\/portal\/ascensores-de-la-gobernacion-de-san-felipe-ya-estan-funcionando\/","title":{"rendered":"Ascensores de la Gobernaci\u00f3n de San Felipe ya est\u00e1n funcionando"},"content":{"rendered":"<figure id=\"attachment_42163\" aria-describedby=\"caption-attachment-42163\" style=\"width: 528px\" class=\"wp-caption alignnone\"><a href=\"https:\/\/i0.wp.com\/www.eltrabajo.cl\/portal\/wp-content\/uploads\/2014\/01\/Ascensores1.jpg\"><img data-recalc-dims=\"1\" loading=\"lazy\" decoding=\"async\" class=\"size-full wp-image-42163\" title=\"La gobernadora expres\u00f3 su esperanza de que pr\u00f3ximamente sean aprobados los fondos que permitan pintar el edificio y recuperar el octavo piso de este edificio de servicios p\u00fablicos.\" alt=\"La gobernadora expres\u00f3 su esperanza de que pr\u00f3ximamente sean aprobados los fondos que permitan pintar el edificio y recuperar el octavo piso de este edificio de servicios p\u00fablicos.\" src=\"https:\/\/i0.wp.com\/www.eltrabajo.cl\/portal\/wp-content\/uploads\/2014\/01\/Ascensores1.jpg?resize=528%2C353\" width=\"528\" height=\"353\" srcset=\"https:\/\/i0.wp.com\/eltrabajo.cl\/portal\/wp-content\/uploads\/2014\/01\/Ascensores1.jpg?w=528&amp;ssl=1 528w, https:\/\/i0.wp.com\/eltrabajo.cl\/portal\/wp-content\/uploads\/2014\/01\/Ascensores1.jpg?resize=200%2C133&amp;ssl=1 200w, https:\/\/i0.wp.com\/eltrabajo.cl\/portal\/wp-content\/uploads\/2014\/01\/Ascensores1.jpg?resize=300%2C200&amp;ssl=1 300w, https:\/\/i0.wp.com\/eltrabajo.cl\/portal\/wp-content\/uploads\/2014\/01\/Ascensores1.jpg?resize=150%2C100&amp;ssl=1 150w, https:\/\/i0.wp.com\/eltrabajo.cl\/portal\/wp-content\/uploads\/2014\/01\/Ascensores1.jpg?resize=400%2C267&amp;ssl=1 400w\" sizes=\"auto, (max-width: 528px) 100vw, 528px\" \/><\/a><figcaption id=\"caption-attachment-42163\" class=\"wp-caption-text\">La gobernadora expres\u00f3 su esperanza de que pr\u00f3ximamente sean aprobados los fondos que permitan pintar el edificio y recuperar el octavo piso de este edificio de servicios p\u00fablicos.<\/figcaption><\/figure>\n<p>Aunque no existe claridad acerca de la fecha en que retorna al sexto piso la Inspecci\u00f3n del Trabajo, lo cierto es que desde el viernes, quien tenga que acudir a alguno de los servicios que funciona en la Gobernaci\u00f3n, tendr\u00e1 dos opciones para subir: ya sea por las escalas o bien por el ascensor, el que finalmente entr\u00f3 en funcionamiento. Personal de la municipalidad de San Felipe, que oper\u00f3 como unidad t\u00e9cnica del proyecto, encabezado por el Director de Obras Municipales, Claudio D\u00edaz, recepcion\u00f3 las obras de recambio del sistema de ascensores, los que son completamente nuevos y por fin, vienen a reemplazar a los antiguos que exist\u00edan desde que este edificio fue construido.<\/p>\n<p>Con la inversi\u00f3n de 81 millones de pesos entregados por el Gobierno Regional, el proyecto se dilat\u00f3 bastante, ya que originalmente deb\u00eda ser entregado a fines del mes de octubre. No obstante, algunos problemas administrativos internos de la empresa que se adjudic\u00f3 la obra, Ascensores Chile, impidi\u00f3 que este plazo se cumpliera, por lo que reci\u00e9n el lunes pasado se reanudaron los trabajos de detalle que restaban y se pudo entregar al uso de la comunidad, esta iniciativa tan esperada.<\/p>\n<p>La Gobernadora Provincial Patricia Boffa, gestora del proyecto, expres\u00f3 su satisfacci\u00f3n por esta promesa cumplida durante su gesti\u00f3n, destacando que espera al cabo de cumplir su per\u00edodo en marzo pr\u00f3ximo, dejarle a su sucesor los recursos aprobados para la ejecuci\u00f3n de obras de mejoramiento del edificio de la Gobernaci\u00f3n Provincial, que contemplan la recuperaci\u00f3n del octavo piso, que result\u00f3 con serios da\u00f1os tras el terremoto del 27F, entre otras cosas.<\/p>\n<p>\u00abEste proyecto de los ascensores se suma a otros proyectos que ha presentado esta Gobernaci\u00f3n para el mejoramiento del edificio, tenemos el cambio de techumbre de la Plaza C\u00edvica, la recuperaci\u00f3n del octavo piso y pintura completa del edificio, que ya est\u00e1 en la Direcci\u00f3n de Arquitectura, ad portas de recibir la recomendaci\u00f3n t\u00e9cnica, por lo que comprometemos a los consejeros regionales para tener el financiamiento de este proyecto tan importante\u00bb, se\u00f1al\u00f3 Boffa.<\/p>\n<p>Respecto de los ascensores, la autoridad agradeci\u00f3 a los tres consejeros regionales de la provincia, pero particularmente a su esposo, el Core Iv\u00e1n Reyes, por el respaldo a esta iniciativa, que recibi\u00f3 el apoyo del Consejo Regional para la aprobaci\u00f3n de recursos.<\/p>\n<p>La autoridad reconoce que este proyecto se entrega luego de vivir un proceso que ella misma defini\u00f3 como \u2018muy amargo\u2019, por cuanto el proyecto estuvo paralizado por alg\u00fan tiempo.<\/p>\n<p>No obstante, recalc\u00f3 que en adelante las personas que acudan al edificio de la Gobernaci\u00f3n Provincial, tendr\u00e1n la opci\u00f3n de utilizar este sistema de ascensores para acudir a los servicios p\u00fablicos, favoreciendo sobre todo a los adultos mayores, personas discapacitadas, embarazas y mam\u00e1s con guaguas, que ten\u00edan muchas dificultades para subir a hacer sus tr\u00e1mites.<\/p>\n<p>&nbsp;<\/p>\n","protected":false},"excerpt":{"rendered":"<p>Aunque no existe claridad acerca de la fecha en que retorna al sexto piso la Inspecci\u00f3n del Trabajo, lo cierto es que desde el viernes, quien tenga que acudir a alguno de&#8230;<\/p>\n","protected":false},"author":482,"featured_media":42163,"comment_status":"open","ping_status":"closed","sticky":false,"template":"","format":"standard","meta":{"advanced_seo_description":"","jetpack_seo_html_title":"","jetpack_seo_noindex":false,"_jetpack_memberships_contains_paid_content":false,"footnotes":""},"categories":[1],"tags":[],"class_list":["post-42162","post","type-post","status-publish","format-standard","has-post-thumbnail","hentry","category-cronica"],"jetpack_featured_media_url":"https:\/\/i0.wp.com\/eltrabajo.cl\/portal\/wp-content\/uploads\/2014\/01\/Ascensores1.jpg?fit=528%2C353&ssl=1","jetpack_sharing_enabled":true,"jetpack_likes_enabled":true,"jetpack-related-posts":[],"_links":{"self":[{"href":"https:\/\/eltrabajo.cl\/portal\/wp-json\/wp\/v2\/posts\/42162","targetHints":{"allow":["GET"]}}],"collection":[{"href":"https:\/\/eltrabajo.cl\/portal\/wp-json\/wp\/v2\/posts"}],"about":[{"href":"https:\/\/eltrabajo.cl\/portal\/wp-json\/wp\/v2\/types\/post"}],"author":[{"embeddable":true,"href":"https:\/\/eltrabajo.cl\/portal\/wp-json\/wp\/v2\/users\/482"}],"replies":[{"embeddable":true,"href":"https:\/\/eltrabajo.cl\/portal\/wp-json\/wp\/v2\/comments?post=42162"}],"version-history":[{"count":0,"href":"https:\/\/eltrabajo.cl\/portal\/wp-json\/wp\/v2\/posts\/42162\/revisions"}],"wp:featuredmedia":[{"embeddable":true,"href":"https:\/\/eltrabajo.cl\/portal\/wp-json\/wp\/v2\/media\/42163"}],"wp:attachment":[{"href":"https:\/\/eltrabajo.cl\/portal\/wp-json\/wp\/v2\/media?parent=42162"}],"wp:term":[{"taxonomy":"category","embeddable":true,"href":"https:\/\/eltrabajo.cl\/portal\/wp-json\/wp\/v2\/categories?post=42162"},{"taxonomy":"post_tag","embeddable":true,"href":"https:\/\/eltrabajo.cl\/portal\/wp-json\/wp\/v2\/tags?post=42162"}],"curies":[{"name":"wp","href":"https:\/\/api.w.org\/{rel}","templated":true}]}}