{"id":42182,"date":"2014-01-21T09:30:57","date_gmt":"2014-01-21T12:30:57","guid":{"rendered":"http:\/\/www.eltrabajo.cl\/portal\/?p=42182"},"modified":"2014-01-21T09:30:57","modified_gmt":"2014-01-21T12:30:57","slug":"este-domingo-se-realizara-segunda-version-de-la-feria-saberes-y-sabores","status":"publish","type":"post","link":"https:\/\/eltrabajo.cl\/portal\/este-domingo-se-realizara-segunda-version-de-la-feria-saberes-y-sabores\/","title":{"rendered":"Este domingo se realizar\u00e1 segunda versi\u00f3n de la Feria \u2018Saberes y Sabores\u2019"},"content":{"rendered":"<figure id=\"attachment_42183\" aria-describedby=\"caption-attachment-42183\" style=\"width: 529px\" class=\"wp-caption alignnone\"><a href=\"https:\/\/i0.wp.com\/www.eltrabajo.cl\/portal\/wp-content\/uploads\/2014\/01\/FERIA.jpg\"><img data-recalc-dims=\"1\" loading=\"lazy\" decoding=\"async\" class=\"size-full wp-image-42183\" title=\"Este domingo en la plaza de Rinconada de Silva  se realizar\u00e1 la feria, con demostraciones de licores artesanales, queso de cabra, mistelas, arrollado de huaso, mote con huesillo, entre muchos otros.\" alt=\"Este domingo en la plaza de Rinconada de Silva  se realizar\u00e1 la feria, con demostraciones de licores artesanales, queso de cabra, mistelas, arrollado de huaso, mote con huesillo, entre muchos otros.\" src=\"https:\/\/i0.wp.com\/www.eltrabajo.cl\/portal\/wp-content\/uploads\/2014\/01\/FERIA.jpg?resize=529%2C282\" width=\"529\" height=\"282\" srcset=\"https:\/\/i0.wp.com\/eltrabajo.cl\/portal\/wp-content\/uploads\/2014\/01\/FERIA.jpg?w=529&amp;ssl=1 529w, https:\/\/i0.wp.com\/eltrabajo.cl\/portal\/wp-content\/uploads\/2014\/01\/FERIA.jpg?resize=200%2C106&amp;ssl=1 200w, https:\/\/i0.wp.com\/eltrabajo.cl\/portal\/wp-content\/uploads\/2014\/01\/FERIA.jpg?resize=300%2C159&amp;ssl=1 300w, https:\/\/i0.wp.com\/eltrabajo.cl\/portal\/wp-content\/uploads\/2014\/01\/FERIA.jpg?resize=150%2C79&amp;ssl=1 150w, https:\/\/i0.wp.com\/eltrabajo.cl\/portal\/wp-content\/uploads\/2014\/01\/FERIA.jpg?resize=400%2C213&amp;ssl=1 400w\" sizes=\"auto, (max-width: 529px) 100vw, 529px\" \/><\/a><figcaption id=\"caption-attachment-42183\" class=\"wp-caption-text\">Este domingo en la plaza de Rinconada de Silva se realizar\u00e1 la feria, con demostraciones de licores artesanales, queso de cabra, mistelas, arrollado de huaso, mote con huesillo, entre muchos otros.<\/figcaption><\/figure>\n<p><strong>PUTAENDO.<\/strong>&#8211; Luego que la primera versi\u00f3n fuera todo un \u00e9xito, el Centro de Desarrollo y Expresi\u00f3n Cultural de Rinconada de Silva se encuentra preparando una segunda jornada de la feria \u2018Saberes y Sabores de Rinconada de Silva\u2019.<\/p>\n<p>La invitaci\u00f3n a la comunidad es para este domingo 26 de enero y ser\u00e1 inaugurada a eso de las 10:00 horas en la plaza Fernando Aldunce de Rinconada de Silva, y se extender\u00e1 hasta eso de las 22:00 horas con demostraciones de licores artesanales, queso de cabra, mistelas, arrollado de huaso, mote con huesillo, picarones, calzones rotos, artesan\u00eda en madera, policrom\u00eda y la novedad con las exquisitas humitas y pasteles de choclo.<\/p>\n<p>Gemma Lepe Echane, destacada dirigente y presidenta del Centro de Desarrollo y Expresi\u00f3n Cultural de Rinconada de Silva, asegur\u00f3 que para ellos \u201cesta segunda versi\u00f3n de la feria de Artesan\u00edas y Gastronom\u00eda Patrimonial, se fundamenta en darle una continuidad a esta iniciativa, y mostrar los \u2018Saberes y Sabores\u2019 t\u00edpicos de nuestra localidad, para que se consolide como parte de la tradici\u00f3n de Rinconada de Silva, y a la vez ayude a potenciar el desarrollo de los artesanos y cultores de tradiciones, adem\u00e1s tenemos la mirada y la esperanza puesta en el futuro para que de esta manera Rinconada de Silva se convierta en un atractivo tur\u00edstico\u201d.<\/p>\n<p>Un bonito desaf\u00edo que nace de una pujante agrupaci\u00f3n cultural que hace muy poco celebr\u00f3 su segundo aniversario cumpliendo varias metas que han sido un aporte significativo al desarrollo cultural y tur\u00edstico en Rinconada de Silva y que ya es todo un referente y hoy desean invitar a la comunidad de Putaendo a disfrutar lo mejor de la gastronom\u00eda tradicional rinconadina y putaendina y a vivir lo mejor del arte que entregan los exponentes de Putaendo.<\/p>\n<p>Patricio Gallardo M.<\/p>\n<p>&nbsp;<\/p>\n","protected":false},"excerpt":{"rendered":"<p>PUTAENDO.&#8211; Luego que la primera versi\u00f3n fuera todo un \u00e9xito, el Centro de Desarrollo y Expresi\u00f3n Cultural de Rinconada de Silva se encuentra preparando una segunda jornada de la feria \u2018Saberes y&#8230;<\/p>\n","protected":false},"author":482,"featured_media":42183,"comment_status":"open","ping_status":"closed","sticky":false,"template":"","format":"standard","meta":{"advanced_seo_description":"","jetpack_seo_html_title":"","jetpack_seo_noindex":false,"_jetpack_memberships_contains_paid_content":false,"footnotes":""},"categories":[1],"tags":[],"class_list":["post-42182","post","type-post","status-publish","format-standard","has-post-thumbnail","hentry","category-cronica"],"jetpack_featured_media_url":"https:\/\/i0.wp.com\/eltrabajo.cl\/portal\/wp-content\/uploads\/2014\/01\/FERIA.jpg?fit=529%2C282&ssl=1","jetpack_sharing_enabled":true,"jetpack_likes_enabled":true,"jetpack-related-posts":[],"_links":{"self":[{"href":"https:\/\/eltrabajo.cl\/portal\/wp-json\/wp\/v2\/posts\/42182","targetHints":{"allow":["GET"]}}],"collection":[{"href":"https:\/\/eltrabajo.cl\/portal\/wp-json\/wp\/v2\/posts"}],"about":[{"href":"https:\/\/eltrabajo.cl\/portal\/wp-json\/wp\/v2\/types\/post"}],"author":[{"embeddable":true,"href":"https:\/\/eltrabajo.cl\/portal\/wp-json\/wp\/v2\/users\/482"}],"replies":[{"embeddable":true,"href":"https:\/\/eltrabajo.cl\/portal\/wp-json\/wp\/v2\/comments?post=42182"}],"version-history":[{"count":0,"href":"https:\/\/eltrabajo.cl\/portal\/wp-json\/wp\/v2\/posts\/42182\/revisions"}],"wp:featuredmedia":[{"embeddable":true,"href":"https:\/\/eltrabajo.cl\/portal\/wp-json\/wp\/v2\/media\/42183"}],"wp:attachment":[{"href":"https:\/\/eltrabajo.cl\/portal\/wp-json\/wp\/v2\/media?parent=42182"}],"wp:term":[{"taxonomy":"category","embeddable":true,"href":"https:\/\/eltrabajo.cl\/portal\/wp-json\/wp\/v2\/categories?post=42182"},{"taxonomy":"post_tag","embeddable":true,"href":"https:\/\/eltrabajo.cl\/portal\/wp-json\/wp\/v2\/tags?post=42182"}],"curies":[{"name":"wp","href":"https:\/\/api.w.org\/{rel}","templated":true}]}}