{"id":42188,"date":"2014-01-21T09:33:46","date_gmt":"2014-01-21T12:33:46","guid":{"rendered":"http:\/\/www.eltrabajo.cl\/portal\/?p=42188"},"modified":"2014-01-21T09:33:46","modified_gmt":"2014-01-21T12:33:46","slug":"programa-mujer-trabajadora-y-jefa-de-hogar-abrio-inscripciones-para-2014","status":"publish","type":"post","link":"https:\/\/eltrabajo.cl\/portal\/programa-mujer-trabajadora-y-jefa-de-hogar-abrio-inscripciones-para-2014\/","title":{"rendered":"Programa Mujer Trabajadora y Jefa de Hogar abri\u00f3 inscripciones para 2014"},"content":{"rendered":"<figure id=\"attachment_42189\" aria-describedby=\"caption-attachment-42189\" style=\"width: 529px\" class=\"wp-caption alignnone\"><a href=\"https:\/\/i0.wp.com\/www.eltrabajo.cl\/portal\/wp-content\/uploads\/2014\/01\/Curso-asistente-administrativo-1.jpg\"><img data-recalc-dims=\"1\" loading=\"lazy\" decoding=\"async\" class=\"size-full wp-image-42189\" title=\"A distintos cursos podr\u00e1n optar las mujeres que se inscriban en el programa que ya abri\u00f3 la inscripci\u00f3n.\" alt=\"A distintos cursos podr\u00e1n optar las mujeres que se inscriban en el programa que ya abri\u00f3 la inscripci\u00f3n.\" src=\"https:\/\/i0.wp.com\/www.eltrabajo.cl\/portal\/wp-content\/uploads\/2014\/01\/Curso-asistente-administrativo-1.jpg?resize=529%2C349\" width=\"529\" height=\"349\" srcset=\"https:\/\/i0.wp.com\/eltrabajo.cl\/portal\/wp-content\/uploads\/2014\/01\/Curso-asistente-administrativo-1.jpg?w=529&amp;ssl=1 529w, https:\/\/i0.wp.com\/eltrabajo.cl\/portal\/wp-content\/uploads\/2014\/01\/Curso-asistente-administrativo-1.jpg?resize=200%2C131&amp;ssl=1 200w, https:\/\/i0.wp.com\/eltrabajo.cl\/portal\/wp-content\/uploads\/2014\/01\/Curso-asistente-administrativo-1.jpg?resize=300%2C197&amp;ssl=1 300w, https:\/\/i0.wp.com\/eltrabajo.cl\/portal\/wp-content\/uploads\/2014\/01\/Curso-asistente-administrativo-1.jpg?resize=150%2C98&amp;ssl=1 150w, https:\/\/i0.wp.com\/eltrabajo.cl\/portal\/wp-content\/uploads\/2014\/01\/Curso-asistente-administrativo-1.jpg?resize=400%2C263&amp;ssl=1 400w\" sizes=\"auto, (max-width: 529px) 100vw, 529px\" \/><\/a><figcaption id=\"caption-attachment-42189\" class=\"wp-caption-text\">A distintos cursos podr\u00e1n optar las mujeres que se inscriban en el programa que ya abri\u00f3 la inscripci\u00f3n.<\/figcaption><\/figure>\n<p>Abiertas se encuentran las inscripciones para el programa Mujer Trabajadora y Jefa de Hogar, una iniciativa que se desarrolla hace a\u00f1os en la comuna y que est\u00e1 dirigido a mujeres trabajadoras, jefas de hogar, que se encuentren cesantes y que necesiten generar ingresos, tanto de manera dependiente como independiente.<\/p>\n<p>As\u00ed lo dio a conocer Silvana Vera, coordinadora del programa en San Felipe, quien se\u00f1al\u00f3 que es importante que las mujeres que postulen tengan personas que dependan econ\u00f3micamente de ellas.<\/p>\n<p>El programa cuenta con un total de 180 cupos, pero 130 son para este a\u00f1o, ya que el resto es de arrastre del a\u00f1o 2013.<\/p>\n<p>\u201cEl objetivo total del programa es mejorar las condiciones de empleo de las mujeres trabajadoras y jefas de hogar, a trav\u00e9s, b\u00e1sicamente de la capacitaci\u00f3n, pero adem\u00e1s tiene otras l\u00edneas transversales el programa, adem\u00e1s de la capacitaci\u00f3n propiamente tal, que es la habilitaci\u00f3n laboral donde las mujeres en la primera etapa conocen sus habilidades y ver a qu\u00e9 lado va su trayectoria, si es dependiente o independiente y ah\u00ed ellas hacen su curso de capacitaci\u00f3n\u201d, dijo Vera.<\/p>\n<p>Adem\u00e1s las mujeres pueden acceder tambi\u00e9n a dentista, ex\u00e1menes preventivos de salud, a nivelaci\u00f3n de estudios, pueden aprender computaci\u00f3n, formalizar sus negocios, acceder a charlas o postular a fondos para mejorar sus negocios.<\/p>\n<p>La invitaci\u00f3n es a todas las mujeres a participar del programa y aquellas interesadas deben dirigirse a Traslavi\u00f1a 1232 en la Oficina de la Mujer, entre las 8:30 y las 13 horas y desde las 15 hasta las 18 horas.<\/p>\n<p>\u201cLa idea es que ninguna mujer de la comuna que quiera capacitarse, quede afuera\u201d, dijo la coordinadora.<\/p>\n<p>Entre los cursos de capacitaci\u00f3n se encuentran manipulaci\u00f3n de alimentos, primeros auxilios, artefactos el\u00e9ctricos, gesti\u00f3n microempresarial, administraci\u00f3n, adem\u00e1s de otros cursos que se definir\u00e1n durante el a\u00f1o.<\/p>\n","protected":false},"excerpt":{"rendered":"<p>Abiertas se encuentran las inscripciones para el programa Mujer Trabajadora y Jefa de Hogar, una iniciativa que se desarrolla hace a\u00f1os en la comuna y que est\u00e1 dirigido a mujeres trabajadoras, jefas&#8230;<\/p>\n","protected":false},"author":482,"featured_media":42189,"comment_status":"open","ping_status":"closed","sticky":false,"template":"","format":"standard","meta":{"advanced_seo_description":"","jetpack_seo_html_title":"","jetpack_seo_noindex":false,"_jetpack_memberships_contains_paid_content":false,"footnotes":""},"categories":[1],"tags":[],"class_list":["post-42188","post","type-post","status-publish","format-standard","has-post-thumbnail","hentry","category-cronica"],"jetpack_featured_media_url":"https:\/\/i0.wp.com\/eltrabajo.cl\/portal\/wp-content\/uploads\/2014\/01\/Curso-asistente-administrativo-1.jpg?fit=529%2C349&ssl=1","jetpack_sharing_enabled":true,"jetpack_likes_enabled":true,"jetpack-related-posts":[],"_links":{"self":[{"href":"https:\/\/eltrabajo.cl\/portal\/wp-json\/wp\/v2\/posts\/42188","targetHints":{"allow":["GET"]}}],"collection":[{"href":"https:\/\/eltrabajo.cl\/portal\/wp-json\/wp\/v2\/posts"}],"about":[{"href":"https:\/\/eltrabajo.cl\/portal\/wp-json\/wp\/v2\/types\/post"}],"author":[{"embeddable":true,"href":"https:\/\/eltrabajo.cl\/portal\/wp-json\/wp\/v2\/users\/482"}],"replies":[{"embeddable":true,"href":"https:\/\/eltrabajo.cl\/portal\/wp-json\/wp\/v2\/comments?post=42188"}],"version-history":[{"count":0,"href":"https:\/\/eltrabajo.cl\/portal\/wp-json\/wp\/v2\/posts\/42188\/revisions"}],"wp:featuredmedia":[{"embeddable":true,"href":"https:\/\/eltrabajo.cl\/portal\/wp-json\/wp\/v2\/media\/42189"}],"wp:attachment":[{"href":"https:\/\/eltrabajo.cl\/portal\/wp-json\/wp\/v2\/media?parent=42188"}],"wp:term":[{"taxonomy":"category","embeddable":true,"href":"https:\/\/eltrabajo.cl\/portal\/wp-json\/wp\/v2\/categories?post=42188"},{"taxonomy":"post_tag","embeddable":true,"href":"https:\/\/eltrabajo.cl\/portal\/wp-json\/wp\/v2\/tags?post=42188"}],"curies":[{"name":"wp","href":"https:\/\/api.w.org\/{rel}","templated":true}]}}