{"id":42191,"date":"2014-01-21T09:35:55","date_gmt":"2014-01-21T12:35:55","guid":{"rendered":"http:\/\/www.eltrabajo.cl\/portal\/?p=42191"},"modified":"2014-01-21T09:35:55","modified_gmt":"2014-01-21T12:35:55","slug":"denuncian-atentado-ambiental-a-parque-urbano-por-evacuacion-aguas-lluvias","status":"publish","type":"post","link":"https:\/\/eltrabajo.cl\/portal\/denuncian-atentado-ambiental-a-parque-urbano-por-evacuacion-aguas-lluvias\/","title":{"rendered":"Denuncian atentado ambiental a Parque Urbano por evacuaci\u00f3n aguas lluvias"},"content":{"rendered":"<figure id=\"attachment_42192\" aria-describedby=\"caption-attachment-42192\" style=\"width: 528px\" class=\"wp-caption alignnone\"><a href=\"https:\/\/i0.wp.com\/www.eltrabajo.cl\/portal\/wp-content\/uploads\/2014\/01\/parque-urbano-denuncia5.jpg\"><img data-recalc-dims=\"1\" loading=\"lazy\" decoding=\"async\" class=\"size-full wp-image-42192\" title=\"El pozo de captaci\u00f3n de las aguas provenientes de Av. Chacabuco inundar\u00eda la laguna artificial.\" alt=\"El pozo de captaci\u00f3n de las aguas provenientes de Av. Chacabuco inundar\u00eda la laguna artificial.\" src=\"https:\/\/i0.wp.com\/www.eltrabajo.cl\/portal\/wp-content\/uploads\/2014\/01\/parque-urbano-denuncia5.jpg?resize=528%2C396\" width=\"528\" height=\"396\" srcset=\"https:\/\/i0.wp.com\/eltrabajo.cl\/portal\/wp-content\/uploads\/2014\/01\/parque-urbano-denuncia5.jpg?w=528&amp;ssl=1 528w, https:\/\/i0.wp.com\/eltrabajo.cl\/portal\/wp-content\/uploads\/2014\/01\/parque-urbano-denuncia5.jpg?resize=200%2C150&amp;ssl=1 200w, https:\/\/i0.wp.com\/eltrabajo.cl\/portal\/wp-content\/uploads\/2014\/01\/parque-urbano-denuncia5.jpg?resize=300%2C225&amp;ssl=1 300w, https:\/\/i0.wp.com\/eltrabajo.cl\/portal\/wp-content\/uploads\/2014\/01\/parque-urbano-denuncia5.jpg?resize=150%2C112&amp;ssl=1 150w, https:\/\/i0.wp.com\/eltrabajo.cl\/portal\/wp-content\/uploads\/2014\/01\/parque-urbano-denuncia5.jpg?resize=400%2C300&amp;ssl=1 400w\" sizes=\"auto, (max-width: 528px) 100vw, 528px\" \/><\/a><figcaption id=\"caption-attachment-42192\" class=\"wp-caption-text\">El pozo de captaci\u00f3n de las aguas provenientes de Av. Chacabuco inundar\u00eda la laguna artificial.<\/figcaption><\/figure>\n<p><strong>LOS ANDES.<\/strong>&#8211; El concejal Octavio Arellano advirti\u00f3 sobre los graves da\u00f1os ambientales que se producir\u00edan en el Parque Urbano con la construcci\u00f3n de un pozo de captaci\u00f3n de aguas lluvias provenientes de avenida Chacabuco e Independencia.<\/p>\n<figure id=\"attachment_42193\" aria-describedby=\"caption-attachment-42193\" style=\"width: 317px\" class=\"wp-caption alignright\"><a href=\"https:\/\/i0.wp.com\/www.eltrabajo.cl\/portal\/wp-content\/uploads\/2014\/01\/octavio-arellano-presentacion.jpg\"><img data-recalc-dims=\"1\" loading=\"lazy\" decoding=\"async\" class=\" wp-image-42193 \" title=\"Octavio Arellano, concejal y ex alcalde de Los Andes.\" alt=\"Octavio Arellano, concejal y ex alcalde de Los Andes.\" src=\"https:\/\/i0.wp.com\/www.eltrabajo.cl\/portal\/wp-content\/uploads\/2014\/01\/octavio-arellano-presentacion.jpg?resize=317%2C230\" width=\"317\" height=\"230\" srcset=\"https:\/\/i0.wp.com\/eltrabajo.cl\/portal\/wp-content\/uploads\/2014\/01\/octavio-arellano-presentacion.jpg?w=528&amp;ssl=1 528w, https:\/\/i0.wp.com\/eltrabajo.cl\/portal\/wp-content\/uploads\/2014\/01\/octavio-arellano-presentacion.jpg?resize=200%2C145&amp;ssl=1 200w, https:\/\/i0.wp.com\/eltrabajo.cl\/portal\/wp-content\/uploads\/2014\/01\/octavio-arellano-presentacion.jpg?resize=300%2C218&amp;ssl=1 300w, https:\/\/i0.wp.com\/eltrabajo.cl\/portal\/wp-content\/uploads\/2014\/01\/octavio-arellano-presentacion.jpg?resize=150%2C109&amp;ssl=1 150w, https:\/\/i0.wp.com\/eltrabajo.cl\/portal\/wp-content\/uploads\/2014\/01\/octavio-arellano-presentacion.jpg?resize=400%2C290&amp;ssl=1 400w\" sizes=\"auto, (max-width: 317px) 100vw, 317px\" \/><\/a><figcaption id=\"caption-attachment-42193\" class=\"wp-caption-text\">Octavio Arellano, concejal y ex alcalde de Los Andes.<\/figcaption><\/figure>\n<p>El edil se\u00f1al\u00f3 que tras revisar los antecedentes, constat\u00f3 que el colector de aguas lluvias de ambas avenidas ir\u00e1 a dar directamente al parque, generando un enorme da\u00f1o a las \u00e1reas verdes producto de eventuales inundaciones.<\/p>\n<p>\u00abEstamos hablando de no menos de 2.500 metros c\u00fabicos en 24 horas, lo que provocar\u00e1 una grave contaminaci\u00f3n al parque por sedimentos, polvo y aguas servidas, las que generalmente son arrastradas por las aguas lluvias por la saturaci\u00f3n de las redes domiciliarias de alcantarillado durante una lluvia intensa. Lo l\u00f3gico ser\u00eda que las aguas lluvias fueran a dar a canales de riego, para lo cual se deber\u00eda haber solicitado la autorizaci\u00f3n de la asociaci\u00f3n de regantes\u00bb, expuso Arellano.<\/p>\n<p>El concejal dijo que solicit\u00f3 a la direcci\u00f3n de la Secplac que este proyecto sea modificado y los pozos captadores sean construidos al costado poniente del cerro por calle Yerbas Buenas, \u00abpero de ning\u00fan modo dentro del Parque que tantos sacrificios cost\u00f3 construir\u00bb.<\/p>\n<p>Agreg\u00f3 que hasta el momento est\u00e1 aguardando una respuesta de ese organismo t\u00e9cnico, no obstante dijo estar preocupado debido al avance de los trabajos en avenida Chacabuco.<\/p>\n<p>Por esta raz\u00f3n responsabiliz\u00f3 directamente a quienes dieron la aprobaci\u00f3n del dise\u00f1o del proyecto por los eventuales da\u00f1os que pueda llegar a sufrir el parque si no se hacen las modificaciones correspondientes.<\/p>\n<p>\u00abAs\u00ed como proponemos soluciones alternativas, defenderemos el Parque ante esta grave amenaza ambiental y no permitiremos se concrete una soluci\u00f3n tan perjudicial a tan preciado espacio p\u00fablico. Afortunadamente son muchos los andinos que se han sumado a esta cruzada ciudadana y exigen soluciones urgentes a esta aberraci\u00f3n ingenieril\u00bb, sentenci\u00f3n el ex alcalde bajo cuya administraci\u00f3n se remodel\u00f3 el parque.<\/p>\n<p>&nbsp;<\/p>\n","protected":false},"excerpt":{"rendered":"<p>LOS ANDES.&#8211; El concejal Octavio Arellano advirti\u00f3 sobre los graves da\u00f1os ambientales que se producir\u00edan en el Parque Urbano con la construcci\u00f3n de un pozo de captaci\u00f3n de aguas lluvias provenientes de&#8230;<\/p>\n","protected":false},"author":482,"featured_media":42192,"comment_status":"open","ping_status":"closed","sticky":false,"template":"","format":"standard","meta":{"advanced_seo_description":"","jetpack_seo_html_title":"","jetpack_seo_noindex":false,"_jetpack_memberships_contains_paid_content":false,"footnotes":""},"categories":[1],"tags":[],"class_list":["post-42191","post","type-post","status-publish","format-standard","has-post-thumbnail","hentry","category-cronica"],"jetpack_featured_media_url":"https:\/\/i0.wp.com\/eltrabajo.cl\/portal\/wp-content\/uploads\/2014\/01\/parque-urbano-denuncia5.jpg?fit=528%2C396&ssl=1","jetpack_sharing_enabled":true,"jetpack_likes_enabled":true,"jetpack-related-posts":[],"_links":{"self":[{"href":"https:\/\/eltrabajo.cl\/portal\/wp-json\/wp\/v2\/posts\/42191","targetHints":{"allow":["GET"]}}],"collection":[{"href":"https:\/\/eltrabajo.cl\/portal\/wp-json\/wp\/v2\/posts"}],"about":[{"href":"https:\/\/eltrabajo.cl\/portal\/wp-json\/wp\/v2\/types\/post"}],"author":[{"embeddable":true,"href":"https:\/\/eltrabajo.cl\/portal\/wp-json\/wp\/v2\/users\/482"}],"replies":[{"embeddable":true,"href":"https:\/\/eltrabajo.cl\/portal\/wp-json\/wp\/v2\/comments?post=42191"}],"version-history":[{"count":0,"href":"https:\/\/eltrabajo.cl\/portal\/wp-json\/wp\/v2\/posts\/42191\/revisions"}],"wp:featuredmedia":[{"embeddable":true,"href":"https:\/\/eltrabajo.cl\/portal\/wp-json\/wp\/v2\/media\/42192"}],"wp:attachment":[{"href":"https:\/\/eltrabajo.cl\/portal\/wp-json\/wp\/v2\/media?parent=42191"}],"wp:term":[{"taxonomy":"category","embeddable":true,"href":"https:\/\/eltrabajo.cl\/portal\/wp-json\/wp\/v2\/categories?post=42191"},{"taxonomy":"post_tag","embeddable":true,"href":"https:\/\/eltrabajo.cl\/portal\/wp-json\/wp\/v2\/tags?post=42191"}],"curies":[{"name":"wp","href":"https:\/\/api.w.org\/{rel}","templated":true}]}}