{"id":42196,"date":"2014-01-21T09:37:22","date_gmt":"2014-01-21T12:37:22","guid":{"rendered":"http:\/\/www.eltrabajo.cl\/portal\/?p=42196"},"modified":"2014-01-21T09:37:22","modified_gmt":"2014-01-21T12:37:22","slug":"como-un-fenomeno-nunca-antes-visto-califican-la-crecida-del-rio-putaendo","status":"publish","type":"post","link":"https:\/\/eltrabajo.cl\/portal\/como-un-fenomeno-nunca-antes-visto-califican-la-crecida-del-rio-putaendo\/","title":{"rendered":"Como un fen\u00f3meno nunca antes visto califican la crecida del R\u00edo Putaendo"},"content":{"rendered":"<figure id=\"attachment_42197\" aria-describedby=\"caption-attachment-42197\" style=\"width: 317px\" class=\"wp-caption alignleft\"><a href=\"https:\/\/i0.wp.com\/www.eltrabajo.cl\/portal\/wp-content\/uploads\/2014\/01\/jose-manuel-carter1.jpg\"><img data-recalc-dims=\"1\" loading=\"lazy\" decoding=\"async\" class=\" wp-image-42197 \" title=\"Jos\u00e9 Manuel C\u00e1rter, Presidente Junta de Vigilancia del R\u00edo Putaendo.\" alt=\"Jos\u00e9 Manuel C\u00e1rter, Presidente Junta de Vigilancia del R\u00edo Putaendo.\" src=\"https:\/\/i0.wp.com\/www.eltrabajo.cl\/portal\/wp-content\/uploads\/2014\/01\/jose-manuel-carter1.jpg?resize=317%2C279\" width=\"317\" height=\"279\" srcset=\"https:\/\/i0.wp.com\/eltrabajo.cl\/portal\/wp-content\/uploads\/2014\/01\/jose-manuel-carter1.jpg?w=529&amp;ssl=1 529w, https:\/\/i0.wp.com\/eltrabajo.cl\/portal\/wp-content\/uploads\/2014\/01\/jose-manuel-carter1.jpg?resize=170%2C150&amp;ssl=1 170w, https:\/\/i0.wp.com\/eltrabajo.cl\/portal\/wp-content\/uploads\/2014\/01\/jose-manuel-carter1.jpg?resize=300%2C263&amp;ssl=1 300w, https:\/\/i0.wp.com\/eltrabajo.cl\/portal\/wp-content\/uploads\/2014\/01\/jose-manuel-carter1.jpg?resize=150%2C131&amp;ssl=1 150w, https:\/\/i0.wp.com\/eltrabajo.cl\/portal\/wp-content\/uploads\/2014\/01\/jose-manuel-carter1.jpg?resize=400%2C351&amp;ssl=1 400w\" sizes=\"auto, (max-width: 317px) 100vw, 317px\" \/><\/a><figcaption id=\"caption-attachment-42197\" class=\"wp-caption-text\">Jos\u00e9 Manuel C\u00e1rter, Presidente Junta de Vigilancia del R\u00edo Putaendo.<\/figcaption><\/figure>\n<p><strong>PUTAENDO<\/strong>.- La Junta de Vigilancia del R\u00edo Putaendo (JVRP), a trav\u00e9s de su presidente Jos\u00e9 Manuel C\u00e1rter, dijo que el aumento del caudal del R\u00edo Putaendo registrado en una hora el s\u00e1bado pasado, es un hecho nunca antes visto.<\/p>\n<p>C\u00e1rter se\u00f1al\u00f3 que estaban al corriente de las tormentas cordilleranas y se encontraban preparados para enfrentar esta situaci\u00f3n y ante algunas consultas y reclamos de vecinos, indic\u00f3 que el canal matriz en el sector Los Patos donde se capta el agua del R\u00edo Putaendo, tiene una capacidad de 5.000 litros por segundo y que el juez de r\u00edo, estando en el lugar, abri\u00f3 por completo la compuerta de evacuaci\u00f3n para reingresar las aguas al r\u00edo, pero que en cosa de minutos y estando el personal en el sector, un fuerte estruendo y una verdadera avalancha termin\u00f3 por inundar toda la zona donde en forma incre\u00edble el agua pasaba por sobre la compuerta, lo que incluso gener\u00f3 que el juez de r\u00edo y el operador salieran raudamente del lugar.<\/p>\n<p>En este sentido, C\u00e1rter dijo que la fuerza con que ingres\u00f3 el agua fue devastadora y que hoy la JVRP est\u00e1 pensando en implementar sistemas de defensa en ese sector para evitar que esto vuelva a ocurrir, pues asegur\u00f3 que lo vivido el s\u00e1bado pasado fue algo que incluso las personas m\u00e1s antiguas se\u00f1alan que jam\u00e1s hab\u00edan visto algo como lo acontecido el fin de semana.<\/p>\n<p>Dentro de las medidas de mitigaci\u00f3n, desde este d\u00eda lunes la Junta de Vigilancia se encuentra lavando los canales y a partir de las 18:00 horas se continuar\u00e1 el turno en la parte alta hasta completar las 87 horas faltantes, pues indic\u00f3 que los agricultores de la parte alta deben tener el agua que les falta y sabe que los agricultores de la parte baja entienden la situaci\u00f3n de retraso en la llegada del agua hacia ese sector.<\/p>\n<p>C\u00e1rter se\u00f1al\u00f3 que lamenta los da\u00f1os en algunos predios, pero como \u00e9l mismo explic\u00f3, fue un verdadero aluvi\u00f3n el que se registr\u00f3 en Los Patos, lo que hizo colapsar por completo la compuerta que evacua las aguas hacia el R\u00edo Putaendo y dijo que incluso la segunda compuerta ubicada en Casablanca tambi\u00e9n se embanc\u00f3 en cosa de minutos con la gran cantidad de sedimento y piedras, lo que tampoco ayud\u00f3 a que el agua saliera hacia el r\u00edo, adem\u00e1s se\u00f1al\u00f3 que los da\u00f1os en canales y compuertas son cuantiosos.<\/p>\n<p>Patricio Gallardo M.<\/p>\n<p>&nbsp;<\/p>\n","protected":false},"excerpt":{"rendered":"<p>PUTAENDO.- La Junta de Vigilancia del R\u00edo Putaendo (JVRP), a trav\u00e9s de su presidente Jos\u00e9 Manuel C\u00e1rter, dijo que el aumento del caudal del R\u00edo Putaendo registrado en una hora el s\u00e1bado&#8230;<\/p>\n","protected":false},"author":482,"featured_media":42197,"comment_status":"open","ping_status":"closed","sticky":false,"template":"","format":"standard","meta":{"advanced_seo_description":"","jetpack_seo_html_title":"","jetpack_seo_noindex":false,"_jetpack_memberships_contains_paid_content":false,"footnotes":""},"categories":[1],"tags":[],"class_list":["post-42196","post","type-post","status-publish","format-standard","has-post-thumbnail","hentry","category-cronica"],"jetpack_featured_media_url":"https:\/\/i0.wp.com\/eltrabajo.cl\/portal\/wp-content\/uploads\/2014\/01\/jose-manuel-carter1.jpg?fit=529%2C465&ssl=1","jetpack_sharing_enabled":true,"jetpack_likes_enabled":true,"jetpack-related-posts":[],"_links":{"self":[{"href":"https:\/\/eltrabajo.cl\/portal\/wp-json\/wp\/v2\/posts\/42196","targetHints":{"allow":["GET"]}}],"collection":[{"href":"https:\/\/eltrabajo.cl\/portal\/wp-json\/wp\/v2\/posts"}],"about":[{"href":"https:\/\/eltrabajo.cl\/portal\/wp-json\/wp\/v2\/types\/post"}],"author":[{"embeddable":true,"href":"https:\/\/eltrabajo.cl\/portal\/wp-json\/wp\/v2\/users\/482"}],"replies":[{"embeddable":true,"href":"https:\/\/eltrabajo.cl\/portal\/wp-json\/wp\/v2\/comments?post=42196"}],"version-history":[{"count":0,"href":"https:\/\/eltrabajo.cl\/portal\/wp-json\/wp\/v2\/posts\/42196\/revisions"}],"wp:featuredmedia":[{"embeddable":true,"href":"https:\/\/eltrabajo.cl\/portal\/wp-json\/wp\/v2\/media\/42197"}],"wp:attachment":[{"href":"https:\/\/eltrabajo.cl\/portal\/wp-json\/wp\/v2\/media?parent=42196"}],"wp:term":[{"taxonomy":"category","embeddable":true,"href":"https:\/\/eltrabajo.cl\/portal\/wp-json\/wp\/v2\/categories?post=42196"},{"taxonomy":"post_tag","embeddable":true,"href":"https:\/\/eltrabajo.cl\/portal\/wp-json\/wp\/v2\/tags?post=42196"}],"curies":[{"name":"wp","href":"https:\/\/api.w.org\/{rel}","templated":true}]}}