{"id":42199,"date":"2014-01-21T09:40:43","date_gmt":"2014-01-21T12:40:43","guid":{"rendered":"http:\/\/www.eltrabajo.cl\/portal\/?p=42199"},"modified":"2014-01-21T09:40:43","modified_gmt":"2014-01-21T12:40:43","slug":"madre-clama-por-ayuda-para-su-hijo-con-microcefalia","status":"publish","type":"post","link":"https:\/\/eltrabajo.cl\/portal\/madre-clama-por-ayuda-para-su-hijo-con-microcefalia\/","title":{"rendered":"Madre clama por ayuda para su hijo con Microcefalia"},"content":{"rendered":"<figure id=\"attachment_42200\" aria-describedby=\"caption-attachment-42200\" style=\"width: 528px\" class=\"wp-caption alignnone\"><a href=\"https:\/\/i0.wp.com\/www.eltrabajo.cl\/portal\/wp-content\/uploads\/2014\/01\/Luis-Angel1.jpg\"><img data-recalc-dims=\"1\" loading=\"lazy\" decoding=\"async\" class=\"size-full wp-image-42200\" title=\"\u00c9L LO VALE TODO.- Luis \u00c1ngel Donoso Cofr\u00e9, peque\u00f1ito que necesita tu ayuda para seguir dando pelea contra esta enfermedad.\" alt=\"\u00c9L LO VALE TODO.- Luis \u00c1ngel Donoso Cofr\u00e9, peque\u00f1ito que necesita tu ayuda para seguir dando pelea contra esta enfermedad.\" src=\"https:\/\/i0.wp.com\/www.eltrabajo.cl\/portal\/wp-content\/uploads\/2014\/01\/Luis-Angel1.jpg?resize=528%2C389\" width=\"528\" height=\"389\" srcset=\"https:\/\/i0.wp.com\/eltrabajo.cl\/portal\/wp-content\/uploads\/2014\/01\/Luis-Angel1.jpg?w=528&amp;ssl=1 528w, https:\/\/i0.wp.com\/eltrabajo.cl\/portal\/wp-content\/uploads\/2014\/01\/Luis-Angel1.jpg?resize=200%2C147&amp;ssl=1 200w, https:\/\/i0.wp.com\/eltrabajo.cl\/portal\/wp-content\/uploads\/2014\/01\/Luis-Angel1.jpg?resize=300%2C221&amp;ssl=1 300w, https:\/\/i0.wp.com\/eltrabajo.cl\/portal\/wp-content\/uploads\/2014\/01\/Luis-Angel1.jpg?resize=150%2C110&amp;ssl=1 150w, https:\/\/i0.wp.com\/eltrabajo.cl\/portal\/wp-content\/uploads\/2014\/01\/Luis-Angel1.jpg?resize=400%2C294&amp;ssl=1 400w\" sizes=\"auto, (max-width: 528px) 100vw, 528px\" \/><\/a><figcaption id=\"caption-attachment-42200\" class=\"wp-caption-text\">\u00c9L LO VALE TODO.- Luis \u00c1ngel Donoso Cofr\u00e9, peque\u00f1ito que necesita tu ayuda para seguir dando pelea contra esta enfermedad.<\/figcaption><\/figure>\n<p>Texia Cofr\u00e9, una sanfelipe\u00f1a que vive en Villa Departamental, en el departamento 12 del primer piso del bloque 1415 y que vende ropa usada para as\u00ed poder tener recursos para atender a su hijo de tres a\u00f1os con Microcefalia y Holoprosencefalia, visit\u00f3 nuestra Sala de Redacci\u00f3n para solicitar a nuestros lectores que le brinden ayuda para atender su desesperado caso.<\/p>\n<figure id=\"attachment_42201\" aria-describedby=\"caption-attachment-42201\" style=\"width: 190px\" class=\"wp-caption alignright\"><a href=\"https:\/\/i0.wp.com\/www.eltrabajo.cl\/portal\/wp-content\/uploads\/2014\/01\/Texia-Cofre.jpg\"><img data-recalc-dims=\"1\" loading=\"lazy\" decoding=\"async\" class=\" wp-image-42201  \" title=\"Texia Cofr\u00e9, joven madre que clama al Alcalde Freire y al p\u00fablico en general, que valoren el caso de su hijo.\" alt=\"Texia Cofr\u00e9, joven madre que clama al Alcalde Freire y al p\u00fablico en general, que valoren el caso de su hijo.\" src=\"https:\/\/i0.wp.com\/www.eltrabajo.cl\/portal\/wp-content\/uploads\/2014\/01\/Texia-Cofre.jpg?resize=190%2C218\" width=\"190\" height=\"218\" srcset=\"https:\/\/i0.wp.com\/eltrabajo.cl\/portal\/wp-content\/uploads\/2014\/01\/Texia-Cofre.jpg?w=529&amp;ssl=1 529w, https:\/\/i0.wp.com\/eltrabajo.cl\/portal\/wp-content\/uploads\/2014\/01\/Texia-Cofre.jpg?resize=130%2C150&amp;ssl=1 130w, https:\/\/i0.wp.com\/eltrabajo.cl\/portal\/wp-content\/uploads\/2014\/01\/Texia-Cofre.jpg?resize=261%2C300&amp;ssl=1 261w, https:\/\/i0.wp.com\/eltrabajo.cl\/portal\/wp-content\/uploads\/2014\/01\/Texia-Cofre.jpg?resize=400%2C458&amp;ssl=1 400w\" sizes=\"auto, (max-width: 190px) 100vw, 190px\" \/><\/a><figcaption id=\"caption-attachment-42201\" class=\"wp-caption-text\">Texia Cofr\u00e9, joven madre que clama al Alcalde Freire y al p\u00fablico en general, que valoren el caso de su hijo.<\/figcaption><\/figure>\n<p>\u00abQuiero pedirles ayuda a todos los sanfelipe\u00f1os, a esas tiendas que quiz\u00e1 dispongan de alguna ropita o juguetes en regular estado, que me donen cualquier art\u00edculo para yo poder seguir vendiendo en mi casa y as\u00ed poder comprar la leche PediaSure que tengo que darle a mi hijo, es muy cara, yo le pido al se\u00f1or Alcalde Patricio Freire que por favor examine mi caso, y si ve que mi hijo no vale la pena, pues que no me ayude, pero que al menos \u00e9l revise mi caso por favor\u00bb, coment\u00f3 la angustiada madre a Diario El Trabajo.<\/p>\n<p>Seg\u00fan la acongojada madre, a su hijo s\u00f3lo le han ayudado las Damas de Vedruna, voluntarias que siempre est\u00e1n atentas con \u00e9l en el Hospital San Camilo, en donde se encuentra el peque\u00f1o Luis \u00c1ngel Donoso Cofr\u00e9.<\/p>\n<p>Si usted quiere donar recursos para esta madre, puede contactarla al 5059 1688.<\/p>\n<p>&nbsp;<\/p>\n","protected":false},"excerpt":{"rendered":"<p>Texia Cofr\u00e9, una sanfelipe\u00f1a que vive en Villa Departamental, en el departamento 12 del primer piso del bloque 1415 y que vende ropa usada para as\u00ed poder tener recursos para atender a&#8230;<\/p>\n","protected":false},"author":482,"featured_media":42200,"comment_status":"open","ping_status":"closed","sticky":false,"template":"","format":"standard","meta":{"advanced_seo_description":"","jetpack_seo_html_title":"","jetpack_seo_noindex":false,"_jetpack_memberships_contains_paid_content":false,"footnotes":""},"categories":[1],"tags":[],"class_list":["post-42199","post","type-post","status-publish","format-standard","has-post-thumbnail","hentry","category-cronica"],"jetpack_featured_media_url":"https:\/\/i0.wp.com\/eltrabajo.cl\/portal\/wp-content\/uploads\/2014\/01\/Luis-Angel1.jpg?fit=528%2C389&ssl=1","jetpack_sharing_enabled":true,"jetpack_likes_enabled":true,"jetpack-related-posts":[],"_links":{"self":[{"href":"https:\/\/eltrabajo.cl\/portal\/wp-json\/wp\/v2\/posts\/42199","targetHints":{"allow":["GET"]}}],"collection":[{"href":"https:\/\/eltrabajo.cl\/portal\/wp-json\/wp\/v2\/posts"}],"about":[{"href":"https:\/\/eltrabajo.cl\/portal\/wp-json\/wp\/v2\/types\/post"}],"author":[{"embeddable":true,"href":"https:\/\/eltrabajo.cl\/portal\/wp-json\/wp\/v2\/users\/482"}],"replies":[{"embeddable":true,"href":"https:\/\/eltrabajo.cl\/portal\/wp-json\/wp\/v2\/comments?post=42199"}],"version-history":[{"count":0,"href":"https:\/\/eltrabajo.cl\/portal\/wp-json\/wp\/v2\/posts\/42199\/revisions"}],"wp:featuredmedia":[{"embeddable":true,"href":"https:\/\/eltrabajo.cl\/portal\/wp-json\/wp\/v2\/media\/42200"}],"wp:attachment":[{"href":"https:\/\/eltrabajo.cl\/portal\/wp-json\/wp\/v2\/media?parent=42199"}],"wp:term":[{"taxonomy":"category","embeddable":true,"href":"https:\/\/eltrabajo.cl\/portal\/wp-json\/wp\/v2\/categories?post=42199"},{"taxonomy":"post_tag","embeddable":true,"href":"https:\/\/eltrabajo.cl\/portal\/wp-json\/wp\/v2\/tags?post=42199"}],"curies":[{"name":"wp","href":"https:\/\/api.w.org\/{rel}","templated":true}]}}