{"id":42205,"date":"2014-01-21T09:42:08","date_gmt":"2014-01-21T12:42:08","guid":{"rendered":"http:\/\/www.eltrabajo.cl\/portal\/?p=42205"},"modified":"2014-01-21T09:42:08","modified_gmt":"2014-01-21T12:42:08","slug":"con-paseo-de-carros-alegoricos-este-sabado-celebran-fiesta-de-la-primavera","status":"publish","type":"post","link":"https:\/\/eltrabajo.cl\/portal\/con-paseo-de-carros-alegoricos-este-sabado-celebran-fiesta-de-la-primavera\/","title":{"rendered":"Con paseo de carros aleg\u00f3ricos este s\u00e1bado celebran Fiesta de la Primavera"},"content":{"rendered":"<figure id=\"attachment_42206\" aria-describedby=\"caption-attachment-42206\" style=\"width: 529px\" class=\"wp-caption alignnone\"><a href=\"https:\/\/i0.wp.com\/www.eltrabajo.cl\/portal\/wp-content\/uploads\/2014\/01\/Fiesta-de-la-Primavera.jpg\"><img data-recalc-dims=\"1\" loading=\"lazy\" decoding=\"async\" class=\"size-full wp-image-42206\" title=\"Este s\u00e1bado se reeditar\u00e1 una vez m\u00e1s la antigua y tradicional Fiesta de la Primavera en San Felipe.\" alt=\"Este s\u00e1bado se reeditar\u00e1 una vez m\u00e1s la antigua y tradicional Fiesta de la Primavera en San Felipe.\" src=\"https:\/\/i0.wp.com\/www.eltrabajo.cl\/portal\/wp-content\/uploads\/2014\/01\/Fiesta-de-la-Primavera.jpg?resize=529%2C354\" width=\"529\" height=\"354\" srcset=\"https:\/\/i0.wp.com\/eltrabajo.cl\/portal\/wp-content\/uploads\/2014\/01\/Fiesta-de-la-Primavera.jpg?w=529&amp;ssl=1 529w, https:\/\/i0.wp.com\/eltrabajo.cl\/portal\/wp-content\/uploads\/2014\/01\/Fiesta-de-la-Primavera.jpg?resize=200%2C133&amp;ssl=1 200w, https:\/\/i0.wp.com\/eltrabajo.cl\/portal\/wp-content\/uploads\/2014\/01\/Fiesta-de-la-Primavera.jpg?resize=300%2C200&amp;ssl=1 300w, https:\/\/i0.wp.com\/eltrabajo.cl\/portal\/wp-content\/uploads\/2014\/01\/Fiesta-de-la-Primavera.jpg?resize=150%2C100&amp;ssl=1 150w, https:\/\/i0.wp.com\/eltrabajo.cl\/portal\/wp-content\/uploads\/2014\/01\/Fiesta-de-la-Primavera.jpg?resize=400%2C267&amp;ssl=1 400w\" sizes=\"auto, (max-width: 529px) 100vw, 529px\" \/><\/a><figcaption id=\"caption-attachment-42206\" class=\"wp-caption-text\">Este s\u00e1bado se reeditar\u00e1 una vez m\u00e1s la antigua y tradicional Fiesta de la Primavera en San Felipe.<\/figcaption><\/figure>\n<p>Este s\u00e1bado 25 de enero, el centro de San Felipe vivir\u00e1 una nueva versi\u00f3n de la Fiesta de la Primavera, cuando los carros aleg\u00f3ricos que han sido confeccionados por distintas organizaciones sociales, recorran las calles de la comuna.<\/p>\n<p>Este s\u00e1bado se realizar\u00e1 una nueva versi\u00f3n de la Fiesta de la Primavera y en ella participar\u00e1n varios carros aleg\u00f3ricos, que entre los confirmados cuenta al sector de La Troya, La Quebrada, El Asiento y un grupo de motoqueros, todos muy motivados por participar en esta actividad que hace a\u00f1os se realizaba en la comuna.<\/p>\n<p>\u201cLos carros tienen sus bases del concurso y est\u00e1n las bases de la elecci\u00f3n de reina, esto parti\u00f3 solamente con un tema de actividades de la reina que tiene que ver con visitar hogares de ancianos, clubes de adulto mayor, jardines infantiles, escuelas, prensa y radio y eso va sumando puntos y tenemos un jurado compuesto por tres personas\u201d, dijo Alicia Nicloux, asistente social del Departamento de Desarrollo Comunitario.<\/p>\n<p>La actividad comenzar\u00e1 a las 18 horas y la invitaci\u00f3n es a todos los vecinos a acercarse al sector c\u00e9ntrico de la comuna a disfrutar de esta fiesta sanfelipe\u00f1a y que busca rescatar las tradiciones de la ciudad.<\/p>\n<p>\u201cLos carros son realmente bonitos y estamos rescatando la Fiesta de la Primavera que hace muchos a\u00f1os atr\u00e1s se hac\u00eda y se tiraba la casa por la ventana\u201d, record\u00f3 Nicloux.<\/p>\n<p>&nbsp;<\/p>\n","protected":false},"excerpt":{"rendered":"<p>Este s\u00e1bado 25 de enero, el centro de San Felipe vivir\u00e1 una nueva versi\u00f3n de la Fiesta de la Primavera, cuando los carros aleg\u00f3ricos que han sido confeccionados por distintas organizaciones sociales,&#8230;<\/p>\n","protected":false},"author":482,"featured_media":42206,"comment_status":"open","ping_status":"closed","sticky":false,"template":"","format":"standard","meta":{"advanced_seo_description":"","jetpack_seo_html_title":"","jetpack_seo_noindex":false,"_jetpack_memberships_contains_paid_content":false,"footnotes":""},"categories":[1],"tags":[],"class_list":["post-42205","post","type-post","status-publish","format-standard","has-post-thumbnail","hentry","category-cronica"],"jetpack_featured_media_url":"https:\/\/i0.wp.com\/eltrabajo.cl\/portal\/wp-content\/uploads\/2014\/01\/Fiesta-de-la-Primavera.jpg?fit=529%2C354&ssl=1","jetpack_sharing_enabled":true,"jetpack_likes_enabled":true,"jetpack-related-posts":[],"_links":{"self":[{"href":"https:\/\/eltrabajo.cl\/portal\/wp-json\/wp\/v2\/posts\/42205","targetHints":{"allow":["GET"]}}],"collection":[{"href":"https:\/\/eltrabajo.cl\/portal\/wp-json\/wp\/v2\/posts"}],"about":[{"href":"https:\/\/eltrabajo.cl\/portal\/wp-json\/wp\/v2\/types\/post"}],"author":[{"embeddable":true,"href":"https:\/\/eltrabajo.cl\/portal\/wp-json\/wp\/v2\/users\/482"}],"replies":[{"embeddable":true,"href":"https:\/\/eltrabajo.cl\/portal\/wp-json\/wp\/v2\/comments?post=42205"}],"version-history":[{"count":0,"href":"https:\/\/eltrabajo.cl\/portal\/wp-json\/wp\/v2\/posts\/42205\/revisions"}],"wp:featuredmedia":[{"embeddable":true,"href":"https:\/\/eltrabajo.cl\/portal\/wp-json\/wp\/v2\/media\/42206"}],"wp:attachment":[{"href":"https:\/\/eltrabajo.cl\/portal\/wp-json\/wp\/v2\/media?parent=42205"}],"wp:term":[{"taxonomy":"category","embeddable":true,"href":"https:\/\/eltrabajo.cl\/portal\/wp-json\/wp\/v2\/categories?post=42205"},{"taxonomy":"post_tag","embeddable":true,"href":"https:\/\/eltrabajo.cl\/portal\/wp-json\/wp\/v2\/tags?post=42205"}],"curies":[{"name":"wp","href":"https:\/\/api.w.org\/{rel}","templated":true}]}}