{"id":42219,"date":"2014-01-21T09:51:28","date_gmt":"2014-01-21T12:51:28","guid":{"rendered":"http:\/\/www.eltrabajo.cl\/portal\/?p=42219"},"modified":"2014-01-21T09:51:28","modified_gmt":"2014-01-21T12:51:28","slug":"caso-de-bebe-presuntamente-violada-quedo-finalmente-aclarado","status":"publish","type":"post","link":"https:\/\/eltrabajo.cl\/portal\/caso-de-bebe-presuntamente-violada-quedo-finalmente-aclarado\/","title":{"rendered":"Caso de beb\u00e9 presuntamente violada qued\u00f3 finalmente aclarado"},"content":{"rendered":"<figure id=\"attachment_42220\" aria-describedby=\"caption-attachment-42220\" style=\"width: 528px\" class=\"wp-caption alignnone\"><a href=\"https:\/\/i0.wp.com\/www.eltrabajo.cl\/portal\/wp-content\/uploads\/2014\/01\/PDI-1.jpg\"><img data-recalc-dims=\"1\" loading=\"lazy\" decoding=\"async\" class=\"size-full wp-image-42220\" title=\"TRAS LA VERDAD.- Tras una investigaci\u00f3n profesional realizada por la PDI, se logr\u00f3 especificar cu\u00e1les eran las razones del sangrado vaginal de la menor, misma que se presum\u00eda era v\u00edctima de una violaci\u00f3n. (Archivo).\" alt=\"TRAS LA VERDAD.- Tras una investigaci\u00f3n profesional realizada por la PDI, se logr\u00f3 especificar cu\u00e1les eran las razones del sangrado vaginal de la menor, misma que se presum\u00eda era v\u00edctima de una violaci\u00f3n. (Archivo).\" src=\"https:\/\/i0.wp.com\/www.eltrabajo.cl\/portal\/wp-content\/uploads\/2014\/01\/PDI-1.jpg?resize=528%2C355\" width=\"528\" height=\"355\" srcset=\"https:\/\/i0.wp.com\/eltrabajo.cl\/portal\/wp-content\/uploads\/2014\/01\/PDI-1.jpg?w=528&amp;ssl=1 528w, https:\/\/i0.wp.com\/eltrabajo.cl\/portal\/wp-content\/uploads\/2014\/01\/PDI-1.jpg?resize=200%2C134&amp;ssl=1 200w, https:\/\/i0.wp.com\/eltrabajo.cl\/portal\/wp-content\/uploads\/2014\/01\/PDI-1.jpg?resize=300%2C201&amp;ssl=1 300w, https:\/\/i0.wp.com\/eltrabajo.cl\/portal\/wp-content\/uploads\/2014\/01\/PDI-1.jpg?resize=150%2C100&amp;ssl=1 150w, https:\/\/i0.wp.com\/eltrabajo.cl\/portal\/wp-content\/uploads\/2014\/01\/PDI-1.jpg?resize=400%2C268&amp;ssl=1 400w\" sizes=\"auto, (max-width: 528px) 100vw, 528px\" \/><\/a><figcaption id=\"caption-attachment-42220\" class=\"wp-caption-text\">TRAS LA VERDAD.- Tras una investigaci\u00f3n profesional realizada por la PDI, se logr\u00f3 especificar cu\u00e1les eran las razones del sangrado vaginal de la menor, misma que se presum\u00eda era v\u00edctima de una violaci\u00f3n. (Archivo).<\/figcaption><\/figure>\n<p>\u2018Cuando el r\u00edo suena, piedras trae\u2019, dice el viejo refr\u00e1n. Y es que esa sabia frase popular es la que se pod\u00eda aplicar en el caso denunciado por Diario El Trabajo la semana pasada, en torno a una ni\u00f1a de once meses de vida atendida el viernes 10 de enero en uno de los pabellones, menor que presentaba s\u00edntomas muy graves en los que se confirmaba la emanaci\u00f3n de un l\u00edquido negro y viscoso, y hasta sangrado tambi\u00e9n, por sus genitales y el ano, situaci\u00f3n que conmovi\u00f3 a personal del establecimiento que pens\u00f3 se trataba de una violaci\u00f3n.<\/p>\n<figure id=\"attachment_42221\" aria-describedby=\"caption-attachment-42221\" style=\"width: 222px\" class=\"wp-caption alignright\"><a href=\"https:\/\/i0.wp.com\/www.eltrabajo.cl\/portal\/wp-content\/uploads\/2014\/01\/Ernesto-Leon.jpg\"><img data-recalc-dims=\"1\" loading=\"lazy\" decoding=\"async\" class=\" wp-image-42221  \" title=\"Comisario Jefe de la Brigada de Delitos Sexuales de la PDI de Los Andes, Ernesto Le\u00f3n.\" alt=\"Comisario Jefe de la Brigada de Delitos Sexuales de la PDI de Los Andes, Ernesto Le\u00f3n.\" src=\"https:\/\/i0.wp.com\/www.eltrabajo.cl\/portal\/wp-content\/uploads\/2014\/01\/Ernesto-Leon.jpg?resize=222%2C237\" width=\"222\" height=\"237\" srcset=\"https:\/\/i0.wp.com\/eltrabajo.cl\/portal\/wp-content\/uploads\/2014\/01\/Ernesto-Leon.jpg?w=529&amp;ssl=1 529w, https:\/\/i0.wp.com\/eltrabajo.cl\/portal\/wp-content\/uploads\/2014\/01\/Ernesto-Leon.jpg?resize=140%2C150&amp;ssl=1 140w, https:\/\/i0.wp.com\/eltrabajo.cl\/portal\/wp-content\/uploads\/2014\/01\/Ernesto-Leon.jpg?resize=281%2C300&amp;ssl=1 281w, https:\/\/i0.wp.com\/eltrabajo.cl\/portal\/wp-content\/uploads\/2014\/01\/Ernesto-Leon.jpg?resize=400%2C426&amp;ssl=1 400w\" sizes=\"auto, (max-width: 222px) 100vw, 222px\" \/><\/a><figcaption id=\"caption-attachment-42221\" class=\"wp-caption-text\">Comisario Jefe de la Brigada de Delitos Sexuales de la PDI de Los Andes, Ernesto Le\u00f3n.<\/figcaption><\/figure>\n<p>En Diario El Trabajo luego que la Jefatura del Hospital San Camilo y tras consultas a esa instituci\u00f3n sobre si el tema denunciado por nosotros podr\u00eda obedecer eventualmente a un caso infeccioso, y no a una violaci\u00f3n, pero en el que los s\u00edntomas coincidieran con los descritos por la funcionaria que habl\u00f3 con nuestro medio, ante lo que, de manera curiosa, en el Hospital San Camilo prefirieron simplemente negar \u2018categ\u00f3ricamente\u2019 la informaci\u00f3n, sin aclararla ni rectificarla, en circunstancias que nuestras consultas apuntaban precisamente a un caso por violaci\u00f3n u otro que implicara los s\u00edntomas en una beb\u00e9 de once meses sangrando, s\u00edntomas que se pudieran confundir con otra cosa, a lo que no hubo respuesta, investigamos infructuosamente en el San Camilo.<\/p>\n<p><strong>INTERVIENE LA PDI<\/strong><\/p>\n<p>As\u00ed las cosas, la PDI inici\u00f3 una exhaustiva investigaci\u00f3n para determinar si exist\u00eda o no un caso de violaci\u00f3n o en su defecto, alguna evidencia que explicara la existencia de una beb\u00e9 con sangrados vaginales, a lo que finalmente el Comisario Jefe de la Brigada de Delitos Sexuales de la PDI de Los Andes, Ernesto Le\u00f3n, aclar\u00f3 que luego que Diario El Trabajo publicara \u201cinformaci\u00f3n sobre una posible violaci\u00f3n a una beb\u00e9 de once meses y que no tuvi\u00e9ramos denuncia conocida del caso, la Fiscal\u00eda nos ordena iniciar una investigaci\u00f3n, de la misma se desprende que efectivamente el viernes 10 de enero ingres\u00f3 al Hospital San Camilo una beb\u00e9 de once meses, con sangrado vaginal y tambi\u00e9n anal, pero que dichos s\u00edntomas no eran producto de alg\u00fan abuso sexual, sino de una introvaginitis, un proceso inflamatorio de la mucosa vaginal que por lo general suele acompa\u00f1arse de un aumento en la secreci\u00f3n vaginal\u00bb, aclar\u00f3 Le\u00f3n.<\/p>\n<p>Luego que la cirujano pediatra observ\u00f3 la dilataci\u00f3n de la vagina y ano de la ni\u00f1a, hizo la respectiva consulta al Doctor Varela, Jefe M\u00e9dico que confirm\u00f3 que la misma era causa de los efectos de la anestesia a la menor.<\/p>\n<p>\u00ab\u2026una de las funcionarias del personal m\u00e9dico habr\u00eda confundido todos estos s\u00edntomas con una posible violaci\u00f3n, lo que queda descartado tras nuestra investigaci\u00f3n\u2026\u00bb, agregar\u00eda el Comisario Le\u00f3n.<\/p>\n<p>Seg\u00fan este funcionario, la beb\u00e9 fue intervenida quir\u00fargicamente por dicha infecci\u00f3n, la cual le hab\u00eda inflamado su abdomen peligrosamente.<\/p>\n<p>Roberto Gonz\u00e1lez Short<\/p>\n<p>rgonzalez@eltrabajo.cl<\/p>\n<p>&nbsp;<\/p>\n","protected":false},"excerpt":{"rendered":"<p>\u2018Cuando el r\u00edo suena, piedras trae\u2019, dice el viejo refr\u00e1n. Y es que esa sabia frase popular es la que se pod\u00eda aplicar en el caso denunciado por Diario El Trabajo la&#8230;<\/p>\n","protected":false},"author":482,"featured_media":42220,"comment_status":"open","ping_status":"closed","sticky":false,"template":"","format":"standard","meta":{"advanced_seo_description":"","jetpack_seo_html_title":"","jetpack_seo_noindex":false,"_jetpack_memberships_contains_paid_content":false,"footnotes":""},"categories":[1],"tags":[],"class_list":["post-42219","post","type-post","status-publish","format-standard","has-post-thumbnail","hentry","category-cronica"],"jetpack_featured_media_url":"https:\/\/i0.wp.com\/eltrabajo.cl\/portal\/wp-content\/uploads\/2014\/01\/PDI-1.jpg?fit=528%2C355&ssl=1","jetpack_sharing_enabled":true,"jetpack_likes_enabled":true,"jetpack-related-posts":[],"_links":{"self":[{"href":"https:\/\/eltrabajo.cl\/portal\/wp-json\/wp\/v2\/posts\/42219","targetHints":{"allow":["GET"]}}],"collection":[{"href":"https:\/\/eltrabajo.cl\/portal\/wp-json\/wp\/v2\/posts"}],"about":[{"href":"https:\/\/eltrabajo.cl\/portal\/wp-json\/wp\/v2\/types\/post"}],"author":[{"embeddable":true,"href":"https:\/\/eltrabajo.cl\/portal\/wp-json\/wp\/v2\/users\/482"}],"replies":[{"embeddable":true,"href":"https:\/\/eltrabajo.cl\/portal\/wp-json\/wp\/v2\/comments?post=42219"}],"version-history":[{"count":0,"href":"https:\/\/eltrabajo.cl\/portal\/wp-json\/wp\/v2\/posts\/42219\/revisions"}],"wp:featuredmedia":[{"embeddable":true,"href":"https:\/\/eltrabajo.cl\/portal\/wp-json\/wp\/v2\/media\/42220"}],"wp:attachment":[{"href":"https:\/\/eltrabajo.cl\/portal\/wp-json\/wp\/v2\/media?parent=42219"}],"wp:term":[{"taxonomy":"category","embeddable":true,"href":"https:\/\/eltrabajo.cl\/portal\/wp-json\/wp\/v2\/categories?post=42219"},{"taxonomy":"post_tag","embeddable":true,"href":"https:\/\/eltrabajo.cl\/portal\/wp-json\/wp\/v2\/tags?post=42219"}],"curies":[{"name":"wp","href":"https:\/\/api.w.org\/{rel}","templated":true}]}}