{"id":42235,"date":"2014-01-22T09:34:50","date_gmt":"2014-01-22T12:34:50","guid":{"rendered":"http:\/\/www.eltrabajo.cl\/portal\/?p=42235"},"modified":"2014-01-22T09:34:50","modified_gmt":"2014-01-22T12:34:50","slug":"inauguran-centros-para-hijos-de-mujeres-temporeras-en-san-felipe","status":"publish","type":"post","link":"https:\/\/eltrabajo.cl\/portal\/inauguran-centros-para-hijos-de-mujeres-temporeras-en-san-felipe\/","title":{"rendered":"Inauguran centros para hijos de mujeres temporeras en San Felipe"},"content":{"rendered":"<figure id=\"attachment_42236\" aria-describedby=\"caption-attachment-42236\" style=\"width: 528px\" class=\"wp-caption alignnone\"><a href=\"https:\/\/i0.wp.com\/www.eltrabajo.cl\/portal\/wp-content\/uploads\/2014\/01\/Visita1.jpg\"><img data-recalc-dims=\"1\" loading=\"lazy\" decoding=\"async\" class=\"size-full wp-image-42236\" title=\"El Alcalde Freire pudo compartir con los ni\u00f1os que asisten a esta escuela, quienes  presentaron distintos cuadros de baile, deporte y karate, mostrando algunas de las actividades que realizan d\u00eda a d\u00eda  \" alt=\"El Alcalde Freire pudo compartir con los ni\u00f1os que asisten a esta escuela, quienes  presentaron distintos cuadros de baile, deporte y karate, mostrando algunas de las actividades que realizan d\u00eda a d\u00eda  \" src=\"https:\/\/i0.wp.com\/www.eltrabajo.cl\/portal\/wp-content\/uploads\/2014\/01\/Visita1.jpg?resize=528%2C264\" width=\"528\" height=\"264\" srcset=\"https:\/\/i0.wp.com\/eltrabajo.cl\/portal\/wp-content\/uploads\/2014\/01\/Visita1.jpg?w=528&amp;ssl=1 528w, https:\/\/i0.wp.com\/eltrabajo.cl\/portal\/wp-content\/uploads\/2014\/01\/Visita1.jpg?resize=200%2C100&amp;ssl=1 200w, https:\/\/i0.wp.com\/eltrabajo.cl\/portal\/wp-content\/uploads\/2014\/01\/Visita1.jpg?resize=300%2C150&amp;ssl=1 300w, https:\/\/i0.wp.com\/eltrabajo.cl\/portal\/wp-content\/uploads\/2014\/01\/Visita1.jpg?resize=150%2C75&amp;ssl=1 150w, https:\/\/i0.wp.com\/eltrabajo.cl\/portal\/wp-content\/uploads\/2014\/01\/Visita1.jpg?resize=400%2C200&amp;ssl=1 400w\" sizes=\"auto, (max-width: 528px) 100vw, 528px\" \/><\/a><figcaption id=\"caption-attachment-42236\" class=\"wp-caption-text\">El Alcalde Freire pudo compartir con los ni\u00f1os que asisten a esta escuela, quienes presentaron distintos cuadros de baile, deporte y karate, mostrando algunas de las actividades que realizan d\u00eda a d\u00eda<\/figcaption><\/figure>\n<p>Hasta la Escuela Bernardo O\u00b4Higgins se traslad\u00f3 el Alcalde Patricio Freire, junto a la Seremi de Desarrollo Social, Mar\u00eda de los \u00c1ngeles de la Paz y la Gobernadora Provincial Patricia Boffa, para inaugurar los centros para hijos de mujeres temporeras. La ceremonia fue realizada en esa escuela, uno de los cuatro centros con que cuenta San Felipe este a\u00f1o, los que en conjunto suman una cobertura de 160 ni\u00f1os y ni\u00f1as. Durante la visita, las autoridades compartieron con los ni\u00f1os y ni\u00f1as que asisten diariamente a este centro, quienes presentaron un acto con las actividades que realizan junto a los monitores, es as\u00ed que algunas de las ni\u00f1as presentaron un entretenido baile, otros ni\u00f1os un cuadro de gimnasia y el resto de los peque\u00f1os una demostraci\u00f3n de karate, donde adem\u00e1s se les ense\u00f1\u00f3 a defenderse en caso de vivir una situaci\u00f3n compleja.<\/p>\n<p>El Alcalde Freire destac\u00f3 la realizaci\u00f3n de esta actividad, la que tiene como objetivo ser una opci\u00f3n real para los ni\u00f1os cuyas madres se encuentran trabajando en la temporada agr\u00edcola. Esta no es una extensi\u00f3n del colegio, por lo que diariamente los ni\u00f1os disfrutan de distintas actividades, juegan, dibujan y reciben las tres comidas diarias necesarias y que son balanceadas.<\/p>\n<p>\u00abLas mam\u00e1 temporeras pueden estar tranquilas en sus trabajos, ellas nos entregan la confianza en estos equipos que cuidan y entretienen a los ni\u00f1os, donde tienen toda la alimentaci\u00f3n. Este a\u00f1o son cuatro centros con alrededor de 160 ni\u00f1os beneficiados y para nosotros es un gran logro tener un centro m\u00e1s este a\u00f1o, en el sector de El Asiento, donde la comunidad est\u00e1 muy contenta\u00bb, dijo el Alcalde Freire.<\/p>\n","protected":false},"excerpt":{"rendered":"<p>Hasta la Escuela Bernardo O\u00b4Higgins se traslad\u00f3 el Alcalde Patricio Freire, junto a la Seremi de Desarrollo Social, Mar\u00eda de los \u00c1ngeles de la Paz y la Gobernadora Provincial Patricia Boffa, para&#8230;<\/p>\n","protected":false},"author":482,"featured_media":42236,"comment_status":"open","ping_status":"closed","sticky":false,"template":"","format":"standard","meta":{"advanced_seo_description":"","jetpack_seo_html_title":"","jetpack_seo_noindex":false,"_jetpack_memberships_contains_paid_content":false,"footnotes":""},"categories":[15],"tags":[],"class_list":["post-42235","post","type-post","status-publish","format-standard","has-post-thumbnail","hentry","category-comunidad"],"jetpack_featured_media_url":"https:\/\/i0.wp.com\/eltrabajo.cl\/portal\/wp-content\/uploads\/2014\/01\/Visita1.jpg?fit=528%2C264&ssl=1","jetpack_sharing_enabled":true,"jetpack_likes_enabled":true,"jetpack-related-posts":[],"_links":{"self":[{"href":"https:\/\/eltrabajo.cl\/portal\/wp-json\/wp\/v2\/posts\/42235","targetHints":{"allow":["GET"]}}],"collection":[{"href":"https:\/\/eltrabajo.cl\/portal\/wp-json\/wp\/v2\/posts"}],"about":[{"href":"https:\/\/eltrabajo.cl\/portal\/wp-json\/wp\/v2\/types\/post"}],"author":[{"embeddable":true,"href":"https:\/\/eltrabajo.cl\/portal\/wp-json\/wp\/v2\/users\/482"}],"replies":[{"embeddable":true,"href":"https:\/\/eltrabajo.cl\/portal\/wp-json\/wp\/v2\/comments?post=42235"}],"version-history":[{"count":0,"href":"https:\/\/eltrabajo.cl\/portal\/wp-json\/wp\/v2\/posts\/42235\/revisions"}],"wp:featuredmedia":[{"embeddable":true,"href":"https:\/\/eltrabajo.cl\/portal\/wp-json\/wp\/v2\/media\/42236"}],"wp:attachment":[{"href":"https:\/\/eltrabajo.cl\/portal\/wp-json\/wp\/v2\/media?parent=42235"}],"wp:term":[{"taxonomy":"category","embeddable":true,"href":"https:\/\/eltrabajo.cl\/portal\/wp-json\/wp\/v2\/categories?post=42235"},{"taxonomy":"post_tag","embeddable":true,"href":"https:\/\/eltrabajo.cl\/portal\/wp-json\/wp\/v2\/tags?post=42235"}],"curies":[{"name":"wp","href":"https:\/\/api.w.org\/{rel}","templated":true}]}}