{"id":42238,"date":"2014-01-22T09:36:26","date_gmt":"2014-01-22T12:36:26","guid":{"rendered":"http:\/\/www.eltrabajo.cl\/portal\/?p=42238"},"modified":"2014-01-22T09:36:26","modified_gmt":"2014-01-22T12:36:26","slug":"el-deporte-une-a-jovenes-en-intercambio-cultural-entre-chilenos-y-brasileros","status":"publish","type":"post","link":"https:\/\/eltrabajo.cl\/portal\/el-deporte-une-a-jovenes-en-intercambio-cultural-entre-chilenos-y-brasileros\/","title":{"rendered":"El deporte une a j\u00f3venes en intercambio cultural entre chilenos y brasileros"},"content":{"rendered":"<figure id=\"attachment_42239\" aria-describedby=\"caption-attachment-42239\" style=\"width: 529px\" class=\"wp-caption alignnone\"><a href=\"https:\/\/i0.wp.com\/www.eltrabajo.cl\/portal\/wp-content\/uploads\/2014\/01\/InterCultura1.jpg\"><img data-recalc-dims=\"1\" loading=\"lazy\" decoding=\"async\" class=\"size-full wp-image-42239\" title=\"AMISTAD.- Ellos son los 40 j\u00f3venes brasileiros que participan de una instancia de intercambio deportivo y cultural con chilenos de la provincia.\" alt=\"AMISTAD.- Ellos son los 40 j\u00f3venes brasileiros que participan de una instancia de intercambio deportivo y cultural con chilenos de la provincia.\" src=\"https:\/\/i0.wp.com\/www.eltrabajo.cl\/portal\/wp-content\/uploads\/2014\/01\/InterCultura1.jpg?resize=529%2C260\" width=\"529\" height=\"260\" srcset=\"https:\/\/i0.wp.com\/eltrabajo.cl\/portal\/wp-content\/uploads\/2014\/01\/InterCultura1.jpg?w=529&amp;ssl=1 529w, https:\/\/i0.wp.com\/eltrabajo.cl\/portal\/wp-content\/uploads\/2014\/01\/InterCultura1.jpg?resize=200%2C98&amp;ssl=1 200w, https:\/\/i0.wp.com\/eltrabajo.cl\/portal\/wp-content\/uploads\/2014\/01\/InterCultura1.jpg?resize=300%2C147&amp;ssl=1 300w, https:\/\/i0.wp.com\/eltrabajo.cl\/portal\/wp-content\/uploads\/2014\/01\/InterCultura1.jpg?resize=150%2C73&amp;ssl=1 150w, https:\/\/i0.wp.com\/eltrabajo.cl\/portal\/wp-content\/uploads\/2014\/01\/InterCultura1.jpg?resize=400%2C196&amp;ssl=1 400w\" sizes=\"auto, (max-width: 529px) 100vw, 529px\" \/><\/a><figcaption id=\"caption-attachment-42239\" class=\"wp-caption-text\">AMISTAD.- Ellos son los 40 j\u00f3venes brasileiros que participan de una instancia de intercambio deportivo y cultural con chilenos de la provincia.<\/figcaption><\/figure>\n<p><strong>SANTA MAR\u00cdA.-<\/strong> Una interesante iniciativa que ya lleva repiti\u00e9ndose hace diez a\u00f1os, se lleva a cabo en Los Andes, donde un grupo de m\u00e1s de 40 j\u00f3venes brasileiros participan de una instancia de intercambio deportivo y cultural con chilenos de la provincia. Roberto Vicente Do Nacimento, es el encargado de seleccionar, coordinar y liderar el grupo desde ya hace diez a\u00f1os y para \u00e9l, esta actividad ha tra\u00eddo innumerables beneficios que ya se pueden considerar evidentes y cotidianos, \u00ablos beneficios no son s\u00f3lo el intercambio en las competencias deportivas, sino que tambi\u00e9n culturales. Ya existen muchas familias que han mantenido un contacto cercano a trav\u00e9s de sus hijos que se han conocido en estos viajes de intercambio. El desarrollo de la interculturalidad est\u00e1 incluso en la comida, ya que aqu\u00ed nuestros j\u00f3venes deben comer comidas chilenas y conocerlas tambi\u00e9n\u00bb, coment\u00f3 Do Nacimento.<\/p>\n<p>Seg\u00fan el brasileiro, en estos diez a\u00f1os ha habido un intercambio de m\u00e1s de 3.000 j\u00f3venes entre ambos pa\u00edses y si se suman las iniciativas de ciudades aleda\u00f1as a Sao Sebastiao, ciudad de la cual procede el grupo actual, la cifra f\u00e1cilmente sobrepasa los 10.000. Es importante destacar que muchos j\u00f3venes despu\u00e9s de participar en el intercambio, han decidido estudiar sus carreras profesionales en ese pa\u00eds y viceversa con los brasileiros, que han terminado estudiando en universidades chilenas. Entre los organizadores chilenos de esta iniciativa est\u00e1 el Profesor Juan Luis Rojas que junto a Juan Montenegro Gonz\u00e1lez, son los organizadores del proyecto de intercambio con Brasil como contraparte a la gesti\u00f3n brasile\u00f1a.<\/p>\n<p>\u00abEstoy completamente convencido que la influencia de los brasileiros y su cultura deportiva, han motivado a la provincia de Los Andes, especialmente Calle Larga, a levantar su nivel. Se puede destacar la Escuela de la Pampilla que lleg\u00f3 a estar en segundo lugar a nivel de la Quinta Regi\u00f3n en este tipo de competencias\u00bb, dijo Rojas.<\/p>\n<p>Una de las quejas del profesor, es la falta de apoyo del gobierno local y regional en este campeonato, ya que es pr\u00e1cticamente financiado por cuatro particulares, por Codelco en alguna medida y el apoyo de Patricio Cornejo del Liceo Mixto, quien es un incondicional aporte, prestando las instalaciones del Liceo Mixto como alojamiento mientras visitan los brasileiros y el apoyo de los Hermanos Zenteno, quienes son otro parte importante, en conjunto con el Colegio San Jos\u00e9 de Los Andes.<\/p>\n<p>Una de las historias bonitas, es la de la Familia Brice\u00f1o Cort\u00e9s, quienes desinteresadamente se encargan de preparar la alimentaci\u00f3n para los j\u00f3venes presentando verdadera comida gourmet a estos j\u00f3venes, y particularmente a Basti\u00e1n Brice\u00f1o, un joven que particip\u00f3 de los intercambios y ya corona con casi doce meses un pololeo con la brasile\u00f1a, Dalila de Souza, siendo un ejemplo palpable de la profunda relaci\u00f3n intercultural que puede darse con iniciativas como estas.<\/p>\n<p>Roberto Mercado Aced.<\/p>\n","protected":false},"excerpt":{"rendered":"<p>SANTA MAR\u00cdA.- Una interesante iniciativa que ya lleva repiti\u00e9ndose hace diez a\u00f1os, se lleva a cabo en Los Andes, donde un grupo de m\u00e1s de 40 j\u00f3venes brasileiros participan de una instancia&#8230;<\/p>\n","protected":false},"author":482,"featured_media":42239,"comment_status":"open","ping_status":"closed","sticky":false,"template":"","format":"standard","meta":{"advanced_seo_description":"","jetpack_seo_html_title":"","jetpack_seo_noindex":false,"_jetpack_memberships_contains_paid_content":false,"footnotes":""},"categories":[15],"tags":[],"class_list":["post-42238","post","type-post","status-publish","format-standard","has-post-thumbnail","hentry","category-comunidad"],"jetpack_featured_media_url":"https:\/\/i0.wp.com\/eltrabajo.cl\/portal\/wp-content\/uploads\/2014\/01\/InterCultura1.jpg?fit=529%2C260&ssl=1","jetpack_sharing_enabled":true,"jetpack_likes_enabled":true,"jetpack-related-posts":[],"_links":{"self":[{"href":"https:\/\/eltrabajo.cl\/portal\/wp-json\/wp\/v2\/posts\/42238","targetHints":{"allow":["GET"]}}],"collection":[{"href":"https:\/\/eltrabajo.cl\/portal\/wp-json\/wp\/v2\/posts"}],"about":[{"href":"https:\/\/eltrabajo.cl\/portal\/wp-json\/wp\/v2\/types\/post"}],"author":[{"embeddable":true,"href":"https:\/\/eltrabajo.cl\/portal\/wp-json\/wp\/v2\/users\/482"}],"replies":[{"embeddable":true,"href":"https:\/\/eltrabajo.cl\/portal\/wp-json\/wp\/v2\/comments?post=42238"}],"version-history":[{"count":0,"href":"https:\/\/eltrabajo.cl\/portal\/wp-json\/wp\/v2\/posts\/42238\/revisions"}],"wp:featuredmedia":[{"embeddable":true,"href":"https:\/\/eltrabajo.cl\/portal\/wp-json\/wp\/v2\/media\/42239"}],"wp:attachment":[{"href":"https:\/\/eltrabajo.cl\/portal\/wp-json\/wp\/v2\/media?parent=42238"}],"wp:term":[{"taxonomy":"category","embeddable":true,"href":"https:\/\/eltrabajo.cl\/portal\/wp-json\/wp\/v2\/categories?post=42238"},{"taxonomy":"post_tag","embeddable":true,"href":"https:\/\/eltrabajo.cl\/portal\/wp-json\/wp\/v2\/tags?post=42238"}],"curies":[{"name":"wp","href":"https:\/\/api.w.org\/{rel}","templated":true}]}}