{"id":42244,"date":"2014-01-22T09:39:12","date_gmt":"2014-01-22T12:39:12","guid":{"rendered":"http:\/\/www.eltrabajo.cl\/portal\/?p=42244"},"modified":"2014-01-22T09:39:12","modified_gmt":"2014-01-22T12:39:12","slug":"para-30-sanfelipenos-habra-trabajo-de-aseo-industrial-en-empresa-capitalina","status":"publish","type":"post","link":"https:\/\/eltrabajo.cl\/portal\/para-30-sanfelipenos-habra-trabajo-de-aseo-industrial-en-empresa-capitalina\/","title":{"rendered":"Para 30 sanfelipe\u00f1os habr\u00e1 trabajo de aseo industrial en empresa capitalina"},"content":{"rendered":"<figure id=\"attachment_42245\" aria-describedby=\"caption-attachment-42245\" style=\"width: 317px\" class=\"wp-caption alignleft\"><a href=\"https:\/\/i0.wp.com\/www.eltrabajo.cl\/portal\/wp-content\/uploads\/2014\/01\/Sabina-Castro.jpg\"><img data-recalc-dims=\"1\" loading=\"lazy\" decoding=\"async\" class=\" wp-image-42245 \" title=\"Gestora Territorial de Omil, Sabina Castro.\" alt=\"Gestora Territorial de Omil, Sabina Castro.\" src=\"https:\/\/i0.wp.com\/www.eltrabajo.cl\/portal\/wp-content\/uploads\/2014\/01\/Sabina-Castro.jpg?resize=317%2C211\" width=\"317\" height=\"211\" srcset=\"https:\/\/i0.wp.com\/eltrabajo.cl\/portal\/wp-content\/uploads\/2014\/01\/Sabina-Castro.jpg?w=528&amp;ssl=1 528w, https:\/\/i0.wp.com\/eltrabajo.cl\/portal\/wp-content\/uploads\/2014\/01\/Sabina-Castro.jpg?resize=200%2C133&amp;ssl=1 200w, https:\/\/i0.wp.com\/eltrabajo.cl\/portal\/wp-content\/uploads\/2014\/01\/Sabina-Castro.jpg?resize=300%2C200&amp;ssl=1 300w, https:\/\/i0.wp.com\/eltrabajo.cl\/portal\/wp-content\/uploads\/2014\/01\/Sabina-Castro.jpg?resize=150%2C100&amp;ssl=1 150w, https:\/\/i0.wp.com\/eltrabajo.cl\/portal\/wp-content\/uploads\/2014\/01\/Sabina-Castro.jpg?resize=400%2C266&amp;ssl=1 400w\" sizes=\"auto, (max-width: 317px) 100vw, 317px\" \/><\/a><figcaption id=\"caption-attachment-42245\" class=\"wp-caption-text\">Gestora Territorial de Omil, Sabina Castro.<\/figcaption><\/figure>\n<p>De unos 30 cupos dispone una prestigiosa empresa de aseo industrial, para quienes se interesen por desempe\u00f1arse en esta actividad en la ciudad de Santiago, ofertando un sueldo l\u00edquido de 270.000 pesos. La informaci\u00f3n la entreg\u00f3 la Gestora Territorial de Omil, Sabina Castro, quien se\u00f1al\u00f3 que la empresa realizar\u00e1 la selecci\u00f3n de personal este mi\u00e9rcoles 22 de enero, a las 17:00 horas, en dependencias de la Municipalidad de San Felipe, por lo que los interesados deben presentar su Curr\u00edculum Vitae, oportunidad en la que ser\u00e1n entrevistados por representantes de esta entidad.<\/p>\n<p>\u00abSon 30 las vacantes para trabajar en el \u00e1rea de aseo industrial en la ciudad de Santiago y las personas que sean seleccionadas, tendr\u00e1n derecho a colaci\u00f3n y movilizaci\u00f3n de San Felipe a la Regi\u00f3n Metropolitana\u00bb, se\u00f1al\u00f3 Castro. La funcionaria de Omil manifest\u00f3 que al trabajo pueden acceder hombres y mujeres, y si bien lo ideal es que tengan Cuarto Medio rendido, en caso de no cumplir este requisito, no ser\u00e1n excluidos.<\/p>\n<p>La entrevista se realizar\u00e1 en el Sal\u00f3n de Honor de la Municipalidad de San Felipe, ubicado en el segundo piso de la municipalidad, oportunidad en la que se dictar\u00e1 una charla a los interesados acerca de las caracter\u00edsticas de este trabajo.<\/p>\n","protected":false},"excerpt":{"rendered":"<p>De unos 30 cupos dispone una prestigiosa empresa de aseo industrial, para quienes se interesen por desempe\u00f1arse en esta actividad en la ciudad de Santiago, ofertando un sueldo l\u00edquido de 270.000 pesos&#8230;.<\/p>\n","protected":false},"author":482,"featured_media":42245,"comment_status":"open","ping_status":"closed","sticky":false,"template":"","format":"standard","meta":{"advanced_seo_description":"","jetpack_seo_html_title":"","jetpack_seo_noindex":false,"_jetpack_memberships_contains_paid_content":false,"footnotes":""},"categories":[1],"tags":[],"class_list":["post-42244","post","type-post","status-publish","format-standard","has-post-thumbnail","hentry","category-cronica"],"jetpack_featured_media_url":"https:\/\/i0.wp.com\/eltrabajo.cl\/portal\/wp-content\/uploads\/2014\/01\/Sabina-Castro.jpg?fit=528%2C352&ssl=1","jetpack_sharing_enabled":true,"jetpack_likes_enabled":true,"jetpack-related-posts":[],"_links":{"self":[{"href":"https:\/\/eltrabajo.cl\/portal\/wp-json\/wp\/v2\/posts\/42244","targetHints":{"allow":["GET"]}}],"collection":[{"href":"https:\/\/eltrabajo.cl\/portal\/wp-json\/wp\/v2\/posts"}],"about":[{"href":"https:\/\/eltrabajo.cl\/portal\/wp-json\/wp\/v2\/types\/post"}],"author":[{"embeddable":true,"href":"https:\/\/eltrabajo.cl\/portal\/wp-json\/wp\/v2\/users\/482"}],"replies":[{"embeddable":true,"href":"https:\/\/eltrabajo.cl\/portal\/wp-json\/wp\/v2\/comments?post=42244"}],"version-history":[{"count":0,"href":"https:\/\/eltrabajo.cl\/portal\/wp-json\/wp\/v2\/posts\/42244\/revisions"}],"wp:featuredmedia":[{"embeddable":true,"href":"https:\/\/eltrabajo.cl\/portal\/wp-json\/wp\/v2\/media\/42245"}],"wp:attachment":[{"href":"https:\/\/eltrabajo.cl\/portal\/wp-json\/wp\/v2\/media?parent=42244"}],"wp:term":[{"taxonomy":"category","embeddable":true,"href":"https:\/\/eltrabajo.cl\/portal\/wp-json\/wp\/v2\/categories?post=42244"},{"taxonomy":"post_tag","embeddable":true,"href":"https:\/\/eltrabajo.cl\/portal\/wp-json\/wp\/v2\/tags?post=42244"}],"curies":[{"name":"wp","href":"https:\/\/api.w.org\/{rel}","templated":true}]}}