{"id":42248,"date":"2014-01-22T09:40:31","date_gmt":"2014-01-22T12:40:31","guid":{"rendered":"http:\/\/www.eltrabajo.cl\/portal\/?p=42248"},"modified":"2014-01-22T09:40:31","modified_gmt":"2014-01-22T12:40:31","slug":"municipales-se-reunen-con-profesionales-del-programa-de-recuperacion-de-barrios","status":"publish","type":"post","link":"https:\/\/eltrabajo.cl\/portal\/municipales-se-reunen-con-profesionales-del-programa-de-recuperacion-de-barrios\/","title":{"rendered":"Municipales se re\u00fanen con profesionales del Programa de Recuperaci\u00f3n de Barrios"},"content":{"rendered":"<figure id=\"attachment_42249\" aria-describedby=\"caption-attachment-42249\" style=\"width: 528px\" class=\"wp-caption alignnone\"><a href=\"https:\/\/i0.wp.com\/www.eltrabajo.cl\/portal\/wp-content\/uploads\/2014\/01\/Reunion1.jpg\"><img data-recalc-dims=\"1\" loading=\"lazy\" decoding=\"async\" class=\"size-full wp-image-42249\" title=\"Los equipos de trabajo de la Municipalidad de San Felipe y del Programa de Recuperaci\u00f3n de Barrios del Ministerio de Vivienda, se reunieron para definir en d\u00f3nde enfocar el trabajo durante el a\u00f1o 2014.\" alt=\"Los equipos de trabajo de la Municipalidad de San Felipe y del Programa de Recuperaci\u00f3n de Barrios del Ministerio de Vivienda, se reunieron para definir en d\u00f3nde enfocar el trabajo durante el a\u00f1o 2014.\" src=\"https:\/\/i0.wp.com\/www.eltrabajo.cl\/portal\/wp-content\/uploads\/2014\/01\/Reunion1.jpg?resize=528%2C397\" width=\"528\" height=\"397\" srcset=\"https:\/\/i0.wp.com\/eltrabajo.cl\/portal\/wp-content\/uploads\/2014\/01\/Reunion1.jpg?w=528&amp;ssl=1 528w, https:\/\/i0.wp.com\/eltrabajo.cl\/portal\/wp-content\/uploads\/2014\/01\/Reunion1.jpg?resize=200%2C150&amp;ssl=1 200w, https:\/\/i0.wp.com\/eltrabajo.cl\/portal\/wp-content\/uploads\/2014\/01\/Reunion1.jpg?resize=300%2C225&amp;ssl=1 300w, https:\/\/i0.wp.com\/eltrabajo.cl\/portal\/wp-content\/uploads\/2014\/01\/Reunion1.jpg?resize=150%2C112&amp;ssl=1 150w, https:\/\/i0.wp.com\/eltrabajo.cl\/portal\/wp-content\/uploads\/2014\/01\/Reunion1.jpg?resize=400%2C300&amp;ssl=1 400w\" sizes=\"auto, (max-width: 528px) 100vw, 528px\" \/><\/a><figcaption id=\"caption-attachment-42249\" class=\"wp-caption-text\">Los equipos de trabajo de la Municipalidad de San Felipe y del Programa de Recuperaci\u00f3n de Barrios del Ministerio de Vivienda, se reunieron para definir en d\u00f3nde enfocar el trabajo durante el a\u00f1o 2014.<\/figcaption><\/figure>\n<p>En una reuni\u00f3n sostenida con los equipos de trabajo de la Municipalidad de San Felipe y del Programa de Recuperaci\u00f3n de Barrios del Ministerio de Vivienda, el Alcalde Patricio Freire propuso algunos sectores prioritarios en donde enfocar el trabajo durante el a\u00f1o 2014, adem\u00e1s de ampliar las zonas laborales en la comuna para este a\u00f1o, adem\u00e1s de plantear algunas ideas de c\u00f3mo abordar, desde el punto de vista de la inversi\u00f3n p\u00fablica de Villa 250 A\u00f1os.<\/p>\n<p>Seg\u00fan se\u00f1al\u00f3 el Alcalde Freire, en esta reuni\u00f3n se postularon las villas Argelia y La Escuadra, para proponer a este programa de car\u00e1cter nacional, sostuvo que tambi\u00e9n se presentar\u00e1 un an\u00e1lisis para presentar otros sectores prioritarios.<\/p>\n<p>\u00abTenemos claridad de los sectores que vamos a llevar a este programa y viendo que son barrios prioritarios, tenemos que darles soluci\u00f3n. Son poblaciones que tienen una importante cantidad de vecinos, as\u00ed que estamos conformes con el hecho de que nos estamos anticipando a este concurso\u00bb, dijo el jefe comunal.<\/p>\n<p>Seg\u00fan explic\u00f3 el Jefe de Secpla, \u00abla idea es llegar como Municipio con la mayor cantidad de proyectos y propuestas para ser bien recibidas por las nuevas autoridades, por ello ya comenz\u00f3 el trabajo de los equipos t\u00e9cnicos de la municipalidad, de acuerdo a las instrucciones del Alcalde Freire\u00bb.<\/p>\n<p>Este an\u00e1lisis lo est\u00e1 realizando el equipo t\u00e9cnico del Programa de Recuperaci\u00f3n de Barrios con cada uno de los municipios, con la idea de asesorar a estas entidades para postular a este concurso en el mes de abril pr\u00f3ximo.<\/p>\n<p>&nbsp;<\/p>\n","protected":false},"excerpt":{"rendered":"<p>En una reuni\u00f3n sostenida con los equipos de trabajo de la Municipalidad de San Felipe y del Programa de Recuperaci\u00f3n de Barrios del Ministerio de Vivienda, el Alcalde Patricio Freire propuso algunos&#8230;<\/p>\n","protected":false},"author":482,"featured_media":42249,"comment_status":"open","ping_status":"closed","sticky":false,"template":"","format":"standard","meta":{"advanced_seo_description":"","jetpack_seo_html_title":"","jetpack_seo_noindex":false,"_jetpack_memberships_contains_paid_content":false,"footnotes":""},"categories":[1],"tags":[],"class_list":["post-42248","post","type-post","status-publish","format-standard","has-post-thumbnail","hentry","category-cronica"],"jetpack_featured_media_url":"https:\/\/i0.wp.com\/eltrabajo.cl\/portal\/wp-content\/uploads\/2014\/01\/Reunion1.jpg?fit=528%2C397&ssl=1","jetpack_sharing_enabled":true,"jetpack_likes_enabled":true,"jetpack-related-posts":[],"_links":{"self":[{"href":"https:\/\/eltrabajo.cl\/portal\/wp-json\/wp\/v2\/posts\/42248","targetHints":{"allow":["GET"]}}],"collection":[{"href":"https:\/\/eltrabajo.cl\/portal\/wp-json\/wp\/v2\/posts"}],"about":[{"href":"https:\/\/eltrabajo.cl\/portal\/wp-json\/wp\/v2\/types\/post"}],"author":[{"embeddable":true,"href":"https:\/\/eltrabajo.cl\/portal\/wp-json\/wp\/v2\/users\/482"}],"replies":[{"embeddable":true,"href":"https:\/\/eltrabajo.cl\/portal\/wp-json\/wp\/v2\/comments?post=42248"}],"version-history":[{"count":0,"href":"https:\/\/eltrabajo.cl\/portal\/wp-json\/wp\/v2\/posts\/42248\/revisions"}],"wp:featuredmedia":[{"embeddable":true,"href":"https:\/\/eltrabajo.cl\/portal\/wp-json\/wp\/v2\/media\/42249"}],"wp:attachment":[{"href":"https:\/\/eltrabajo.cl\/portal\/wp-json\/wp\/v2\/media?parent=42248"}],"wp:term":[{"taxonomy":"category","embeddable":true,"href":"https:\/\/eltrabajo.cl\/portal\/wp-json\/wp\/v2\/categories?post=42248"},{"taxonomy":"post_tag","embeddable":true,"href":"https:\/\/eltrabajo.cl\/portal\/wp-json\/wp\/v2\/tags?post=42248"}],"curies":[{"name":"wp","href":"https:\/\/api.w.org\/{rel}","templated":true}]}}