{"id":42251,"date":"2014-01-22T09:43:58","date_gmt":"2014-01-22T12:43:58","guid":{"rendered":"http:\/\/www.eltrabajo.cl\/portal\/?p=42251"},"modified":"2014-01-22T09:43:58","modified_gmt":"2014-01-22T12:43:58","slug":"tramite-en-conaf-dilata-construccion-de-tramo-faltante-de-la-nueva-ruta-ch-60","status":"publish","type":"post","link":"https:\/\/eltrabajo.cl\/portal\/tramite-en-conaf-dilata-construccion-de-tramo-faltante-de-la-nueva-ruta-ch-60\/","title":{"rendered":"Tr\u00e1mite en Conaf dilata construcci\u00f3n de tramo faltante de la nueva Ruta CH-60"},"content":{"rendered":"<figure id=\"attachment_42252\" aria-describedby=\"caption-attachment-42252\" style=\"width: 317px\" class=\"wp-caption alignleft\"><a href=\"https:\/\/i0.wp.com\/www.eltrabajo.cl\/portal\/wp-content\/uploads\/2014\/01\/Luis-Pradenas-2.jpg\"><img data-recalc-dims=\"1\" loading=\"lazy\" decoding=\"async\" class=\" wp-image-42252 \" title=\"Luis Pradenas, Alcalde de Panquehue.\" alt=\"Luis Pradenas, Alcalde de Panquehue.\" src=\"https:\/\/i0.wp.com\/www.eltrabajo.cl\/portal\/wp-content\/uploads\/2014\/01\/Luis-Pradenas-2.jpg?resize=317%2C238\" width=\"317\" height=\"238\" srcset=\"https:\/\/i0.wp.com\/eltrabajo.cl\/portal\/wp-content\/uploads\/2014\/01\/Luis-Pradenas-2.jpg?w=528&amp;ssl=1 528w, https:\/\/i0.wp.com\/eltrabajo.cl\/portal\/wp-content\/uploads\/2014\/01\/Luis-Pradenas-2.jpg?resize=200%2C150&amp;ssl=1 200w, https:\/\/i0.wp.com\/eltrabajo.cl\/portal\/wp-content\/uploads\/2014\/01\/Luis-Pradenas-2.jpg?resize=300%2C225&amp;ssl=1 300w, https:\/\/i0.wp.com\/eltrabajo.cl\/portal\/wp-content\/uploads\/2014\/01\/Luis-Pradenas-2.jpg?resize=150%2C112&amp;ssl=1 150w, https:\/\/i0.wp.com\/eltrabajo.cl\/portal\/wp-content\/uploads\/2014\/01\/Luis-Pradenas-2.jpg?resize=400%2C300&amp;ssl=1 400w\" sizes=\"auto, (max-width: 317px) 100vw, 317px\" \/><\/a><figcaption id=\"caption-attachment-42252\" class=\"wp-caption-text\">Luis Pradenas, Alcalde de Panquehue.<\/figcaption><\/figure>\n<p>Un tr\u00e1mite en Conaf, que debe autorizar la tala de algunos \u00e1rboles en el sector, estar\u00eda dilatando la construcci\u00f3n del tramo faltante de la nueva Ruta CH-60, correspondiente a San Felipe \u2013 Panquehue. As\u00ed lo dio a conocer el alcalde de la comuna Luis Pradenas, quien se\u00f1al\u00f3 que las obras de construcci\u00f3n deb\u00edan iniciarse en octubre del a\u00f1o pasado, no obstante se presentaron algunas dificultades que dicen relaci\u00f3n con la autorizaci\u00f3n que debe otorgar Conaf, para proceder a la tala de algunas especies arb\u00f3reas en algunos puntos por donde pasa la ruta.<\/p>\n<p>\u00abComo en Chile hay mucha burocracia, hubo problemas y hoy d\u00eda estamos entrabados en que Conaf regional tiene que autorizar la tala de algunos \u00e1rboles y eso es lo que estamos agilizando junto a la Direcci\u00f3n de Concesiones. Todo porque son especies que est\u00e1n protegidas, entonces hay que tener el convenio de manejo de tala de estos \u00e1rboles que est\u00e1n en la franja donde se va a construir la carretera\u00bb, se\u00f1al\u00f3 el Alcalde Pradenas.<\/p>\n<p>Consultado por los tiempos proyectados para cumplir este tr\u00e1mite, dijo que ya estar\u00eda en tierra derecha y en este plano manifest\u00f3 su optimismo de que en febrero se ejecuten obras. \u00abHay sectores que se est\u00e1n despejando, que ya est\u00e1n autorizados por el SAG y Conaf desde Lo Campo hacia San Felipe, por eso pienso que en febrero a m\u00e1s tardar se comienza a construir, porque la empresa est\u00e1 con todo listo esperando que se d\u00e9 el vamos para empezar a trabajar\u00bb, explic\u00f3 la autoridad.<\/p>\n<p>El alcalde reconoci\u00f3 que existen algunos juicios pendientes en este tema, espec\u00edficamente en relaci\u00f3n a la expropiaci\u00f3n de terrenos, no obstante se\u00f1al\u00f3 que \u00abno hay problema de que vayan a perjudicar el inicio de obras. Los juicios pendientes son cuando el due\u00f1o de un terreno que expropia el Estado no est\u00e1 de acuerdo con lo que se le est\u00e1 pagando, esos juicios pueden seguir, pero no da para que se detengan las obras, todo lo que pod\u00eda detener las obras esta todo solucionado s\u00f3lo estamos entrabados en una situaci\u00f3n ambiental, porque \u00edbamos a iniciar en octubre y apareci\u00f3 que se ten\u00eda que tener la autorizaci\u00f3n del SAG y ahora Conaf, y todos esos tr\u00e1mites se tienen que hacer en la regi\u00f3n\u00bb.<\/p>\n<p>Respecto de la construcci\u00f3n del canal\u00f3n, el edil manifest\u00f3 su rechazo a este conductor de agua, no obstante aclar\u00f3 que su destrucci\u00f3n no ser\u00eda motivo de nuevas demoras en la materializaci\u00f3n del tramo faltante de la Ruta Ch-60, explicando que al estar el trazado de la autopista definido, la empresa a cargo del proyecto simplemente elimina esa parte y construye el canal\u00f3n a continuaci\u00f3n.<\/p>\n<p>&nbsp;<\/p>\n","protected":false},"excerpt":{"rendered":"<p>Un tr\u00e1mite en Conaf, que debe autorizar la tala de algunos \u00e1rboles en el sector, estar\u00eda dilatando la construcci\u00f3n del tramo faltante de la nueva Ruta CH-60, correspondiente a San Felipe \u2013&#8230;<\/p>\n","protected":false},"author":482,"featured_media":42252,"comment_status":"open","ping_status":"closed","sticky":false,"template":"","format":"standard","meta":{"advanced_seo_description":"","jetpack_seo_html_title":"","jetpack_seo_noindex":false,"_jetpack_memberships_contains_paid_content":false,"footnotes":""},"categories":[1],"tags":[],"class_list":["post-42251","post","type-post","status-publish","format-standard","has-post-thumbnail","hentry","category-cronica"],"jetpack_featured_media_url":"https:\/\/i0.wp.com\/eltrabajo.cl\/portal\/wp-content\/uploads\/2014\/01\/Luis-Pradenas-2.jpg?fit=528%2C396&ssl=1","jetpack_sharing_enabled":true,"jetpack_likes_enabled":true,"jetpack-related-posts":[],"_links":{"self":[{"href":"https:\/\/eltrabajo.cl\/portal\/wp-json\/wp\/v2\/posts\/42251","targetHints":{"allow":["GET"]}}],"collection":[{"href":"https:\/\/eltrabajo.cl\/portal\/wp-json\/wp\/v2\/posts"}],"about":[{"href":"https:\/\/eltrabajo.cl\/portal\/wp-json\/wp\/v2\/types\/post"}],"author":[{"embeddable":true,"href":"https:\/\/eltrabajo.cl\/portal\/wp-json\/wp\/v2\/users\/482"}],"replies":[{"embeddable":true,"href":"https:\/\/eltrabajo.cl\/portal\/wp-json\/wp\/v2\/comments?post=42251"}],"version-history":[{"count":0,"href":"https:\/\/eltrabajo.cl\/portal\/wp-json\/wp\/v2\/posts\/42251\/revisions"}],"wp:featuredmedia":[{"embeddable":true,"href":"https:\/\/eltrabajo.cl\/portal\/wp-json\/wp\/v2\/media\/42252"}],"wp:attachment":[{"href":"https:\/\/eltrabajo.cl\/portal\/wp-json\/wp\/v2\/media?parent=42251"}],"wp:term":[{"taxonomy":"category","embeddable":true,"href":"https:\/\/eltrabajo.cl\/portal\/wp-json\/wp\/v2\/categories?post=42251"},{"taxonomy":"post_tag","embeddable":true,"href":"https:\/\/eltrabajo.cl\/portal\/wp-json\/wp\/v2\/tags?post=42251"}],"curies":[{"name":"wp","href":"https:\/\/api.w.org\/{rel}","templated":true}]}}