{"id":42254,"date":"2014-01-22T09:46:14","date_gmt":"2014-01-22T12:46:14","guid":{"rendered":"http:\/\/www.eltrabajo.cl\/portal\/?p=42254"},"modified":"2014-01-22T09:46:14","modified_gmt":"2014-01-22T12:46:14","slug":"criancero-ahora-ordena-a-sus-90-cabras-con-moderna-maquina","status":"publish","type":"post","link":"https:\/\/eltrabajo.cl\/portal\/criancero-ahora-ordena-a-sus-90-cabras-con-moderna-maquina\/","title":{"rendered":"Criancero ahora orde\u00f1a a sus 90 cabras con moderna m\u00e1quina"},"content":{"rendered":"<figure id=\"attachment_42255\" aria-describedby=\"caption-attachment-42255\" style=\"width: 423px\" class=\"wp-caption alignleft\"><a href=\"https:\/\/i0.wp.com\/www.eltrabajo.cl\/portal\/wp-content\/uploads\/2014\/01\/Cabritas1.jpg\"><img data-recalc-dims=\"1\" loading=\"lazy\" decoding=\"async\" class=\" wp-image-42255 \" title=\"AVANZANDO.- Abel\u00edn L\u00f3pez ahora puede seguir realizando sus actividades  en su lecher\u00eda con tecnolog\u00eda de punta.\" alt=\"AVANZANDO.- Abel\u00edn L\u00f3pez ahora puede seguir realizando sus actividades  en su lecher\u00eda con tecnolog\u00eda de punta.\" src=\"https:\/\/i0.wp.com\/www.eltrabajo.cl\/portal\/wp-content\/uploads\/2014\/01\/Cabritas1.jpg?resize=423%2C504\" width=\"423\" height=\"504\" srcset=\"https:\/\/i0.wp.com\/eltrabajo.cl\/portal\/wp-content\/uploads\/2014\/01\/Cabritas1.jpg?w=529&amp;ssl=1 529w, https:\/\/i0.wp.com\/eltrabajo.cl\/portal\/wp-content\/uploads\/2014\/01\/Cabritas1.jpg?resize=125%2C150&amp;ssl=1 125w, https:\/\/i0.wp.com\/eltrabajo.cl\/portal\/wp-content\/uploads\/2014\/01\/Cabritas1.jpg?resize=251%2C300&amp;ssl=1 251w, https:\/\/i0.wp.com\/eltrabajo.cl\/portal\/wp-content\/uploads\/2014\/01\/Cabritas1.jpg?resize=400%2C476&amp;ssl=1 400w\" sizes=\"auto, (max-width: 423px) 100vw, 423px\" \/><\/a><figcaption id=\"caption-attachment-42255\" class=\"wp-caption-text\">AVANZANDO.- Abel\u00edn L\u00f3pez ahora puede seguir realizando sus actividades en su lecher\u00eda con tecnolog\u00eda de punta.<\/figcaption><\/figure>\n<p><strong>LLAY LLAY.-<\/strong> La tradicional orde\u00f1a a mano, ya pas\u00f3 a la historia para el criancero de la comuna Abel\u00edn L\u00f3pez, pues desde fines del a\u00f1o pasado \u00e9l ya cuenta con una moderna orde\u00f1adora m\u00f3vil con la que fue beneficiado por Indap y que le facilita su trabajo con las m\u00e1s de 90 cabras que posee en el sector de Las Chilcas, en la comuna de Llay Llay. Entre las m\u00faltiples ventajas que menciona este criancero, est\u00e1 el ahorro de tiempo, la comodidad en el trabajo de orde\u00f1a y las mejores condiciones sanitarias con que se cuenta.<\/p>\n<p>\u00abComenc\u00e9 a usar esta m\u00e1quina a mediados de noviembre y me ha dado muy buenos resultados. No me canso como antes, es mucho m\u00e1s c\u00f3modo y no sufro de las rodillas y la cintura. Adem\u00e1s, se ahorra tiempo. A mano me demoraba dos horas y ahora un poco m\u00e1s de una hora. Es m\u00e1s higi\u00e9nico, ya que no le cae polvo ni suciedad a la leche\u00bb, asegura L\u00f3pez.<\/p>\n<p>Acostumbrado desde ni\u00f1o a la extracci\u00f3n manual de la leche de cabra, para este criancero el uso de esta nueva tecnolog\u00eda pr\u00e1cticamente le ha cambiado la vida, principalmente por las mejoras que ha significado para su negocio en el que trabaja codo a codo con su se\u00f1ora Rosa Margarita G\u00f3mez y que le permite producir cerca de 120 litros diarios de leche.<\/p>\n<p>\u00abNo me cost\u00f3 nada aprender a usarla. Se enchufa a la corriente y se pueden atender dos cabras al mismo tiempo. Ellas ya se acostumbraron, vienen solitas al momento de la orde\u00f1a y se quedan quietas. Es muy \u00fatil la m\u00e1quina y estoy muy agradecido con Indap\u00bb, agrega el productor.<\/p>\n<p><strong>APOYO<\/strong><\/p>\n<p>El equipo de orde\u00f1a m\u00f3vil se adjudic\u00f3 a trav\u00e9s del Programa de Inversi\u00f3n al Fortalecimiento Productivo, IFP de Indap, que a trav\u00e9s del Prodesal de Llay Llay, ha apoyado a este usuario en diferentes proyectos tales como cerco para el terreno, forraje, asesor\u00edas t\u00e9cnicas y apoyo sanitario con los animales, entre otros.<\/p>\n<p>Este productor, nacido y criado en Llay Llay, destaca que la crianza de cabras le permiti\u00f3 criar a sus cuatro hijos, mismos que ahora son profesionales y que continuar\u00e1 trabajando en este rubro que hered\u00f3 de sus padres y que aprendi\u00f3 desde los ocho a\u00f1os.<\/p>\n<p>Al respecto, el Director Regional (S) de Indap, Gerardo Verdugo, expres\u00f3 que \u00abla introducci\u00f3n de esta nueva tecnolog\u00eda en los campos de esta zona, muestra el camino que se ha trazado esta instituci\u00f3n, que persigue mejores condiciones de competitividad para los peque\u00f1os agricultores entregando a los productores las herramientas para que desarrollen sus negocios y se incorporen de mejor forma a los encadenamientos productivos\u00bb.<\/p>\n<p>&nbsp;<\/p>\n","protected":false},"excerpt":{"rendered":"<p>LLAY LLAY.- La tradicional orde\u00f1a a mano, ya pas\u00f3 a la historia para el criancero de la comuna Abel\u00edn L\u00f3pez, pues desde fines del a\u00f1o pasado \u00e9l ya cuenta con una moderna&#8230;<\/p>\n","protected":false},"author":482,"featured_media":42255,"comment_status":"open","ping_status":"closed","sticky":false,"template":"","format":"standard","meta":{"advanced_seo_description":"","jetpack_seo_html_title":"","jetpack_seo_noindex":false,"_jetpack_memberships_contains_paid_content":false,"footnotes":""},"categories":[15],"tags":[],"class_list":["post-42254","post","type-post","status-publish","format-standard","has-post-thumbnail","hentry","category-comunidad"],"jetpack_featured_media_url":"https:\/\/i0.wp.com\/eltrabajo.cl\/portal\/wp-content\/uploads\/2014\/01\/Cabritas1.jpg?fit=529%2C630&ssl=1","jetpack_sharing_enabled":true,"jetpack_likes_enabled":true,"jetpack-related-posts":[],"_links":{"self":[{"href":"https:\/\/eltrabajo.cl\/portal\/wp-json\/wp\/v2\/posts\/42254","targetHints":{"allow":["GET"]}}],"collection":[{"href":"https:\/\/eltrabajo.cl\/portal\/wp-json\/wp\/v2\/posts"}],"about":[{"href":"https:\/\/eltrabajo.cl\/portal\/wp-json\/wp\/v2\/types\/post"}],"author":[{"embeddable":true,"href":"https:\/\/eltrabajo.cl\/portal\/wp-json\/wp\/v2\/users\/482"}],"replies":[{"embeddable":true,"href":"https:\/\/eltrabajo.cl\/portal\/wp-json\/wp\/v2\/comments?post=42254"}],"version-history":[{"count":0,"href":"https:\/\/eltrabajo.cl\/portal\/wp-json\/wp\/v2\/posts\/42254\/revisions"}],"wp:featuredmedia":[{"embeddable":true,"href":"https:\/\/eltrabajo.cl\/portal\/wp-json\/wp\/v2\/media\/42255"}],"wp:attachment":[{"href":"https:\/\/eltrabajo.cl\/portal\/wp-json\/wp\/v2\/media?parent=42254"}],"wp:term":[{"taxonomy":"category","embeddable":true,"href":"https:\/\/eltrabajo.cl\/portal\/wp-json\/wp\/v2\/categories?post=42254"},{"taxonomy":"post_tag","embeddable":true,"href":"https:\/\/eltrabajo.cl\/portal\/wp-json\/wp\/v2\/tags?post=42254"}],"curies":[{"name":"wp","href":"https:\/\/api.w.org\/{rel}","templated":true}]}}