{"id":42258,"date":"2014-01-22T09:47:24","date_gmt":"2014-01-22T12:47:24","guid":{"rendered":"http:\/\/www.eltrabajo.cl\/portal\/?p=42258"},"modified":"2014-01-22T09:47:24","modified_gmt":"2014-01-22T12:47:24","slug":"cierran-segundo-ciclo-de-capacitacion-de-gimnasia-ritmica","status":"publish","type":"post","link":"https:\/\/eltrabajo.cl\/portal\/cierran-segundo-ciclo-de-capacitacion-de-gimnasia-ritmica\/","title":{"rendered":"Cierran segundo ciclo de capacitaci\u00f3n de Gimnasia R\u00edtmica"},"content":{"rendered":"<figure id=\"attachment_42259\" aria-describedby=\"caption-attachment-42259\" style=\"width: 529px\" class=\"wp-caption alignnone\"><a href=\"https:\/\/i0.wp.com\/www.eltrabajo.cl\/portal\/wp-content\/uploads\/2014\/01\/Gimnasia2.jpg\"><img data-recalc-dims=\"1\" loading=\"lazy\" decoding=\"async\" class=\"size-full wp-image-42259\" title=\"Unas 69 gimnastas de todo el pa\u00eds, adem\u00e1s de profesoras que buscan perfeccionar la actividad, culminaron su trabajo en el segundo ciclo de capacitaci\u00f3n de gimnasia r\u00edtmica internacional.\" alt=\"Unas 69 gimnastas de todo el pa\u00eds, adem\u00e1s de profesoras que buscan perfeccionar la actividad, culminaron su trabajo en el segundo ciclo de capacitaci\u00f3n de gimnasia r\u00edtmica internacional.\" src=\"https:\/\/i0.wp.com\/www.eltrabajo.cl\/portal\/wp-content\/uploads\/2014\/01\/Gimnasia2.jpg?resize=529%2C357\" width=\"529\" height=\"357\" srcset=\"https:\/\/i0.wp.com\/eltrabajo.cl\/portal\/wp-content\/uploads\/2014\/01\/Gimnasia2.jpg?w=529&amp;ssl=1 529w, https:\/\/i0.wp.com\/eltrabajo.cl\/portal\/wp-content\/uploads\/2014\/01\/Gimnasia2.jpg?resize=200%2C134&amp;ssl=1 200w, https:\/\/i0.wp.com\/eltrabajo.cl\/portal\/wp-content\/uploads\/2014\/01\/Gimnasia2.jpg?resize=300%2C202&amp;ssl=1 300w, https:\/\/i0.wp.com\/eltrabajo.cl\/portal\/wp-content\/uploads\/2014\/01\/Gimnasia2.jpg?resize=150%2C101&amp;ssl=1 150w, https:\/\/i0.wp.com\/eltrabajo.cl\/portal\/wp-content\/uploads\/2014\/01\/Gimnasia2.jpg?resize=400%2C269&amp;ssl=1 400w\" sizes=\"auto, (max-width: 529px) 100vw, 529px\" \/><\/a><figcaption id=\"caption-attachment-42259\" class=\"wp-caption-text\">Unas 69 gimnastas de todo el pa\u00eds, adem\u00e1s de profesoras que buscan perfeccionar la actividad, culminaron su trabajo en el segundo ciclo de capacitaci\u00f3n de gimnasia r\u00edtmica internacional.<\/figcaption><\/figure>\n<p>Con una actividad que convoc\u00f3 a 69 gimnastas de todo el pa\u00eds, adem\u00e1s de profesoras que buscan perfeccionar la actividad, una de ellas de nacionalidad Venezolana, culmino el segundo ciclo de capacitaci\u00f3n de gimnasia r\u00edtmica internacional, impartida por reconocidas profesoras provenientes de Bulgaria. La actividad, que tambi\u00e9n fue desarrollada durante el a\u00f1o 2013, fue replicada con gran \u00e9xito este 2014, lo que signific\u00f3 agotadoras jornadas para las alumnas y profesoras, las que comenzaban a partir de las 08:00 de la ma\u00f1ana, con una hora de teor\u00eda, para luego seguir con pr\u00e1ctico hasta las 13:00 horas. Luego del descanso se continuaba con m\u00e1s pr\u00e1ctica desde las 16:00 hasta las 20:00 horas. Todo esto desarrollado en las instalaciones del Gimnasio del Liceo Dr. Roberto Humeres Oyanerer de San Felipe.<\/p>\n<p>A pesar del esfuerzo y gran desgaste, las participantes siempre se mostraron con una actitud muy positiva, a pesar de sus cortas edades, las que fluctuaban entre los cuatro y los diecis\u00e9is a\u00f1os, siempre dispuestas a repetir las rutinas que les permitieran acercarse a la perfecci\u00f3n, demostrando con esto una tremenda disciplina deportiva. Las jornadas se extendieron desde el 04 hasta el 10 de enero, para posteriormente en el acto de clausura, las alumnas realizar una muestra de lo aprendido en este a\u00f1o, participando adem\u00e1s la gimnasta Chilena que representara a nuestro pa\u00eds en los pr\u00f3ximos juegos Odesur 2014, los que se realizar\u00e1n en nuestro pa\u00eds en marzo de 2014<\/p>\n<p>Patricia Pimentel, Coordinadora del Departamento Extraescolar de la Daem, se\u00f1alo que \u00abes destacable el profesionalismo con que las entrenadoras realizaron su trabajo, entregando una visi\u00f3n distinta de c\u00f3mo se realizan los entrenamientos a nivel profesional, dejando nuevamente un nivel muy alto de las actividades realizadas, destacando principalmente el trabajo de la Profesora Lucia Bravo, quien fue la gestora de estas jornadas en sus dos versiones, ya que gracias a sus capacitaciones costeadas por el municipio y realizadas en el Europa, pudo hacer los contactos para traer nuevamente hasta el Valle del Aconcagua a las entrenadoras B\u00falgaras Katerina Ivanova y Leslatena Yoryeva Kisiova, destacadas y reconocidas a nivel internacional.<\/p>\n<p>&nbsp;<\/p>\n","protected":false},"excerpt":{"rendered":"<p>Con una actividad que convoc\u00f3 a 69 gimnastas de todo el pa\u00eds, adem\u00e1s de profesoras que buscan perfeccionar la actividad, una de ellas de nacionalidad Venezolana, culmino el segundo ciclo de capacitaci\u00f3n&#8230;<\/p>\n","protected":false},"author":482,"featured_media":42259,"comment_status":"open","ping_status":"closed","sticky":false,"template":"","format":"standard","meta":{"advanced_seo_description":"","jetpack_seo_html_title":"","jetpack_seo_noindex":false,"_jetpack_memberships_contains_paid_content":false,"footnotes":""},"categories":[15],"tags":[],"class_list":["post-42258","post","type-post","status-publish","format-standard","has-post-thumbnail","hentry","category-comunidad"],"jetpack_featured_media_url":"https:\/\/i0.wp.com\/eltrabajo.cl\/portal\/wp-content\/uploads\/2014\/01\/Gimnasia2.jpg?fit=529%2C357&ssl=1","jetpack_sharing_enabled":true,"jetpack_likes_enabled":true,"jetpack-related-posts":[],"_links":{"self":[{"href":"https:\/\/eltrabajo.cl\/portal\/wp-json\/wp\/v2\/posts\/42258","targetHints":{"allow":["GET"]}}],"collection":[{"href":"https:\/\/eltrabajo.cl\/portal\/wp-json\/wp\/v2\/posts"}],"about":[{"href":"https:\/\/eltrabajo.cl\/portal\/wp-json\/wp\/v2\/types\/post"}],"author":[{"embeddable":true,"href":"https:\/\/eltrabajo.cl\/portal\/wp-json\/wp\/v2\/users\/482"}],"replies":[{"embeddable":true,"href":"https:\/\/eltrabajo.cl\/portal\/wp-json\/wp\/v2\/comments?post=42258"}],"version-history":[{"count":0,"href":"https:\/\/eltrabajo.cl\/portal\/wp-json\/wp\/v2\/posts\/42258\/revisions"}],"wp:featuredmedia":[{"embeddable":true,"href":"https:\/\/eltrabajo.cl\/portal\/wp-json\/wp\/v2\/media\/42259"}],"wp:attachment":[{"href":"https:\/\/eltrabajo.cl\/portal\/wp-json\/wp\/v2\/media?parent=42258"}],"wp:term":[{"taxonomy":"category","embeddable":true,"href":"https:\/\/eltrabajo.cl\/portal\/wp-json\/wp\/v2\/categories?post=42258"},{"taxonomy":"post_tag","embeddable":true,"href":"https:\/\/eltrabajo.cl\/portal\/wp-json\/wp\/v2\/tags?post=42258"}],"curies":[{"name":"wp","href":"https:\/\/api.w.org\/{rel}","templated":true}]}}