{"id":42261,"date":"2014-01-22T09:49:11","date_gmt":"2014-01-22T12:49:11","guid":{"rendered":"http:\/\/www.eltrabajo.cl\/portal\/?p=42261"},"modified":"2014-01-22T09:49:11","modified_gmt":"2014-01-22T12:49:11","slug":"este-miercoles-desalojaran-a-gitanos-de-terreno-fiscal-en-el-borde-rio","status":"publish","type":"post","link":"https:\/\/eltrabajo.cl\/portal\/este-miercoles-desalojaran-a-gitanos-de-terreno-fiscal-en-el-borde-rio\/","title":{"rendered":"Este mi\u00e9rcoles desalojar\u00e1n a gitanos de terreno Fiscal en el borde r\u00edo"},"content":{"rendered":"<figure id=\"attachment_42262\" aria-describedby=\"caption-attachment-42262\" style=\"width: 528px\" class=\"wp-caption alignnone\"><a href=\"https:\/\/i0.wp.com\/www.eltrabajo.cl\/portal\/wp-content\/uploads\/2014\/01\/Gitanos.jpg\"><img data-recalc-dims=\"1\" loading=\"lazy\" decoding=\"async\" class=\"size-full wp-image-42262\" title=\"Hace meses que fue instalado el campamento de gitanos a un costado del Estadio Fiscal de San Felipe.\" alt=\"Hace meses que fue instalado el campamento de gitanos a un costado del Estadio Fiscal de San Felipe.\" src=\"https:\/\/i0.wp.com\/www.eltrabajo.cl\/portal\/wp-content\/uploads\/2014\/01\/Gitanos.jpg?resize=528%2C353\" width=\"528\" height=\"353\" srcset=\"https:\/\/i0.wp.com\/eltrabajo.cl\/portal\/wp-content\/uploads\/2014\/01\/Gitanos.jpg?w=528&amp;ssl=1 528w, https:\/\/i0.wp.com\/eltrabajo.cl\/portal\/wp-content\/uploads\/2014\/01\/Gitanos.jpg?resize=200%2C133&amp;ssl=1 200w, https:\/\/i0.wp.com\/eltrabajo.cl\/portal\/wp-content\/uploads\/2014\/01\/Gitanos.jpg?resize=300%2C200&amp;ssl=1 300w, https:\/\/i0.wp.com\/eltrabajo.cl\/portal\/wp-content\/uploads\/2014\/01\/Gitanos.jpg?resize=150%2C100&amp;ssl=1 150w, https:\/\/i0.wp.com\/eltrabajo.cl\/portal\/wp-content\/uploads\/2014\/01\/Gitanos.jpg?resize=400%2C267&amp;ssl=1 400w\" sizes=\"auto, (max-width: 528px) 100vw, 528px\" \/><\/a><figcaption id=\"caption-attachment-42262\" class=\"wp-caption-text\">Hace meses que fue instalado el campamento de gitanos a un costado del Estadio Fiscal de San Felipe.<\/figcaption><\/figure>\n<p>Para las 10.30 horas est\u00e1 previsto el operativo que desarrollar\u00e1 la Direcci\u00f3n de Vialidad, con el apoyo de Carabineros, para desalojar a la comunidad de gitanos que hace meses est\u00e1 instalada en un terreno fiscal del borde del R\u00edo Aconcagua, colindante con el Estadio Fiscal de San Felipe.<\/p>\n<figure id=\"attachment_42263\" aria-describedby=\"caption-attachment-42263\" style=\"width: 317px\" class=\"wp-caption alignright\"><a href=\"https:\/\/i0.wp.com\/www.eltrabajo.cl\/portal\/wp-content\/uploads\/2014\/01\/Gobernadora-Boffa1.jpg\"><img data-recalc-dims=\"1\" loading=\"lazy\" decoding=\"async\" class=\" wp-image-42263 \" title=\"Patricia Boffa Casas, Gobernadora Provincial de San Felipe.\" alt=\"Patricia Boffa Casas, Gobernadora Provincial de San Felipe.\" src=\"https:\/\/i0.wp.com\/www.eltrabajo.cl\/portal\/wp-content\/uploads\/2014\/01\/Gobernadora-Boffa1.jpg?resize=317%2C313\" width=\"317\" height=\"313\" srcset=\"https:\/\/i0.wp.com\/eltrabajo.cl\/portal\/wp-content\/uploads\/2014\/01\/Gobernadora-Boffa1.jpg?w=529&amp;ssl=1 529w, https:\/\/i0.wp.com\/eltrabajo.cl\/portal\/wp-content\/uploads\/2014\/01\/Gobernadora-Boffa1.jpg?resize=152%2C150&amp;ssl=1 152w, https:\/\/i0.wp.com\/eltrabajo.cl\/portal\/wp-content\/uploads\/2014\/01\/Gobernadora-Boffa1.jpg?resize=300%2C296&amp;ssl=1 300w, https:\/\/i0.wp.com\/eltrabajo.cl\/portal\/wp-content\/uploads\/2014\/01\/Gobernadora-Boffa1.jpg?resize=150%2C148&amp;ssl=1 150w, https:\/\/i0.wp.com\/eltrabajo.cl\/portal\/wp-content\/uploads\/2014\/01\/Gobernadora-Boffa1.jpg?resize=400%2C394&amp;ssl=1 400w\" sizes=\"auto, (max-width: 317px) 100vw, 317px\" \/><\/a><figcaption id=\"caption-attachment-42263\" class=\"wp-caption-text\">Patricia Boffa Casas, Gobernadora Provincial de San Felipe.<\/figcaption><\/figure>\n<p>As\u00ed lo dio a conocer la Gobernadora Provincial Patricia Boffa, quien manifest\u00f3 que el pasado viernes firm\u00f3 la resoluci\u00f3n de desalojo, tras recibir los informes de Vialidad y Seremi de Salud, as\u00ed como del municipio de San Felipe, que concordaban en lo irregular de su emplazamiento, tomando en cuenta la falta de servicios b\u00e1sicos. Junto con lo anterior, se contempla una fiscalizaci\u00f3n de parte de la PDI y Chilquinta, dado que hay denuncias sobre delitos de robo que habr\u00edan perpetrado algunos de estos gitanos, as\u00ed como por el hecho que se han \u2018colgado\u2019 del tendido el\u00e9ctrico y por lo tanto, estar\u00edan incurriendo en el robo de energ\u00eda el\u00e9ctrica.<\/p>\n<p>\u00abEl viernes pasado firm\u00e9 la resoluci\u00f3n para solicitar el apoyo de la fuerza p\u00fablica y proceder al desalojo de los gitanos que se encuentran en la faja fiscal colindante al Estadio Fiscal de la comuna de San Felipe. Ahora se est\u00e1 coordinando todo con la Direcci\u00f3n de Vialidad, que es en definitiva el organismo encargado de desalojar a estas personas\u00bb, se\u00f1al\u00f3 Boffa.<\/p>\n<p>Consultada la autoridad por las razones para incurrir en esta dr\u00e1stica medida, aclar\u00f3 que no tiene un af\u00e1n discriminatorio, sino que obedece a la ilegalidad de la ocupaci\u00f3n de estos terrenos, ya que no pidieron autorizaci\u00f3n y adem\u00e1s, al hecho que en este lugar no cuentan con servicios b\u00e1sicos, como son agua potable, electricidad y casetas sanitarias.<\/p>\n<p>\u00abEsto por ning\u00fan motivo es un tema discriminatorio hacia los gitanos, pero el problema pasa porque del momento en que autorizamos a este grupo a permanecer en este lugar, debemos proveerlos de los elementos b\u00e1sicos, y en ese sentido, no estamos en condiciones de disponer de estos servicios b\u00e1sicos\u00bb, manifest\u00f3 la autoridad provincial.<\/p>\n<p>Destac\u00f3 en este sentido la preocupaci\u00f3n que ha expresado por el tema, el Concejal Rodolfo Silva, quien ha conocido de parte de los vecinos la molestia por la presencia de los gitanos en este lugar, donde estar\u00edan incurriendo en el robo de electricidad y adem\u00e1s, se han producido algunos episodios il\u00edcitos como asaltos. Explic\u00f3 que la presencia de Carabineros este mi\u00e9rcoles en el lugar, no tiene un af\u00e1n represivo o intimidatorio, sino que es de car\u00e1cter preventivo, ya que la acci\u00f3n de desalojo corre por cuenta de la Direcci\u00f3n de Vialidad y es este servicio el que de paso, debe disponer de camiones para el traslado de estas personas.<\/p>\n<p>A\u00f1adi\u00f3 que \u00abel a\u00f1o pasado tambi\u00e9n tuvimos gitanos en este mismo sector y tambi\u00e9n se les explic\u00f3 que ellos no pueden permanecer ah\u00ed, porque debemos abastecerlos de los elementos b\u00e1sicos, ellos est\u00e1n claros de esta situaci\u00f3n, porque incluso ah\u00ed hay que ver el tema del manejo de la basura\u00bb.<\/p>\n<p>En cuanto a los gitanos que est\u00e1n instalados hace varias semanas en la comuna de Catemu, donde incluso la semana pasada un ni\u00f1o de cuatro a\u00f1os result\u00f3 lesionado, la gobernadora manifest\u00f3 que se est\u00e1 a la espera de la solicitud que debe formular la municipalidad, para iniciar las acciones orientadas al desalojo de este grupo de personas.<\/p>\n<p>&nbsp;<\/p>\n","protected":false},"excerpt":{"rendered":"<p>Para las 10.30 horas est\u00e1 previsto el operativo que desarrollar\u00e1 la Direcci\u00f3n de Vialidad, con el apoyo de Carabineros, para desalojar a la comunidad de gitanos que hace meses est\u00e1 instalada en&#8230;<\/p>\n","protected":false},"author":482,"featured_media":42262,"comment_status":"open","ping_status":"closed","sticky":false,"template":"","format":"standard","meta":{"advanced_seo_description":"","jetpack_seo_html_title":"","jetpack_seo_noindex":false,"_jetpack_memberships_contains_paid_content":false,"footnotes":""},"categories":[1],"tags":[],"class_list":["post-42261","post","type-post","status-publish","format-standard","has-post-thumbnail","hentry","category-cronica"],"jetpack_featured_media_url":"https:\/\/i0.wp.com\/eltrabajo.cl\/portal\/wp-content\/uploads\/2014\/01\/Gitanos.jpg?fit=528%2C353&ssl=1","jetpack_sharing_enabled":true,"jetpack_likes_enabled":true,"jetpack-related-posts":[],"_links":{"self":[{"href":"https:\/\/eltrabajo.cl\/portal\/wp-json\/wp\/v2\/posts\/42261","targetHints":{"allow":["GET"]}}],"collection":[{"href":"https:\/\/eltrabajo.cl\/portal\/wp-json\/wp\/v2\/posts"}],"about":[{"href":"https:\/\/eltrabajo.cl\/portal\/wp-json\/wp\/v2\/types\/post"}],"author":[{"embeddable":true,"href":"https:\/\/eltrabajo.cl\/portal\/wp-json\/wp\/v2\/users\/482"}],"replies":[{"embeddable":true,"href":"https:\/\/eltrabajo.cl\/portal\/wp-json\/wp\/v2\/comments?post=42261"}],"version-history":[{"count":0,"href":"https:\/\/eltrabajo.cl\/portal\/wp-json\/wp\/v2\/posts\/42261\/revisions"}],"wp:featuredmedia":[{"embeddable":true,"href":"https:\/\/eltrabajo.cl\/portal\/wp-json\/wp\/v2\/media\/42262"}],"wp:attachment":[{"href":"https:\/\/eltrabajo.cl\/portal\/wp-json\/wp\/v2\/media?parent=42261"}],"wp:term":[{"taxonomy":"category","embeddable":true,"href":"https:\/\/eltrabajo.cl\/portal\/wp-json\/wp\/v2\/categories?post=42261"},{"taxonomy":"post_tag","embeddable":true,"href":"https:\/\/eltrabajo.cl\/portal\/wp-json\/wp\/v2\/tags?post=42261"}],"curies":[{"name":"wp","href":"https:\/\/api.w.org\/{rel}","templated":true}]}}