{"id":42283,"date":"2014-01-23T09:19:12","date_gmt":"2014-01-23T12:19:12","guid":{"rendered":"http:\/\/www.eltrabajo.cl\/portal\/?p=42283"},"modified":"2014-01-23T09:19:12","modified_gmt":"2014-01-23T12:19:12","slug":"vacaciones-entretenidas-en-jardines-municipalizados-para-todos-los-ninos","status":"publish","type":"post","link":"https:\/\/eltrabajo.cl\/portal\/vacaciones-entretenidas-en-jardines-municipalizados-para-todos-los-ninos\/","title":{"rendered":"Vacaciones entretenidas en jardines municipalizados para todos los ni\u00f1os"},"content":{"rendered":"<figure id=\"attachment_42284\" aria-describedby=\"caption-attachment-42284\" style=\"width: 529px\" class=\"wp-caption alignnone\"><a href=\"https:\/\/i0.wp.com\/www.eltrabajo.cl\/portal\/wp-content\/uploads\/2014\/01\/peques1.jpg\"><img data-recalc-dims=\"1\" loading=\"lazy\" decoding=\"async\" class=\"size-full wp-image-42284\" title=\"Durante la jornada, los ni\u00f1os reciben las tres comidas diarias, es decir desayuno, almuerzo y onces, contando as\u00ed, con todos los elementos necesarios para que los menores de edad disfruten alegremente de sus vacaciones.\" alt=\"Durante la jornada, los ni\u00f1os reciben las tres comidas diarias, es decir desayuno, almuerzo y onces, contando as\u00ed, con todos los elementos necesarios para que los menores de edad disfruten alegremente de sus vacaciones.\" src=\"https:\/\/i0.wp.com\/www.eltrabajo.cl\/portal\/wp-content\/uploads\/2014\/01\/peques1.jpg?resize=529%2C397\" width=\"529\" height=\"397\" srcset=\"https:\/\/i0.wp.com\/eltrabajo.cl\/portal\/wp-content\/uploads\/2014\/01\/peques1.jpg?w=529&amp;ssl=1 529w, https:\/\/i0.wp.com\/eltrabajo.cl\/portal\/wp-content\/uploads\/2014\/01\/peques1.jpg?resize=200%2C150&amp;ssl=1 200w, https:\/\/i0.wp.com\/eltrabajo.cl\/portal\/wp-content\/uploads\/2014\/01\/peques1.jpg?resize=300%2C225&amp;ssl=1 300w, https:\/\/i0.wp.com\/eltrabajo.cl\/portal\/wp-content\/uploads\/2014\/01\/peques1.jpg?resize=150%2C112&amp;ssl=1 150w, https:\/\/i0.wp.com\/eltrabajo.cl\/portal\/wp-content\/uploads\/2014\/01\/peques1.jpg?resize=400%2C300&amp;ssl=1 400w\" sizes=\"auto, (max-width: 529px) 100vw, 529px\" \/><\/a><figcaption id=\"caption-attachment-42284\" class=\"wp-caption-text\">Durante la jornada, los ni\u00f1os reciben las tres comidas diarias, es decir desayuno, almuerzo y onces, contando as\u00ed, con todos los elementos necesarios para que los menores de edad disfruten alegremente de sus vacaciones.<\/figcaption><\/figure>\n<p>Distintas actividades se est\u00e1n desarrollando en los jardines municipalizados de la comuna de San Felipe durante este verano, con la finalidad de entregar atenci\u00f3n continua a ni\u00f1os y ni\u00f1as en este per\u00edodo del a\u00f1o. Estas actividades entregan un importante apoyo a las familias en esta \u00e9poca del a\u00f1o, en que los padres desarrollan actividades laborales, encontrando en los jardines la posibilidad de que sus hijos sean cuidados y disfruten de las vacaciones de verano de una manera entretenida y segura, lo que constituye una iniciativa del Alcalde Patricio Freire Canto, para las familias de San Felipe.<\/p>\n<p>Las jornadas comienzan a las 08:30 de la ma\u00f1ana, y son dirigidas por las educadoras de p\u00e1rvulos y t\u00e9cnicos, las que incluyen desfiles de moda con materiales reciclables, cuidado del medio ambiente a trav\u00e9s de trabajos en huertos y plantaci\u00f3n de \u00e1rboles, malabarismos, chinchineros y por supuesto juegos con agua, finalizando a las 18:00 horas.<\/p>\n<p>Adem\u00e1s, en las actividades participan los padres y apoderados que quieran interactuar con sus hijos, y cuenten con el tiempo para ello, buscando que el compromiso de la familia este siempre est\u00e9 presente en el desarrollo y crecimiento de los menores, compartiendo tareas tan importantes como son inculcar la alimentaci\u00f3n sana y el respeto por el entorno, entre otros.<\/p>\n<p>Durante la jornada, los ni\u00f1os reciben las tres comidas diarias, es decir desayuno, almuerzo y onces, contando as\u00ed, con todos los elementos necesarios para que los menores de edad disfruten alegremente de sus vacaciones.<\/p>\n<p>Andrea Cerda, Coordinadora de los Jardines infantiles de la Daem, se\u00f1al\u00f3 que \u00abestamos muy contentos por la buena recepci\u00f3n que hemos tenido con la comunidad, ya que sin duda alguna es una buena oportunidad para que los padres puedan aprovechar los trabajos de temporada, dejando en nuestras manos el cuidado de sus hijos, para lo que estaremos desarrollando diferentes actividades durante todas las vacaciones de verano\u00bb.<\/p>\n<p>Adem\u00e1s, la profesional aprovech\u00f3 de invitar a las familias a matricular a sus hijos en los diferentes jardines infantiles municipales de la comuna de San Felipe, se\u00f1alando que a\u00fan quedan cupos disponibles. Adem\u00e1s destac\u00f3 la importancia de aprovechar los beneficios que entrega el hecho de que los ni\u00f1os tengan acceso a temprana edad a la educaci\u00f3n, los que cuentan con establecimientos c\u00f3modos, confiables y con profesionales que brindan una atenci\u00f3n de calidad y mucho cari\u00f1o.<\/p>\n<p>Por su parte, el Director de Educaci\u00f3n Municipal Iv\u00e1n Silva Padilla, resalt\u00f3 la importancia de estas actividades, manifestando que \u00abse busca entregar las mejores alternativas a nuestros apoderados, para que as\u00ed la educaci\u00f3n municipal se integral y participativa todo el a\u00f1o\u00bb. Para m\u00e1s informaci\u00f3n, se encuentra a disposici\u00f3n de la comunidad la p\u00e1gina de internet www.daem.cl donde es posible ubicar m\u00e1s informaci\u00f3n sobre los diferentes establecimientos educacionales de la comuna.<\/p>\n<p>&nbsp;<\/p>\n","protected":false},"excerpt":{"rendered":"<p>Distintas actividades se est\u00e1n desarrollando en los jardines municipalizados de la comuna de San Felipe durante este verano, con la finalidad de entregar atenci\u00f3n continua a ni\u00f1os y ni\u00f1as en este per\u00edodo&#8230;<\/p>\n","protected":false},"author":482,"featured_media":42284,"comment_status":"open","ping_status":"closed","sticky":false,"template":"","format":"standard","meta":{"advanced_seo_description":"","jetpack_seo_html_title":"","jetpack_seo_noindex":false,"_jetpack_memberships_contains_paid_content":false,"footnotes":""},"categories":[1],"tags":[],"class_list":["post-42283","post","type-post","status-publish","format-standard","has-post-thumbnail","hentry","category-cronica"],"jetpack_featured_media_url":"https:\/\/i0.wp.com\/eltrabajo.cl\/portal\/wp-content\/uploads\/2014\/01\/peques1.jpg?fit=529%2C397&ssl=1","jetpack_sharing_enabled":true,"jetpack_likes_enabled":true,"jetpack-related-posts":[],"_links":{"self":[{"href":"https:\/\/eltrabajo.cl\/portal\/wp-json\/wp\/v2\/posts\/42283","targetHints":{"allow":["GET"]}}],"collection":[{"href":"https:\/\/eltrabajo.cl\/portal\/wp-json\/wp\/v2\/posts"}],"about":[{"href":"https:\/\/eltrabajo.cl\/portal\/wp-json\/wp\/v2\/types\/post"}],"author":[{"embeddable":true,"href":"https:\/\/eltrabajo.cl\/portal\/wp-json\/wp\/v2\/users\/482"}],"replies":[{"embeddable":true,"href":"https:\/\/eltrabajo.cl\/portal\/wp-json\/wp\/v2\/comments?post=42283"}],"version-history":[{"count":0,"href":"https:\/\/eltrabajo.cl\/portal\/wp-json\/wp\/v2\/posts\/42283\/revisions"}],"wp:featuredmedia":[{"embeddable":true,"href":"https:\/\/eltrabajo.cl\/portal\/wp-json\/wp\/v2\/media\/42284"}],"wp:attachment":[{"href":"https:\/\/eltrabajo.cl\/portal\/wp-json\/wp\/v2\/media?parent=42283"}],"wp:term":[{"taxonomy":"category","embeddable":true,"href":"https:\/\/eltrabajo.cl\/portal\/wp-json\/wp\/v2\/categories?post=42283"},{"taxonomy":"post_tag","embeddable":true,"href":"https:\/\/eltrabajo.cl\/portal\/wp-json\/wp\/v2\/tags?post=42283"}],"curies":[{"name":"wp","href":"https:\/\/api.w.org\/{rel}","templated":true}]}}