{"id":42286,"date":"2014-01-23T09:20:44","date_gmt":"2014-01-23T12:20:44","guid":{"rendered":"http:\/\/www.eltrabajo.cl\/portal\/?p=42286"},"modified":"2014-01-23T09:20:44","modified_gmt":"2014-01-23T12:20:44","slug":"poste-del-antiguo-tendido-telegrafico-cae-sobre-patio-de-una-casa","status":"publish","type":"post","link":"https:\/\/eltrabajo.cl\/portal\/poste-del-antiguo-tendido-telegrafico-cae-sobre-patio-de-una-casa\/","title":{"rendered":"Poste del antiguo tendido telegr\u00e1fico cae sobre patio de una casa"},"content":{"rendered":"<figure id=\"attachment_42287\" aria-describedby=\"caption-attachment-42287\" style=\"width: 529px\" class=\"wp-caption alignnone\"><a href=\"https:\/\/i0.wp.com\/www.eltrabajo.cl\/portal\/wp-content\/uploads\/2014\/01\/Poste1.jpg\"><img data-recalc-dims=\"1\" loading=\"lazy\" decoding=\"async\" class=\"size-full wp-image-42287\" title=\"\u00bfQU\u00c9 LES PARECE?.- Aunque el hecho se produjo cerca de las 22:00 horas del jueves de la semana pasada y transcurridos varios d\u00edas del hecho, nadie se hace responsable del retiro del pesado madero.\" alt=\"\u00bfQU\u00c9 LES PARECE?.- Aunque el hecho se produjo cerca de las 22:00 horas del jueves de la semana pasada y transcurridos varios d\u00edas del hecho, nadie se hace responsable del retiro del pesado madero.\" src=\"https:\/\/i0.wp.com\/www.eltrabajo.cl\/portal\/wp-content\/uploads\/2014\/01\/Poste1.jpg?resize=529%2C390\" width=\"529\" height=\"390\" srcset=\"https:\/\/i0.wp.com\/eltrabajo.cl\/portal\/wp-content\/uploads\/2014\/01\/Poste1.jpg?w=529&amp;ssl=1 529w, https:\/\/i0.wp.com\/eltrabajo.cl\/portal\/wp-content\/uploads\/2014\/01\/Poste1.jpg?resize=200%2C147&amp;ssl=1 200w, https:\/\/i0.wp.com\/eltrabajo.cl\/portal\/wp-content\/uploads\/2014\/01\/Poste1.jpg?resize=300%2C221&amp;ssl=1 300w, https:\/\/i0.wp.com\/eltrabajo.cl\/portal\/wp-content\/uploads\/2014\/01\/Poste1.jpg?resize=150%2C110&amp;ssl=1 150w, https:\/\/i0.wp.com\/eltrabajo.cl\/portal\/wp-content\/uploads\/2014\/01\/Poste1.jpg?resize=400%2C294&amp;ssl=1 400w\" sizes=\"auto, (max-width: 529px) 100vw, 529px\" \/><\/a><figcaption id=\"caption-attachment-42287\" class=\"wp-caption-text\">\u00bfQU\u00c9 LES PARECE?.- Aunque el hecho se produjo cerca de las 22:00 horas del jueves de la semana pasada y transcurridos varios d\u00edas del hecho, nadie se hace responsable del retiro del pesado madero.<\/figcaption><\/figure>\n<p><strong>LOS ANDES.<\/strong>&#8211; El susto de su vida se llev\u00f3 una familia de la poblaci\u00f3n Altos del Valle en cuya casa que colinda con la l\u00ednea f\u00e9rrea, luego que un antiguo poste telegr\u00e1fico cayera sobre el patio posterior del inmueble destrozando la pandereta. El hecho se produjo cerca de las 22:00 horas del jueves de la semana pasada y transcurridos varios d\u00edas del hecho, nadie se hace responsable del retiro del pesado madero.<\/p>\n<figure id=\"attachment_42288\" aria-describedby=\"caption-attachment-42288\" style=\"width: 423px\" class=\"wp-caption alignright\"><a href=\"https:\/\/i0.wp.com\/www.eltrabajo.cl\/portal\/wp-content\/uploads\/2014\/01\/Poste2.jpg\"><img data-recalc-dims=\"1\" loading=\"lazy\" decoding=\"async\" class=\" wp-image-42288 \" title=\"ESPECTACULAR.- As\u00ed luce la pandereta de la casa de Do\u00f1a Daniela Navarro en el Pasaje Profesor Manuel Gallinato de la poblaci\u00f3n Altos del Valle.\" alt=\"ESPECTACULAR.- As\u00ed luce la pandereta de la casa de Do\u00f1a Daniela Navarro en el Pasaje Profesor Manuel Gallinato de la poblaci\u00f3n Altos del Valle.\" src=\"https:\/\/i0.wp.com\/www.eltrabajo.cl\/portal\/wp-content\/uploads\/2014\/01\/Poste2.jpg?resize=423%2C308\" width=\"423\" height=\"308\" srcset=\"https:\/\/i0.wp.com\/eltrabajo.cl\/portal\/wp-content\/uploads\/2014\/01\/Poste2.jpg?w=529&amp;ssl=1 529w, https:\/\/i0.wp.com\/eltrabajo.cl\/portal\/wp-content\/uploads\/2014\/01\/Poste2.jpg?resize=200%2C145&amp;ssl=1 200w, https:\/\/i0.wp.com\/eltrabajo.cl\/portal\/wp-content\/uploads\/2014\/01\/Poste2.jpg?resize=300%2C218&amp;ssl=1 300w, https:\/\/i0.wp.com\/eltrabajo.cl\/portal\/wp-content\/uploads\/2014\/01\/Poste2.jpg?resize=150%2C109&amp;ssl=1 150w, https:\/\/i0.wp.com\/eltrabajo.cl\/portal\/wp-content\/uploads\/2014\/01\/Poste2.jpg?resize=400%2C291&amp;ssl=1 400w\" sizes=\"auto, (max-width: 423px) 100vw, 423px\" \/><\/a><figcaption id=\"caption-attachment-42288\" class=\"wp-caption-text\">ESPECTACULAR.- As\u00ed luce la pandereta de la casa de Do\u00f1a Daniela Navarro en el Pasaje Profesor Manuel Gallinato de la poblaci\u00f3n Altos del Valle.<\/figcaption><\/figure>\n<p>La due\u00f1a de casa, Daniela Navarro, coment\u00f3 que lleva ocho a\u00f1os arrendando en el inmueble ubicado en el Pasaje Profesor Manuel Gallinato de la mencionada poblaci\u00f3n y nunca le hab\u00eda ocurrido una situaci\u00f3n as\u00ed. Record\u00f3 que ese d\u00eda su hijo antes de cuatro a\u00f1os, le pidi\u00f3 permiso para ba\u00f1arse en la piscina que tiene instalada en la parte trasera de la casa. Cuando el menor estaba a punto de tirarse al agua, sobrevino un feroz estruendo y un poste de madera que perteneci\u00f3 al tel\u00e9grafo y luego a ferrocarriles, se desplom\u00f3 sobre el patio destrozando la pandereta y algunos fierros terminar en medio de la piscina.<\/p>\n<p>La afectada dijo que si su hijo hubiese estado ba\u00f1\u00e1ndose habr\u00eda recibido el golpe del poste en su cuerpo y tal vez habr\u00eda resultado con lesiones graves o incluso muerto. Manifest\u00f3 que hace unos d\u00edas atr\u00e1s otro poste tambi\u00e9n se desplom\u00f3 sobre el patio de otra vivienda, sin embargo acudi\u00f3 personal de la empresa Fepasa a sacarlo.<\/p>\n<p>Sin embargo, en su caso no ocurri\u00f3 as\u00ed y nadie quiere hacerse responsable de sacar el poste de su patio y menos pagar los da\u00f1os ocasionados. Indic\u00f3 que en primera instancia se dirigi\u00f3 a la oficinas de Fepasa en Los Andes, donde el dijeron que el poste no era de ellos y que deb\u00eda llamar a la empresa de Ferrocarriles del Estado (EFE).<\/p>\n<p>Tambi\u00e9n se contact\u00f3 con la empresa de telefon\u00eda Claro, por si eran ellos los propietarios, pero la respuesta fue negativa. As\u00ed se vio obligada a llamar a Ferrocarriles, sin embargo nadie le contesta en el n\u00famero de tel\u00e9fono y ya se va a cumplir una semana sin que nadie haga nada. Como \u00faltimo recurso, se vio obligada a acudir al departamento jur\u00eddico del municipio, donde uno de los abogados se contact\u00f3 con EFE, pero a\u00fan no recibe respuesta.<\/p>\n<p>Daniela Navarro consider\u00f3 inaceptable que nadie se quiera hacer cargo de este problema, existiendo un riesgo latente para las familias cuyos patios colindan con la l\u00ednea f\u00e9rrea. Manifest\u00f3 que el poste se vino abajo en forma sorpresiva e ignora las razones de por qu\u00e9 ocurri\u00f3 esta situaci\u00f3n.<\/p>\n<p>Se cree que la antig\u00fcedad de la base de \u00e9stos, sumados a la vibraciones del incesante paso del tren metalero pudieron incidir en el desplome, pero los vecinos est\u00e1n aterrados que vuelva a ocurrir y pueda lesionar a una persona.<\/p>\n<p>&nbsp;<\/p>\n","protected":false},"excerpt":{"rendered":"<p>LOS ANDES.&#8211; El susto de su vida se llev\u00f3 una familia de la poblaci\u00f3n Altos del Valle en cuya casa que colinda con la l\u00ednea f\u00e9rrea, luego que un antiguo poste telegr\u00e1fico&#8230;<\/p>\n","protected":false},"author":482,"featured_media":42287,"comment_status":"open","ping_status":"closed","sticky":false,"template":"","format":"standard","meta":{"advanced_seo_description":"","jetpack_seo_html_title":"","jetpack_seo_noindex":false,"_jetpack_memberships_contains_paid_content":false,"footnotes":""},"categories":[15],"tags":[],"class_list":["post-42286","post","type-post","status-publish","format-standard","has-post-thumbnail","hentry","category-comunidad"],"jetpack_featured_media_url":"https:\/\/i0.wp.com\/eltrabajo.cl\/portal\/wp-content\/uploads\/2014\/01\/Poste1.jpg?fit=529%2C390&ssl=1","jetpack_sharing_enabled":true,"jetpack_likes_enabled":true,"jetpack-related-posts":[],"_links":{"self":[{"href":"https:\/\/eltrabajo.cl\/portal\/wp-json\/wp\/v2\/posts\/42286","targetHints":{"allow":["GET"]}}],"collection":[{"href":"https:\/\/eltrabajo.cl\/portal\/wp-json\/wp\/v2\/posts"}],"about":[{"href":"https:\/\/eltrabajo.cl\/portal\/wp-json\/wp\/v2\/types\/post"}],"author":[{"embeddable":true,"href":"https:\/\/eltrabajo.cl\/portal\/wp-json\/wp\/v2\/users\/482"}],"replies":[{"embeddable":true,"href":"https:\/\/eltrabajo.cl\/portal\/wp-json\/wp\/v2\/comments?post=42286"}],"version-history":[{"count":0,"href":"https:\/\/eltrabajo.cl\/portal\/wp-json\/wp\/v2\/posts\/42286\/revisions"}],"wp:featuredmedia":[{"embeddable":true,"href":"https:\/\/eltrabajo.cl\/portal\/wp-json\/wp\/v2\/media\/42287"}],"wp:attachment":[{"href":"https:\/\/eltrabajo.cl\/portal\/wp-json\/wp\/v2\/media?parent=42286"}],"wp:term":[{"taxonomy":"category","embeddable":true,"href":"https:\/\/eltrabajo.cl\/portal\/wp-json\/wp\/v2\/categories?post=42286"},{"taxonomy":"post_tag","embeddable":true,"href":"https:\/\/eltrabajo.cl\/portal\/wp-json\/wp\/v2\/tags?post=42286"}],"curies":[{"name":"wp","href":"https:\/\/api.w.org\/{rel}","templated":true}]}}