{"id":42291,"date":"2014-01-23T09:22:36","date_gmt":"2014-01-23T12:22:36","guid":{"rendered":"http:\/\/www.eltrabajo.cl\/portal\/?p=42291"},"modified":"2014-01-23T09:22:36","modified_gmt":"2014-01-23T12:22:36","slug":"vecinos-de-calle-buin-preocupados-por-altas-velocidades-de-vehiculos","status":"publish","type":"post","link":"https:\/\/eltrabajo.cl\/portal\/vecinos-de-calle-buin-preocupados-por-altas-velocidades-de-vehiculos\/","title":{"rendered":"Vecinos de Calle Buin preocupados por altas velocidades de veh\u00edculos"},"content":{"rendered":"<figure id=\"attachment_42292\" aria-describedby=\"caption-attachment-42292\" style=\"width: 528px\" class=\"wp-caption alignnone\"><a href=\"https:\/\/i0.wp.com\/www.eltrabajo.cl\/portal\/wp-content\/uploads\/2014\/01\/Buin1.jpg\"><img data-recalc-dims=\"1\" loading=\"lazy\" decoding=\"async\" class=\"size-full wp-image-42292\" title=\"Vecinos de Calle Buin se quejan por el significativo aumento del tr\u00e1nsito vehicular y las altas velocidades que los veh\u00edculos alcanzan en ese sector.\" alt=\"Vecinos de Calle Buin se quejan por el significativo aumento del tr\u00e1nsito vehicular y las altas velocidades que los veh\u00edculos alcanzan en ese sector.\" src=\"https:\/\/i0.wp.com\/www.eltrabajo.cl\/portal\/wp-content\/uploads\/2014\/01\/Buin1.jpg?resize=528%2C397\" width=\"528\" height=\"397\" srcset=\"https:\/\/i0.wp.com\/eltrabajo.cl\/portal\/wp-content\/uploads\/2014\/01\/Buin1.jpg?w=528&amp;ssl=1 528w, https:\/\/i0.wp.com\/eltrabajo.cl\/portal\/wp-content\/uploads\/2014\/01\/Buin1.jpg?resize=200%2C150&amp;ssl=1 200w, https:\/\/i0.wp.com\/eltrabajo.cl\/portal\/wp-content\/uploads\/2014\/01\/Buin1.jpg?resize=300%2C225&amp;ssl=1 300w, https:\/\/i0.wp.com\/eltrabajo.cl\/portal\/wp-content\/uploads\/2014\/01\/Buin1.jpg?resize=150%2C112&amp;ssl=1 150w, https:\/\/i0.wp.com\/eltrabajo.cl\/portal\/wp-content\/uploads\/2014\/01\/Buin1.jpg?resize=400%2C300&amp;ssl=1 400w\" sizes=\"auto, (max-width: 528px) 100vw, 528px\" \/><\/a><figcaption id=\"caption-attachment-42292\" class=\"wp-caption-text\">Vecinos de Calle Buin se quejan por el significativo aumento del tr\u00e1nsito vehicular y las altas velocidades que los veh\u00edculos alcanzan en ese sector.<\/figcaption><\/figure>\n<p><strong>PUTAENDO<\/strong>.- Su m\u00e1s profunda preocupaci\u00f3n manifestaron vecinos de Calle Buin, por el significativo aumento del tr\u00e1nsito vehicular y las altas velocidades que los veh\u00edculos alcanzan en ese sector.<\/p>\n<figure id=\"attachment_42293\" aria-describedby=\"caption-attachment-42293\" style=\"width: 422px\" class=\"wp-caption alignright\"><a href=\"https:\/\/i0.wp.com\/www.eltrabajo.cl\/portal\/wp-content\/uploads\/2014\/01\/Buin2.jpg\"><img data-recalc-dims=\"1\" loading=\"lazy\" decoding=\"async\" class=\" wp-image-42293 \" title=\"Varios vecinos coincidieron que exactamente los fines de semana hay veh\u00edculos que realizan verdaderas carreras cortas en una calle que tiene varias curvas.\" alt=\"Varios vecinos coincidieron que exactamente los fines de semana hay veh\u00edculos que realizan verdaderas carreras cortas en una calle que tiene varias curvas.\" src=\"https:\/\/i0.wp.com\/www.eltrabajo.cl\/portal\/wp-content\/uploads\/2014\/01\/Buin2.jpg?resize=422%2C318\" width=\"422\" height=\"318\" srcset=\"https:\/\/i0.wp.com\/eltrabajo.cl\/portal\/wp-content\/uploads\/2014\/01\/Buin2.jpg?w=528&amp;ssl=1 528w, https:\/\/i0.wp.com\/eltrabajo.cl\/portal\/wp-content\/uploads\/2014\/01\/Buin2.jpg?resize=200%2C150&amp;ssl=1 200w, https:\/\/i0.wp.com\/eltrabajo.cl\/portal\/wp-content\/uploads\/2014\/01\/Buin2.jpg?resize=300%2C225&amp;ssl=1 300w, https:\/\/i0.wp.com\/eltrabajo.cl\/portal\/wp-content\/uploads\/2014\/01\/Buin2.jpg?resize=150%2C112&amp;ssl=1 150w, https:\/\/i0.wp.com\/eltrabajo.cl\/portal\/wp-content\/uploads\/2014\/01\/Buin2.jpg?resize=400%2C300&amp;ssl=1 400w\" sizes=\"auto, (max-width: 422px) 100vw, 422px\" \/><\/a><figcaption id=\"caption-attachment-42293\" class=\"wp-caption-text\">Varios vecinos coincidieron que exactamente los fines de semana hay veh\u00edculos que realizan verdaderas carreras cortas en una calle que tiene varias curvas.<\/figcaption><\/figure>\n<p>La se\u00f1ora Carmen Espinoza, conocida vecina de Calle Buin y quien por a\u00f1os lider\u00f3 la lucha para que esa calle fuera asfaltada, se\u00f1al\u00f3 que indudablemente hoy con el camino asfaltado ha cambiado la vida para los vecinos del sector, sobre todo para los de la tercera edad y que ya quedaron en el pasado los tierrales del verano y el barro del invierno, pero lamentablemente con este sue\u00f1o hecho realidad han llegado otros problemas muy graves e indic\u00f3 que lamentablemente Calle Buin se ha convertido en una pista de carreras para muchos automovilistas.<\/p>\n<p>En este sentido, la se\u00f1ora Carmen dijo que hoy muchas personas prefieren transitar por Calle Buin y lo demuestra la cantidad de veh\u00edculos que a diario pasan por el lugar en una calle que es muy angosta, no tiene berma y que en la mayor\u00eda de los hogares al abrir la puerta se encuentran inmediatamente con la calle que ya presenta algunos da\u00f1os como hoyos principalmente, producto de las frenadas y arrastres de veh\u00edculos que los viernes y s\u00e1bados en la noche convierten esa peque\u00f1a calle en una pista de carreras.<\/p>\n<p>Varios vecinos coincidieron que exactamente los fines de semana hay veh\u00edculos que realizan verdaderas carreras cortas en una calle que tiene varias curvas, sobre todo al inicio y los vecinos hicieron saber su temor ante la eventualidad que estas acciones terminen con un veh\u00edculo impactando una vivienda o atropellando alg\u00fan vecino del sector, por lo que pidieron en forma urgente mayor fiscalizaci\u00f3n de Carabineros y ojala colocar alg\u00fan tipo de se\u00f1alizaci\u00f3n que restringa la velocidad e indique que es una calle peque\u00f1a y angosta.<\/p>\n<p>Patricio Gallardo M.<\/p>\n<p>&nbsp;<\/p>\n","protected":false},"excerpt":{"rendered":"<p>PUTAENDO.- Su m\u00e1s profunda preocupaci\u00f3n manifestaron vecinos de Calle Buin, por el significativo aumento del tr\u00e1nsito vehicular y las altas velocidades que los veh\u00edculos alcanzan en ese sector. La se\u00f1ora Carmen Espinoza,&#8230;<\/p>\n","protected":false},"author":482,"featured_media":42292,"comment_status":"open","ping_status":"closed","sticky":false,"template":"","format":"standard","meta":{"advanced_seo_description":"","jetpack_seo_html_title":"","jetpack_seo_noindex":false,"_jetpack_memberships_contains_paid_content":false,"footnotes":""},"categories":[15],"tags":[],"class_list":["post-42291","post","type-post","status-publish","format-standard","has-post-thumbnail","hentry","category-comunidad"],"jetpack_featured_media_url":"https:\/\/i0.wp.com\/eltrabajo.cl\/portal\/wp-content\/uploads\/2014\/01\/Buin1.jpg?fit=528%2C397&ssl=1","jetpack_sharing_enabled":true,"jetpack_likes_enabled":true,"jetpack-related-posts":[],"_links":{"self":[{"href":"https:\/\/eltrabajo.cl\/portal\/wp-json\/wp\/v2\/posts\/42291","targetHints":{"allow":["GET"]}}],"collection":[{"href":"https:\/\/eltrabajo.cl\/portal\/wp-json\/wp\/v2\/posts"}],"about":[{"href":"https:\/\/eltrabajo.cl\/portal\/wp-json\/wp\/v2\/types\/post"}],"author":[{"embeddable":true,"href":"https:\/\/eltrabajo.cl\/portal\/wp-json\/wp\/v2\/users\/482"}],"replies":[{"embeddable":true,"href":"https:\/\/eltrabajo.cl\/portal\/wp-json\/wp\/v2\/comments?post=42291"}],"version-history":[{"count":0,"href":"https:\/\/eltrabajo.cl\/portal\/wp-json\/wp\/v2\/posts\/42291\/revisions"}],"wp:featuredmedia":[{"embeddable":true,"href":"https:\/\/eltrabajo.cl\/portal\/wp-json\/wp\/v2\/media\/42292"}],"wp:attachment":[{"href":"https:\/\/eltrabajo.cl\/portal\/wp-json\/wp\/v2\/media?parent=42291"}],"wp:term":[{"taxonomy":"category","embeddable":true,"href":"https:\/\/eltrabajo.cl\/portal\/wp-json\/wp\/v2\/categories?post=42291"},{"taxonomy":"post_tag","embeddable":true,"href":"https:\/\/eltrabajo.cl\/portal\/wp-json\/wp\/v2\/tags?post=42291"}],"curies":[{"name":"wp","href":"https:\/\/api.w.org\/{rel}","templated":true}]}}